{"id":90817,"date":"2025-09-03T19:45:59","date_gmt":"2025-09-03T22:45:59","guid":{"rendered":"https:\/\/vocesparalelas.com.ar\/sitio\/?p=90817"},"modified":"2025-09-03T19:45:59","modified_gmt":"2025-09-03T22:45:59","slug":"se-desarrolla-la-octava-sesion-del-periodo-ordinario-de-la-camara-de-diputados-de-san-juan-2","status":"publish","type":"post","link":"https:\/\/vocesparalelas.com.ar\/sitio\/se-desarrolla-la-octava-sesion-del-periodo-ordinario-de-la-camara-de-diputados-de-san-juan-2\/","title":{"rendered":"Se desarrolla la Octava Sesi\u00f3n del per\u00edodo ordinario de la C\u00e1mara de Diputados de San Juan"},"content":{"rendered":"<p>El Jueves, 4 de Septiembre, a las 9.30 hs, la C\u00e1mara de Diputados de San Juan desarrolla la Octava Sesi\u00f3n del per\u00edodo ordinario. Podes seguir la transmisi\u00f3n en vivo por el canal oficial de YouTube <a href=\"https:\/\/youtube.com\/live\/mmKM9HRq4ns?feature=share\">Link aqu\u00ed<\/a><\/p>\n<p>En la ocasi\u00f3n, el cuerpo Legislativo pondr\u00e1 a consideraci\u00f3n en el recinto lo siguientes asuntos:<\/p>\n<p><span style=\"color: #800080;\"><strong>Imposici\u00f3n de nombre a una escuela de Chimbas<\/strong><\/span><\/p>\n<p>Con despacho favorable de las comisiones de Educaci\u00f3n, Ciencia, T\u00e9cnica y Cultura y, Peticiones y Poderes, los legisladores tratar\u00e1n un proyecto de Ley presentado por el bloque San Juan Te Quiero, que tiene el objeto de imponer el nombre \u201cPeque\u00f1os Tesoros\u201d a la Escuela de Nivel Inicial N\u00b0 61, ubicada en calle Vicente Alvarez S\/N B\u00b0 Mariano Moreno, departamento Chimbas, dependiente del Ministerio de Educaci\u00f3n de la Provincia de San Juan.<\/p>\n<p>Cabe se\u00f1alar que la E.N.I. N\u00b0 61 fue creada por la Resoluci\u00f3n N\u00b0 3400 con fecha 27 de abril del a\u00f1o 2017, mediante la desafectaci\u00f3n de la escuela Rep\u00fablica de Chile, cre\u00e1ndose as\u00ed una unidad educativa independiente. Desde ese entonces la ENI N\u00b061, ha crecido considerablemente, contando actualmente con ocho salitas de 3, 4 y 5 a\u00f1os, con una matr\u00edcula de 137 estudiantes en la actualidad. Por otro lado, la escuela es Categor\u00eda 2, Radio 3, se compone con un director, ocho docentes, y tres profesores de especialidades.<\/p>\n<p>Por este motivo, y con el objeto de lograr una identidad propia, la comunidad educativa aport\u00f3 datos importantes para la determinaci\u00f3n de un nombre a la escuela. As\u00ed, fue que la comunidad educativa representada por padres, estudiantes y docentes, mediante un acto eleccionario, escogieron el nombre\u00a0<strong><em>\u00abPeque\u00f1os tesoros\u00bb.<\/em><\/strong><\/p>\n<p><span style=\"color: #800080;\"><strong>Proyectos de Resoluci\u00f3n<\/strong><\/span><\/p>\n<p>Por otro lado, la C\u00e1mara someter\u00e1 a votaci\u00f3n los siguientes proyectos de Resoluci\u00f3n que proponen declarar de inter\u00e9s:<\/p>\n<ul>\n<li><span style=\"color: #800080;\"><strong>Econ\u00f3mico y social las actividades que se llevan a cabo los d\u00edas mi\u00e9rcoles y s\u00e1bados, desde las 8.30 a 14 horas, en la Feria Agroproductiva de Albard\u00f3n en el Parque Latinoamericano<\/strong>,<\/span> para la promoci\u00f3n y el desarrollo local, organizada la Municipalidad de Albard\u00f3n, provincia de San Juan. (Autor: diputado Pedro Albagli)<\/li>\n<li><span style=\"color: #800080;\"><strong>Social y educativo a las XIII Jornadas Regionales sobre Mosquitos<\/strong>,<\/span> organizado por el Instituto y Museo de Ciencias Naturales, la Facultad de Ciencias Exactas, F\u00edsicas y Naturales de la Universidad Nacional de San Juan y el Ministerio de Salud de la Provincia, a trav\u00e9s del Programa Provincial Control de Enfermedades de Transmisi\u00f3n Vectorial, que se llevar\u00e1 cabo en la Provincia de San Juan los d\u00edas 1, 2 y 3 de octubre del corriente a\u00f1o. (Autora: diputada Fernanda Paredes)<\/li>\n<li><span style=\"color: #800080;\"><strong>Tur\u00edstico y cultural a la Jornada \u00abIdentidad sanjuanina. Un recorrido por la Ruta del Vino, Ruta del Olivo y Caminos del Algarrobo\u00bb<\/strong>,<\/span> que se realizar\u00e1 el 10 de septiembre de 15.30hs a 20.30hs en el Centro Cultural Estaci\u00f3n San Mart\u00edn. (Autor: Interbloque Cambia San Juan)<\/li>\n<li><span style=\"color: #800080;\"><strong>Cient\u00edfico y tecnol\u00f3gico la Expo INNOVA Cuyo<\/strong>,<\/span> en su cuarta edici\u00f3n, a desarrollarse los d\u00edas 1, 2 y 3 de 2025, en un predio ubicado en calle 40 entre calles 18 y 19, del departamento Pocito, San Juan y organizada por el equipo de profesionales constituido por el Ingeniero Agr\u00f3nomo Agust\u00edn Recabarren, el empresario y productor Luis Mart\u00edn, la Dra. Ingeniera Agr\u00f3noma Sof\u00eda Manrique y un equipo de colaboradores. (Autores: diputados Mario Herrero y Graciela Seva)<\/li>\n<li><span style=\"color: #800080;\"><strong>Social, cultural y deportivo al Torneo Aniversario XXIX de la Asociaci\u00f3n Marcial Chaiu-Do-Kwan,<\/strong><\/span>\u00a0a desarrollarse los d\u00edas 13 y 14 de septiembre de 2025 en el Estadio Aldo Cantoni de la provincia de San Juan. (Autores: Interbloque Cambia San Juan)<\/li>\n<li><span style=\"color: #800080;\"><strong>Educativo, cultural al \u00abCertamen ALDANZAR\u2014Concurso Internacional de Danzas\u00bb,<\/strong>\u00a0<\/span>evento cultural a llevarse a cabo los d\u00edas 12, 13, 14, 18, 19, 20 y 21 de septiembre de 2025 en el teatro sarmiento (Autor: Interbloque Cambia San Juan).<\/li>\n<li><span style=\"color: #800080;\"><strong>Social, Cultural y Educativo la participaci\u00f3n del sanjuanino Nazareno Villafa\u00f1e en el COP 30 SIMULATION<\/strong>,<\/span> a celebrarse en Egipto, durante el mes de octubre de 2025. (Autor: Interbloque Cambia San Juan)<\/li>\n<\/ul>\n<p><span style=\"color: #800080;\"><strong>Proyectos que toman estado parlamentario<\/strong><\/span><\/p>\n<p>Asimismo, ingresar\u00e1n a sus respectivas comisiones los siguientes proyectos de Ley del Poder Ejecutivo, que proponen:<\/p>\n<ul>\n<li>Establecer en el \u00e1mbito de la provincia de San Juan la implementaci\u00f3n de la Etiqueta de Eficiencia Energ\u00e9tica de Inmuebles destinados a vivienda, en el marco del Programa Nacional de Etiquetado de Vivienda (PRONEV) (Comisiones: Legislaci\u00f3n y Asuntos Constitucionales\/ Miner\u00eda y Energ\u00eda).<\/li>\n<li>Aprobar el Convenio de Colaboraci\u00f3n suscripto entre el Ministerio de Familia y Desarrollo Humano y la Cooperativa de Trabajo Instituto Secundario Modelo Ltda (Comisiones: Legislaci\u00f3n y Asuntos Constitucionales\/ Desarrollo Humano).<\/li>\n<li>Regular el Servicio P\u00fablico de Transporte de Personas y Bienes (Comisiones: Legislaci\u00f3n y Asuntos Constitucionales\/ Obras y Servicios P\u00fablicos).<\/li>\n<li>Aprobar el Convenio Marco para actividades acad\u00e9micas suscripto entre la Universidad Empresarial Siglo 21 y el Ministerio de Gobierno. (Comisiones: Legislaci\u00f3n y Asuntos Constitucionales\/ Educaci\u00f3n, Ciencia, T\u00e9cnica y Cultura).<\/li>\n<li>Aprobar el Acuerdo de Traspaso y Rescisi\u00f3n en materia de vivienda y suelo urbano, suscripto entre la Secretar\u00eda de Obras P\u00fablicas del Ministerio de Econom\u00eda de la Naci\u00f3n y la Provincia de San Juan (Comisiones: Legislaci\u00f3n y Asuntos Constitucionales\/ Obras y Servicios P\u00fablicos).<\/li>\n<li>Aprobar el convenio suscripto entre la Direcci\u00f3n Nacional de Vialidad y el Ministerio de Infraestructura, Agua y Energ\u00eda de San Juan (Comisiones: Legislaci\u00f3n y Asuntos Constitucionales\/ Obras y Servicios P\u00fablicos).<\/li>\n<li>Aprobar el Convenio suscripto entre la Direcci\u00f3n Nacional de Vialidad y el Ministerio de Infraestructura, Agua y Energ\u00eda de la provincia de San Juan, sobre la obra: Intersecciones varias sobre la ruta nacional N\u00ba 150 con 1\u00ba-Ruta provincial 405, ubicadas en el departamento Iglesia (Comisiones: Legislaci\u00f3n y Asuntos Constitucionales\/ Obras y Servicios P\u00fablicos).<\/li>\n<li>Aprobar el Convenio de colaboraci\u00f3n entre la Direcci\u00f3n Nacional de Vialidad y el Ministerio de Infraestructura, Agua y Energ\u00eda de la provincia de San Juan. (Comisiones: Legislaci\u00f3n y Asuntos Constitucionales\/ Obras y Servicios P\u00fablicos).<\/li>\n<li>Aprobar adenda al Convenio celebrado entre la Direcci\u00f3n Nacional de Vialidad y la Direcci\u00f3n Provincial de Vialidad. (Comisiones: Legislaci\u00f3n y Asuntos Constitucionales\/ Obras y Servicios P\u00fablicos).<\/li>\n<li>Ratificar el Convenio de Colaboraci\u00f3n suscripto entre la Direcci\u00f3n nacional de Vialidad y el Ministerio de Infraestructura, agua y Energ\u00eda de la provincia de San Juan. (Comisiones: Legislaci\u00f3n y Asuntos Constitucionales\/ Obras y Servicios P\u00fablicos).<\/li>\n<\/ul>\n<p>Tambi\u00e9n, la Legislatura tomar\u00e1 conocimiento de dos comunicaciones particulares, una presentada por el abogado Horacio Rodr\u00edguez del Cid por la que manifiesta la organizaci\u00f3n y resoluci\u00f3n de concursos abiertos de antecedentes y oposici\u00f3n para integrar ternas; y la otra, remitida por el delegado General de la Asociaci\u00f3n de Trabajadores de Transporte de Combis, Minibuses, Ch\u00e1rter de Pasajeros y Autos de Alquiler temporario y afines de la Rep\u00fablica Argentina (ATRARA), por la que se presenta objeciones al expediente 1849 del a\u00f1o 2025.<\/p>\n<p>Por otra parte, ingresar\u00e1n los siguientes proyectos de Ley presentados por diputados que proponen:<\/p>\n<ul>\n<li>Instituir un r\u00e9gimen de prevenci\u00f3n y sanci\u00f3n del apedreo de veh\u00edculos en circulaci\u00f3n en la provincia de San Juan (Autor: diputado Emilio Escudero. Comisiones: Legislaci\u00f3n y Asuntos Constitucionales\/Justicia y Seguridad).<\/li>\n<li>Adherir a la Ley Nacional N\u00b027580, Convenio sobre la eliminaci\u00f3n de la Violencia y Acoso en el mundo del trabajo (Autor: diputada Stella Caparr\u00f3s. Comisiones: Control y Seguimiento Legislativo\/ Legislaci\u00f3n y Asuntos Constitucionales\/ Relaciones Interlegislativas e Internacionales).<\/li>\n<li>Instituir el 21 de septiembre de cada a\u00f1o como D\u00eda del Mediador Judicial en la provincia de San Juan. (Autor: diputado Eduardo Cabello. Comisiones: Legislaci\u00f3n y Asuntos Constitucionales\/Justicia y Seguridad).<\/li>\n<li>Regular el desarrollo, uso, gesti\u00f3n y capacitaci\u00f3n para el uso responsable y \u00e9tico de Sistemas de Inteligencia Artificial (IA) en el \u00e1mbito de la Administraci\u00f3n P\u00fablica de la provincia de San Juan. (Autor: diputado Franco Aranda. Comisiones: Legislaci\u00f3n y Asuntos Constitucionales\/Educaci\u00f3n, Ciencia, T\u00e9cnica y Cultura\/ Hacienda y Presupuesto).<\/li>\n<\/ul>\n<p>Adem\u00e1s, tomar\u00e1n estado parlamentario los siguientes proyectos de Resoluci\u00f3n que proponen declarar de inter\u00e9s:<\/p>\n<ul>\n<li>El largometraje documental \u00abSierra\u00bb, dirigido por Juan Francisco Montes y producido por Ciro N\u00e9stor Novelli, filmado en el departamento Valle F\u00e9rtil, por su contribuci\u00f3n a la preservaci\u00f3n de la identidad cultural, la historia oral y el paisaje humano de las sierras sanjuaninas (Autores: diputados Luis Rueda- Federico Rizo- Comisi\u00f3n: Educaci\u00f3n, Ciencia, T\u00e9cnica y Cultura).<\/li>\n<li>\u201cTodos los Sentidos en Le Brunch\u00bb, ubicado en calle 25 de mayo 568 oeste. (Autor: Interbloque Cambia San Juan. Comisi\u00f3n: Educaci\u00f3n, Ciencia, T\u00e9cnica y Cultura).<\/li>\n<\/ul>\n<p>Por \u00faltimo, ingresar\u00e1 a comisiones los siguientes proyectos de Comunicaci\u00f3n que solicitan al Poder Ejecutivo:<\/p>\n<ul>\n<li>Informe sobre la aplicaci\u00f3n de la Ley N\u00b0 1687-S, de abordaje preventivo, tratamiento y protecci\u00f3n social del adulto mayor v\u00edctima de maltrato (Autora: diputada Cristina L\u00f3pez. Comisi\u00f3n: Control y Seguimiento Legislativo).<\/li>\n<li>A trav\u00e9s de la Secretar\u00eda de Estado de Seguridad y Orden P\u00fablico, el total funcionamiento de las c\u00e1maras de seguridad y la incorporaci\u00f3n de nuevas en el Departamento Albard\u00f3n. (Autor: diputado Pedro Albagli. Comisi\u00f3n: Justicia y Seguridad).<\/li>\n<\/ul>\n<figure id=\"attachment_37951\" aria-describedby=\"caption-attachment-37951\" style=\"width: 800px\" class=\"wp-caption alignnone\"><img loading=\"lazy\" decoding=\"async\" class=\"size-full wp-image-37951\" src=\"https:\/\/vocesparalelas.com.ar\/sitio\/wp-content\/uploads\/2021\/05\/CAMARA-EDIFICIO.jpg\" alt=\"\" width=\"800\" height=\"515\" srcset=\"https:\/\/vocesparalelas.com.ar\/sitio\/wp-content\/uploads\/2021\/05\/CAMARA-EDIFICIO.jpg 800w, https:\/\/vocesparalelas.com.ar\/sitio\/wp-content\/uploads\/2021\/05\/CAMARA-EDIFICIO-300x193.jpg 300w, https:\/\/vocesparalelas.com.ar\/sitio\/wp-content\/uploads\/2021\/05\/CAMARA-EDIFICIO-768x494.jpg 768w\" sizes=\"auto, (max-width: 800px) 100vw, 800px\" \/><figcaption id=\"caption-attachment-37951\" class=\"wp-caption-text\">Legislatura Provincial de San Juan, Rep\u00fablica Argentina<\/figcaption><\/figure>\n","protected":false},"excerpt":{"rendered":"<p>El Jueves, 4 de Septiembre, a las 9.30 hs, la C\u00e1mara de Diputados de San Juan desarrolla la Octava Sesi\u00f3n<\/p>\n","protected":false},"author":3,"featured_media":8062,"comment_status":"closed","ping_status":"closed","sticky":false,"template":"","format":"standard","meta":{"_acf_changed":false,"_seopress_robots_primary_cat":"none","_seopress_titles_title":"","_seopress_titles_desc":"","_seopress_robots_index":"","colormag_page_container_layout":"default_layout","colormag_page_sidebar_layout":"default_layout","footnotes":""},"categories":[1],"tags":[],"class_list":["post-90817","post","type-post","status-publish","format-standard","has-post-thumbnail","hentry","category-destacadas"],"acf":[],"_links":{"self":[{"href":"https:\/\/vocesparalelas.com.ar\/sitio\/wp-json\/wp\/v2\/posts\/90817","targetHints":{"allow":["GET"]}}],"collection":[{"href":"https:\/\/vocesparalelas.com.ar\/sitio\/wp-json\/wp\/v2\/posts"}],"about":[{"href":"https:\/\/vocesparalelas.com.ar\/sitio\/wp-json\/wp\/v2\/types\/post"}],"author":[{"embeddable":true,"href":"https:\/\/vocesparalelas.com.ar\/sitio\/wp-json\/wp\/v2\/users\/3"}],"replies":[{"embeddable":true,"href":"https:\/\/vocesparalelas.com.ar\/sitio\/wp-json\/wp\/v2\/comments?post=90817"}],"version-history":[{"count":1,"href":"https:\/\/vocesparalelas.com.ar\/sitio\/wp-json\/wp\/v2\/posts\/90817\/revisions"}],"predecessor-version":[{"id":90820,"href":"https:\/\/vocesparalelas.com.ar\/sitio\/wp-json\/wp\/v2\/posts\/90817\/revisions\/90820"}],"wp:featuredmedia":[{"embeddable":true,"href":"https:\/\/vocesparalelas.com.ar\/sitio\/wp-json\/wp\/v2\/media\/8062"}],"wp:attachment":[{"href":"https:\/\/vocesparalelas.com.ar\/sitio\/wp-json\/wp\/v2\/media?parent=90817"}],"wp:term":[{"taxonomy":"category","embeddable":true,"href":"https:\/\/vocesparalelas.com.ar\/sitio\/wp-json\/wp\/v2\/categories?post=90817"},{"taxonomy":"post_tag","embeddable":true,"href":"https:\/\/vocesparalelas.com.ar\/sitio\/wp-json\/wp\/v2\/tags?post=90817"}],"curies":[{"name":"wp","href":"https:\/\/api.w.org\/{rel}","templated":true}]}}