{"id":90785,"date":"2025-09-02T20:05:11","date_gmt":"2025-09-02T23:05:11","guid":{"rendered":"https:\/\/vocesparalelas.com.ar\/sitio\/?p=90785"},"modified":"2025-09-02T23:05:28","modified_gmt":"2025-09-03T02:05:28","slug":"capacitacion-para-usuarios-de-la-red-de-estaciones-meteorologicas-pgich-unsj","status":"publish","type":"post","link":"https:\/\/vocesparalelas.com.ar\/sitio\/capacitacion-para-usuarios-de-la-red-de-estaciones-meteorologicas-pgich-unsj\/","title":{"rendered":"Capacitaci\u00f3n para usuarios de la Red de Estaciones Meteorol\u00f3gicas PGICH-UNSJ"},"content":{"rendered":"<p>El Programa \u00abGesti\u00f3n Integral de Cuencas Hidrogr\u00e1ficas, Ingenier\u00eda Hidr\u00e1ulica y Ambiental\u00bb &#8211; PGICH-UNSJ -, fundado en la Facultad de Ingenier\u00eda de la Universidad Nacional de San Juan invita al webinar de capacitaci\u00f3n.<\/p>\n<p>El objetivo es poder brindar las herramientas y el conocimiento necesario para aprovechar al m\u00e1ximo esta valiosa fuente de informaci\u00f3n.<\/p>\n<p><strong><span style=\"color: #ff6600;\">Para participar, por favor necesitamos los siguientes datos<\/span><\/strong><\/p>\n<ul>\n<li>Nombre completo<\/li>\n<li>Instituci\u00f3n<\/li>\n<li>Correo electr\u00f3nico<\/li>\n<li>Numero de celular (para agregarlos al grupo de WhatsApp)<\/li>\n<\/ul>\n<p><span style=\"color: #ff6600;\"><strong>Enviar a<\/strong><\/span><\/p>\n<p><a href=\"pgich2.fi.unsj@gmail.com\">pgich2.fi.unsj@gmail.com<\/a><br \/>\no al WhatsApp 2644864991<\/p>\n<p>Link de acceso sala virtual<\/p>\n<p><a href=\"https:\/\/conferencias.unsj.edu.ar\/b\/osc-ynq-xtb-h3f\">https:\/\/conferencias.unsj.edu.ar\/b\/osc-ynq-xtb-h3f<\/a><\/p>\n<p>&nbsp;<\/p>\n<p><img loading=\"lazy\" decoding=\"async\" class=\"alignnone size-full wp-image-27222\" src=\"https:\/\/vocesparalelas.com.ar\/sitio\/wp-content\/uploads\/2020\/03\/FI-UNSJ-FRENTE-ACTUAL.jpg\" alt=\"\" width=\"800\" height=\"600\" srcset=\"https:\/\/vocesparalelas.com.ar\/sitio\/wp-content\/uploads\/2020\/03\/FI-UNSJ-FRENTE-ACTUAL.jpg 800w, https:\/\/vocesparalelas.com.ar\/sitio\/wp-content\/uploads\/2020\/03\/FI-UNSJ-FRENTE-ACTUAL-300x225.jpg 300w, https:\/\/vocesparalelas.com.ar\/sitio\/wp-content\/uploads\/2020\/03\/FI-UNSJ-FRENTE-ACTUAL-768x576.jpg 768w\" sizes=\"auto, (max-width: 800px) 100vw, 800px\" \/><\/p>\n","protected":false},"excerpt":{"rendered":"<p>El Programa \u00abGesti\u00f3n Integral de Cuencas Hidrogr\u00e1ficas, Ingenier\u00eda Hidr\u00e1ulica y Ambiental\u00bb &#8211; PGICH-UNSJ -, fundado en la Facultad de Ingenier\u00eda<\/p>\n","protected":false},"author":3,"featured_media":90788,"comment_status":"closed","ping_status":"closed","sticky":false,"template":"","format":"standard","meta":{"_acf_changed":false,"_seopress_robots_primary_cat":"none","_seopress_titles_title":"","_seopress_titles_desc":"","_seopress_robots_index":"","colormag_page_container_layout":"default_layout","colormag_page_sidebar_layout":"default_layout","footnotes":""},"categories":[1],"tags":[],"class_list":["post-90785","post","type-post","status-publish","format-standard","has-post-thumbnail","hentry","category-destacadas"],"acf":[],"_links":{"self":[{"href":"https:\/\/vocesparalelas.com.ar\/sitio\/wp-json\/wp\/v2\/posts\/90785","targetHints":{"allow":["GET"]}}],"collection":[{"href":"https:\/\/vocesparalelas.com.ar\/sitio\/wp-json\/wp\/v2\/posts"}],"about":[{"href":"https:\/\/vocesparalelas.com.ar\/sitio\/wp-json\/wp\/v2\/types\/post"}],"author":[{"embeddable":true,"href":"https:\/\/vocesparalelas.com.ar\/sitio\/wp-json\/wp\/v2\/users\/3"}],"replies":[{"embeddable":true,"href":"https:\/\/vocesparalelas.com.ar\/sitio\/wp-json\/wp\/v2\/comments?post=90785"}],"version-history":[{"count":1,"href":"https:\/\/vocesparalelas.com.ar\/sitio\/wp-json\/wp\/v2\/posts\/90785\/revisions"}],"predecessor-version":[{"id":90789,"href":"https:\/\/vocesparalelas.com.ar\/sitio\/wp-json\/wp\/v2\/posts\/90785\/revisions\/90789"}],"wp:featuredmedia":[{"embeddable":true,"href":"https:\/\/vocesparalelas.com.ar\/sitio\/wp-json\/wp\/v2\/media\/90788"}],"wp:attachment":[{"href":"https:\/\/vocesparalelas.com.ar\/sitio\/wp-json\/wp\/v2\/media?parent=90785"}],"wp:term":[{"taxonomy":"category","embeddable":true,"href":"https:\/\/vocesparalelas.com.ar\/sitio\/wp-json\/wp\/v2\/categories?post=90785"},{"taxonomy":"post_tag","embeddable":true,"href":"https:\/\/vocesparalelas.com.ar\/sitio\/wp-json\/wp\/v2\/tags?post=90785"}],"curies":[{"name":"wp","href":"https:\/\/api.w.org\/{rel}","templated":true}]}}