{"id":90778,"date":"2025-09-02T22:36:08","date_gmt":"2025-09-03T01:36:08","guid":{"rendered":"https:\/\/vocesparalelas.com.ar\/sitio\/?p=90778"},"modified":"2025-09-03T23:05:14","modified_gmt":"2025-09-04T02:05:14","slug":"a-86-anos-la-fi-de-la-unsj-se-fortalece-en-lo-academico-y-al-servicio-de-la-comunidad-de-san-juan","status":"publish","type":"post","link":"https:\/\/vocesparalelas.com.ar\/sitio\/a-86-anos-la-fi-de-la-unsj-se-fortalece-en-lo-academico-y-al-servicio-de-la-comunidad-de-san-juan\/","title":{"rendered":"A 86 A\u00f1os la FI de la UNSJ se fortalece en lo acad\u00e9mico y al servicio de la comunidad de San Juan"},"content":{"rendered":"<p>La Facultad de Ingenier\u00eda de la Universidad Nacional de San Juan celebr\u00f3 86 A\u00f1os de vida con una historia compartida. Una historia que comenz\u00f3 a escribirse el 21 de mayo de 1862, durante la gobernaci\u00f3n de Domingo Faustino Sarmiento, cuando se cre\u00f3 el Colegio Preparatorio para estudios superiores.<\/p>\n<p>Casi un siglo m\u00e1s tarde, el 21 de marzo de 1939, se fund\u00f3 la Universidad Nacional de Cuyo con unidades distribuidas en tres provincias. El 16 de agosto de ese mismo a\u00f1o, iniciaron los cursos de la Escuela de Ingenier\u00eda de Ingenier\u00eda en San Juan. Su primer Director fue el Ing. Rogelio Boero.<\/p>\n<p>Posteriormente, el 29 de noviembre de 1945, la Asamblea Universitaria transform\u00f3 a todas las Escuelas en Facultades.<\/p>\n<p>El 10 de mayo de 1973, por Ley 20.367, se cre\u00f3 la Universidad Nacional de San Juan, integrada por la Facultad de Ingenier\u00eda y Ciencias Exactas, F\u00edsicas y Naturales, la Universidad Provincial Domingo Faustino Sarmiento y el Instituto Nacional del Profesorado.<\/p>\n<p>En este contexto, Voces Paralelas desarroll\u00f3 una entrevista period\u00edstica a la Decana de la FI de la UNSJ, Dra. Andrea D\u00edaz describi\u00f3 los avances de formaci\u00f3n acad\u00e9mica y la importancia de de continuar el legado de aquellos visionarios.<\/p>\n<p><iframe loading=\"lazy\" title=\"FI UNSJ DECANA DRA. ANDREA D\u00cdAZ \" width=\"800\" height=\"450\" src=\"https:\/\/www.youtube.com\/embed\/42NBe8PRp7c?feature=oembed\" frameborder=\"0\" allow=\"accelerometer; autoplay; clipboard-write; encrypted-media; gyroscope; picture-in-picture; web-share\" referrerpolicy=\"strict-origin-when-cross-origin\" allowfullscreen><\/iframe><\/p>\n<p>&nbsp;<\/p>\n<p>&nbsp;<\/p>\n<p><img loading=\"lazy\" decoding=\"async\" class=\"alignnone size-full wp-image-27222\" src=\"https:\/\/vocesparalelas.com.ar\/sitio\/wp-content\/uploads\/2020\/03\/FI-UNSJ-FRENTE-ACTUAL.jpg\" alt=\"\" width=\"800\" height=\"600\" srcset=\"https:\/\/vocesparalelas.com.ar\/sitio\/wp-content\/uploads\/2020\/03\/FI-UNSJ-FRENTE-ACTUAL.jpg 800w, https:\/\/vocesparalelas.com.ar\/sitio\/wp-content\/uploads\/2020\/03\/FI-UNSJ-FRENTE-ACTUAL-300x225.jpg 300w, https:\/\/vocesparalelas.com.ar\/sitio\/wp-content\/uploads\/2020\/03\/FI-UNSJ-FRENTE-ACTUAL-768x576.jpg 768w\" sizes=\"auto, (max-width: 800px) 100vw, 800px\" \/><\/p>\n","protected":false},"excerpt":{"rendered":"<p>La Facultad de Ingenier\u00eda de la Universidad Nacional de San Juan celebr\u00f3 86 A\u00f1os de vida con una historia compartida.<\/p>\n","protected":false},"author":3,"featured_media":90781,"comment_status":"closed","ping_status":"closed","sticky":false,"template":"","format":"standard","meta":{"_acf_changed":false,"_seopress_robots_primary_cat":"none","_seopress_titles_title":"","_seopress_titles_desc":"","_seopress_robots_index":"","colormag_page_container_layout":"default_layout","colormag_page_sidebar_layout":"default_layout","footnotes":""},"categories":[10,7],"tags":[],"class_list":["post-90778","post","type-post","status-publish","format-standard","has-post-thumbnail","hentry","category-opiniones","category-videos"],"acf":[],"_links":{"self":[{"href":"https:\/\/vocesparalelas.com.ar\/sitio\/wp-json\/wp\/v2\/posts\/90778","targetHints":{"allow":["GET"]}}],"collection":[{"href":"https:\/\/vocesparalelas.com.ar\/sitio\/wp-json\/wp\/v2\/posts"}],"about":[{"href":"https:\/\/vocesparalelas.com.ar\/sitio\/wp-json\/wp\/v2\/types\/post"}],"author":[{"embeddable":true,"href":"https:\/\/vocesparalelas.com.ar\/sitio\/wp-json\/wp\/v2\/users\/3"}],"replies":[{"embeddable":true,"href":"https:\/\/vocesparalelas.com.ar\/sitio\/wp-json\/wp\/v2\/comments?post=90778"}],"version-history":[{"count":2,"href":"https:\/\/vocesparalelas.com.ar\/sitio\/wp-json\/wp\/v2\/posts\/90778\/revisions"}],"predecessor-version":[{"id":90784,"href":"https:\/\/vocesparalelas.com.ar\/sitio\/wp-json\/wp\/v2\/posts\/90778\/revisions\/90784"}],"wp:featuredmedia":[{"embeddable":true,"href":"https:\/\/vocesparalelas.com.ar\/sitio\/wp-json\/wp\/v2\/media\/90781"}],"wp:attachment":[{"href":"https:\/\/vocesparalelas.com.ar\/sitio\/wp-json\/wp\/v2\/media?parent=90778"}],"wp:term":[{"taxonomy":"category","embeddable":true,"href":"https:\/\/vocesparalelas.com.ar\/sitio\/wp-json\/wp\/v2\/categories?post=90778"},{"taxonomy":"post_tag","embeddable":true,"href":"https:\/\/vocesparalelas.com.ar\/sitio\/wp-json\/wp\/v2\/tags?post=90778"}],"curies":[{"name":"wp","href":"https:\/\/api.w.org\/{rel}","templated":true}]}}