{"id":90760,"date":"2025-09-02T20:24:09","date_gmt":"2025-09-02T23:24:09","guid":{"rendered":"https:\/\/vocesparalelas.com.ar\/sitio\/?p=90760"},"modified":"2025-09-02T20:24:09","modified_gmt":"2025-09-02T23:24:09","slug":"formacion-profesional-en-especialidades-en-el-hospital-dr-marcial-quiroga-en-san-juan","status":"publish","type":"post","link":"https:\/\/vocesparalelas.com.ar\/sitio\/formacion-profesional-en-especialidades-en-el-hospital-dr-marcial-quiroga-en-san-juan\/","title":{"rendered":"Formaci\u00f3n profesional en especialidades en el Hospital Dr. Marcial Quiroga en San Juan"},"content":{"rendered":"<p>El Hospital Dr. Marcial Quiroga celebr\u00f3 el egres\u00f3 de la Promoci\u00f3n 2025 de su residencia, conformada por 20 profesionales de la salud que se desempe\u00f1aron en los Servicios de Cl\u00ednica M\u00e9dica, Psiquiatr\u00eda, Cardiolog\u00eda, Cirug\u00eda General, Psicolog\u00eda y Trabajo Social.<\/p>\n<p>La ceremonia, organizada por el Comit\u00e9 de Docencia e Investigaci\u00f3n, reuni\u00f3 a residentes, jefes de servicio, tutores, familiares y autoridades hospitalarias en un acto cargado de emoci\u00f3n y reconocimiento. Durante la jornada se destac\u00f3 la importancia de la formaci\u00f3n de recursos humanos especializados dentro del sistema p\u00fablico de salud, subrayando la vocaci\u00f3n, el esfuerzo y la entrega de quienes culminaron este ciclo de preparaci\u00f3n profesional.<\/p>\n<p>El director del Hospital Dr. Marcial Quiroga, Dr. Juan Manuel Campayo, junto a miembros del Comit\u00e9 de Docencia, remarc\u00f3 que las residencias m\u00e9dicas y de salud constituyen un espacio de aprendizaje y pr\u00e1ctica fundamental, que combina el acompa\u00f1amiento de tutores experimentados con la dedicaci\u00f3n de los j\u00f3venes profesionales. En ese sentido, se valor\u00f3 especialmente a los nuevos egresados, que atravesaron a\u00f1os de desaf\u00edos sanitarios y sociales, dejando una huella de compromiso con los pacientes y la instituci\u00f3n.<\/p>\n<p>Tras cuatro a\u00f1os de formaci\u00f3n intensiva y cinco en el caso de quienes se desempe\u00f1aron como jefes de residencia, los egresados recibieron sus diplomas de mano de los profesionales coordinadores que los guiaron durante su residencia:<\/p>\n<ul>\n<li>Psic\u00f3loga Raquel Bertona, Psicolog\u00eda<\/li>\n<li>Dra. Ana Balmaceda, Psiquiatr\u00eda<\/li>\n<li>Lic. Carina S\u00e1nchez, Trabajo Social<\/li>\n<li>Dr. Mario Montenegro, Cardiolog\u00eda<\/li>\n<li>Dr. Federico Victoria, Cirug\u00eda General<\/li>\n<li>Dr. Jos\u00e9 Luis Massa, Cl\u00ednica M\u00e9dica<\/li>\n<li>Dra. Celeste Tejada, Cl\u00ednica M\u00e9dica<\/li>\n<\/ul>\n<p><span style=\"color: #ff6600;\"><strong>Los profesionales que concluyeron su residencia<\/strong><\/span><\/p>\n<ul>\n<li>Dr. Mat\u00edas Gonz\u00e1lez, Cl\u00ednica M\u00e9dica<\/li>\n<li>Dra. Giuliana Verni, Cl\u00ednica M\u00e9dica<\/li>\n<li>Dr. Maximiliano Moreno, Cl\u00ednica M\u00e9dica<\/li>\n<li>Dra. Cynthia Padilla, Cl\u00ednica M\u00e9dica<\/li>\n<li>Dr. Alen Torres, Cl\u00ednica M\u00e9dica<\/li>\n<li>Dr. Jorge Escobar, Cl\u00ednica M\u00e9dica<\/li>\n<li>Dr. Juan Pablo D\u00edaz, Cl\u00ednica M\u00e9dica<\/li>\n<li>Dra. Melina Ibarra, Cl\u00ednica M\u00e9dica<\/li>\n<li>Dra. Paula Ginestar, Psiquiatr\u00eda<\/li>\n<li>Dra. Bel\u00e9n Ticle, Cardiolog\u00eda<\/li>\n<li>Dra. Daniela Zeballos, Cardiolog\u00eda<\/li>\n<li>Dr. Mat\u00edas Villalobos, Cirug\u00eda General<\/li>\n<li>Dra. Mariana Daniel, Cirug\u00eda General<\/li>\n<li>Psic\u00f3loga Luciana Lozada, Psicolog\u00eda<\/li>\n<li>Juan Pablo Villena, Psicolog\u00eda<\/li>\n<li>Lic. Fernanda De los R\u00edos, Trabajo Social<\/li>\n<li>Lic. Micaela Arias, Trabajo Social<\/li>\n<\/ul>\n<p><span style=\"color: #ff0000;\"><strong>Jefes de residencia salientes<\/strong><\/span><\/p>\n<ul>\n<li>Dra. Sabrina Do\u00f1a, Cl\u00ednica M\u00e9dica<\/li>\n<li>Psic\u00f3loga Mar\u00eda Sol Machado, Psicolog\u00eda<\/li>\n<li>Lic. Abigail Gutman, Trabajo Social<\/li>\n<\/ul>\n<p>El acto cerr\u00f3 con palabras de los licencias egresados Luciana Lozada y Juan Pablo Villena. Sumado al agradecimiento hacia los residentes por parte del tutor, Jos\u00e9 Luis Massa y el director ejecutivo, Juan Manuel Campayo, quienes resaltaron el compromiso demostrado con cada paciente y con la misi\u00f3n del hospital. Tambi\u00e9n se destac\u00f3 la importancia de continuar fortaleciendo la docencia y la investigaci\u00f3n como pilares de crecimiento institucional.<\/p>\n<p>De esta manera, el Hospital Marcial Quiroga reafirma su rol como centro formador de profesionales capacitados, que no solo adquieren conocimientos t\u00e9cnicos, sino tambi\u00e9n la sensibilidad humana indispensable para el ejercicio de la medicina y de todas las disciplinas de la salud.<\/p>\n<p><img loading=\"lazy\" decoding=\"async\" class=\"alignnone size-full wp-image-50515\" src=\"https:\/\/vocesparalelas.com.ar\/sitio\/wp-content\/uploads\/2022\/07\/HMQ-FRENTE.jpg\" alt=\"\" width=\"800\" height=\"600\" srcset=\"https:\/\/vocesparalelas.com.ar\/sitio\/wp-content\/uploads\/2022\/07\/HMQ-FRENTE.jpg 800w, https:\/\/vocesparalelas.com.ar\/sitio\/wp-content\/uploads\/2022\/07\/HMQ-FRENTE-300x225.jpg 300w, https:\/\/vocesparalelas.com.ar\/sitio\/wp-content\/uploads\/2022\/07\/HMQ-FRENTE-768x576.jpg 768w\" sizes=\"auto, (max-width: 800px) 100vw, 800px\" \/><\/p>\n","protected":false},"excerpt":{"rendered":"<p>El Hospital Dr. Marcial Quiroga celebr\u00f3 el egres\u00f3 de la Promoci\u00f3n 2025 de su residencia, conformada por 20 profesionales de<\/p>\n","protected":false},"author":3,"featured_media":90763,"comment_status":"closed","ping_status":"closed","sticky":false,"template":"","format":"standard","meta":{"_acf_changed":false,"_seopress_robots_primary_cat":"none","_seopress_titles_title":"","_seopress_titles_desc":"","_seopress_robots_index":"","colormag_page_container_layout":"default_layout","colormag_page_sidebar_layout":"default_layout","footnotes":""},"categories":[1],"tags":[],"class_list":["post-90760","post","type-post","status-publish","format-standard","has-post-thumbnail","hentry","category-destacadas"],"acf":[],"_links":{"self":[{"href":"https:\/\/vocesparalelas.com.ar\/sitio\/wp-json\/wp\/v2\/posts\/90760","targetHints":{"allow":["GET"]}}],"collection":[{"href":"https:\/\/vocesparalelas.com.ar\/sitio\/wp-json\/wp\/v2\/posts"}],"about":[{"href":"https:\/\/vocesparalelas.com.ar\/sitio\/wp-json\/wp\/v2\/types\/post"}],"author":[{"embeddable":true,"href":"https:\/\/vocesparalelas.com.ar\/sitio\/wp-json\/wp\/v2\/users\/3"}],"replies":[{"embeddable":true,"href":"https:\/\/vocesparalelas.com.ar\/sitio\/wp-json\/wp\/v2\/comments?post=90760"}],"version-history":[{"count":1,"href":"https:\/\/vocesparalelas.com.ar\/sitio\/wp-json\/wp\/v2\/posts\/90760\/revisions"}],"predecessor-version":[{"id":90764,"href":"https:\/\/vocesparalelas.com.ar\/sitio\/wp-json\/wp\/v2\/posts\/90760\/revisions\/90764"}],"wp:featuredmedia":[{"embeddable":true,"href":"https:\/\/vocesparalelas.com.ar\/sitio\/wp-json\/wp\/v2\/media\/90763"}],"wp:attachment":[{"href":"https:\/\/vocesparalelas.com.ar\/sitio\/wp-json\/wp\/v2\/media?parent=90760"}],"wp:term":[{"taxonomy":"category","embeddable":true,"href":"https:\/\/vocesparalelas.com.ar\/sitio\/wp-json\/wp\/v2\/categories?post=90760"},{"taxonomy":"post_tag","embeddable":true,"href":"https:\/\/vocesparalelas.com.ar\/sitio\/wp-json\/wp\/v2\/tags?post=90760"}],"curies":[{"name":"wp","href":"https:\/\/api.w.org\/{rel}","templated":true}]}}