{"id":90756,"date":"2025-09-02T20:07:24","date_gmt":"2025-09-02T23:07:24","guid":{"rendered":"https:\/\/vocesparalelas.com.ar\/sitio\/?p=90756"},"modified":"2025-09-03T22:20:44","modified_gmt":"2025-09-04T01:20:44","slug":"se-amplia-el-horario-de-recepcion-de-las-cartas-medicas-en-la-direccion-de-reconocimientos-medicos-de-san-juan","status":"publish","type":"post","link":"https:\/\/vocesparalelas.com.ar\/sitio\/se-amplia-el-horario-de-recepcion-de-las-cartas-medicas-en-la-direccion-de-reconocimientos-medicos-de-san-juan\/","title":{"rendered":"Se amplia el horario de recepci\u00f3n de las cartas m\u00e9dicas en la Direcci\u00f3n de Reconocimientos M\u00e9dicos de San Juan"},"content":{"rendered":"<p>El Ministerio de Salud del Gobierno de San Juan a trav\u00e9s de la Direcci\u00f3n de Control y Reconocimientos M\u00e9dicos informa a los agentes de la administraci\u00f3n p\u00fablica, que con el objetivo de brindar un mejor servicio y facilitar la recepci\u00f3n de las cartas m\u00e9dicas, se extiende el horario de atenci\u00f3n presencial de Lunes a Viernes, de 7:30 a 13:30 hs.<\/p>\n<p>Adem\u00e1s, en este plan de mejoras en la calidad de atenci\u00f3n, los S\u00e1bados, Domingos y Feriados, se auditan cartas m\u00e9dicas de manera online, as\u00ed los certificados m\u00e9dicos s\u00f3lo tienen validez de 24 horas desde la fecha de emisi\u00f3n prescripta por el profesional actuante, suministrando as\u00ed, mejores v\u00edas de comunicaci\u00f3n y presentaci\u00f3n de certificados m\u00e9dicos.<\/p>\n<p>Por otra parte, se aclara que los controles domiciliarios, se realizan los 7 d\u00edas de la semana incluyendo d\u00edas feriados nacionales y provinciales.<\/p>\n<p><img loading=\"lazy\" decoding=\"async\" class=\"alignnone size-full wp-image-65642\" src=\"https:\/\/vocesparalelas.com.ar\/sitio\/wp-content\/uploads\/2023\/11\/GOBIERNO-SAN-JUAN.jpg\" alt=\"\" width=\"800\" height=\"600\" srcset=\"https:\/\/vocesparalelas.com.ar\/sitio\/wp-content\/uploads\/2023\/11\/GOBIERNO-SAN-JUAN.jpg 800w, https:\/\/vocesparalelas.com.ar\/sitio\/wp-content\/uploads\/2023\/11\/GOBIERNO-SAN-JUAN-300x225.jpg 300w, https:\/\/vocesparalelas.com.ar\/sitio\/wp-content\/uploads\/2023\/11\/GOBIERNO-SAN-JUAN-768x576.jpg 768w\" sizes=\"auto, (max-width: 800px) 100vw, 800px\" \/><\/p>\n","protected":false},"excerpt":{"rendered":"<p>El Ministerio de Salud del Gobierno de San Juan a trav\u00e9s de la Direcci\u00f3n de Control y Reconocimientos M\u00e9dicos informa<\/p>\n","protected":false},"author":3,"featured_media":27237,"comment_status":"closed","ping_status":"closed","sticky":false,"template":"","format":"standard","meta":{"_acf_changed":false,"_seopress_robots_primary_cat":"none","_seopress_titles_title":"","_seopress_titles_desc":"","_seopress_robots_index":"","colormag_page_container_layout":"default_layout","colormag_page_sidebar_layout":"default_layout","footnotes":""},"categories":[5],"tags":[],"class_list":["post-90756","post","type-post","status-publish","format-standard","has-post-thumbnail","hentry","category-ofrecimientos"],"acf":[],"_links":{"self":[{"href":"https:\/\/vocesparalelas.com.ar\/sitio\/wp-json\/wp\/v2\/posts\/90756","targetHints":{"allow":["GET"]}}],"collection":[{"href":"https:\/\/vocesparalelas.com.ar\/sitio\/wp-json\/wp\/v2\/posts"}],"about":[{"href":"https:\/\/vocesparalelas.com.ar\/sitio\/wp-json\/wp\/v2\/types\/post"}],"author":[{"embeddable":true,"href":"https:\/\/vocesparalelas.com.ar\/sitio\/wp-json\/wp\/v2\/users\/3"}],"replies":[{"embeddable":true,"href":"https:\/\/vocesparalelas.com.ar\/sitio\/wp-json\/wp\/v2\/comments?post=90756"}],"version-history":[{"count":1,"href":"https:\/\/vocesparalelas.com.ar\/sitio\/wp-json\/wp\/v2\/posts\/90756\/revisions"}],"predecessor-version":[{"id":90759,"href":"https:\/\/vocesparalelas.com.ar\/sitio\/wp-json\/wp\/v2\/posts\/90756\/revisions\/90759"}],"wp:featuredmedia":[{"embeddable":true,"href":"https:\/\/vocesparalelas.com.ar\/sitio\/wp-json\/wp\/v2\/media\/27237"}],"wp:attachment":[{"href":"https:\/\/vocesparalelas.com.ar\/sitio\/wp-json\/wp\/v2\/media?parent=90756"}],"wp:term":[{"taxonomy":"category","embeddable":true,"href":"https:\/\/vocesparalelas.com.ar\/sitio\/wp-json\/wp\/v2\/categories?post=90756"},{"taxonomy":"post_tag","embeddable":true,"href":"https:\/\/vocesparalelas.com.ar\/sitio\/wp-json\/wp\/v2\/tags?post=90756"}],"curies":[{"name":"wp","href":"https:\/\/api.w.org\/{rel}","templated":true}]}}