{"id":90735,"date":"2025-09-02T19:27:55","date_gmt":"2025-09-02T22:27:55","guid":{"rendered":"https:\/\/vocesparalelas.com.ar\/sitio\/?p=90735"},"modified":"2025-09-03T22:21:52","modified_gmt":"2025-09-04T01:21:52","slug":"se-fortalecen-las-capacitaciones-ia-en-educacion-en-san-juan","status":"publish","type":"post","link":"https:\/\/vocesparalelas.com.ar\/sitio\/se-fortalecen-las-capacitaciones-ia-en-educacion-en-san-juan\/","title":{"rendered":"Se fortalecen las capacitaciones \u00abIA en Educaci\u00f3n\u00bb en San Juan"},"content":{"rendered":"<p>El Ministerio de Educaci\u00f3n del Gobierno de San Juan avanza con su innovadora l\u00ednea de formaci\u00f3n docente continua integrando la inteligencia artificial en las pr\u00e1cticas de ense\u00f1anza, la cual forma parte del Plan Provincial de Alfabetizaci\u00f3n Comprendo y Aprendo. Tras el lanzamiento de esta formaci\u00f3n a fines de Julio, que reuni\u00f3 a m\u00e1s de 2.000 docentes de Nivel Primario, ahora se sumaron 1.200 maestros y profesores de distintos niveles en dos nuevas jornadas.<\/p>\n<p>La ministra de Educaci\u00f3n, Lic. Silvia Fuentes remarc\u00f3 que \u00abqueremos que la inteligencia artificial sea una herramienta pedag\u00f3gica que ayude a los docentes a crear materiales, innovar en sus clases y trabajar junto a los estudiantes en proyectos significativos. La IA no reemplaza al maestro, lo potencia\u201d.<\/p>\n<p>Los \u00faltimos dos encuentros se realizaron en el Centro de Convenciones de San Juan. Durante la ma\u00f1ana participaron m\u00e1s de 600 docentes de Nivel Inicial, Primaria, Educaci\u00f3n Especial y Materias Especiales de gestiones estatal y privada. Por la tarde, fue el turno de m\u00e1s de 600 profesores de Secundaria Orientada, Educaci\u00f3n T\u00e9cnica y Superior, tambi\u00e9n de ambas gestiones.<\/p>\n<p>La semana pasada, en tanto, esta formaci\u00f3n hab\u00eda convocado a equipos supervisores y directores de \u00e1rea. De este modo, el programa se va extendiendo a toda la estructura del sistema educativo provincial.<\/p>\n<p>El curso se denomina \u00ab\u00a1AI est\u00e1 la cuesti\u00f3n! Una clase del futuro\u00bb y la disertante es la Mg. Emilse Carmona, quien es investigadora del Instituto de Investigaciones en Ciencias de la Educaci\u00f3n \u2013 IDICE \u2013 de la Facultad de Filosof\u00eda, Humanidades y Arte de la Universidad Nacional de San Juan.<\/p>\n<p><img loading=\"lazy\" decoding=\"async\" class=\"alignnone size-full wp-image-90738\" src=\"https:\/\/vocesparalelas.com.ar\/sitio\/wp-content\/uploads\/2025\/09\/EDUCACION-IA-07.jpg\" alt=\"\" width=\"800\" height=\"476\" srcset=\"https:\/\/vocesparalelas.com.ar\/sitio\/wp-content\/uploads\/2025\/09\/EDUCACION-IA-07.jpg 800w, https:\/\/vocesparalelas.com.ar\/sitio\/wp-content\/uploads\/2025\/09\/EDUCACION-IA-07-300x179.jpg 300w, https:\/\/vocesparalelas.com.ar\/sitio\/wp-content\/uploads\/2025\/09\/EDUCACION-IA-07-768x457.jpg 768w\" sizes=\"auto, (max-width: 800px) 100vw, 800px\" \/><\/p>\n<p>Los pr\u00f3ximos pasos en esta l\u00ednea de formaci\u00f3n continua incluyen la capacitaci\u00f3n espec\u00edfica para docentes de Educaci\u00f3n de J\u00f3venes y Adultos y luego un formato itinerante, que lleva la propuesta a los departamentos alejados de la provincia de San Juan.<\/p>\n<p>En noviembre, por su parte, se concretar\u00e1 un encuentro abierto, donde se compartir\u00e1n las experiencias y producciones que los docentes vienen generando a partir de esta formaci\u00f3n.<\/p>\n<p>La propuesta, de car\u00e1cter estrat\u00e9gico, pone el foco en la capacitaci\u00f3n en servicio a trav\u00e9s de la IA, generando herramientas para el uso pedag\u00f3gico que los docentes puedan hacer de las computadoras que se entregaron recientemente y el aprendizaje basado en proyectos &#8211; ABP. El objetivo es transformar las pr\u00e1cticas \u00e1ulicas, promover la inclusi\u00f3n digital y desarrollar experiencias de ense\u00f1anza significativas, creativas y contextualizadas.<\/p>\n<p>La formaci\u00f3n pone el foco en el potencial pedag\u00f3gico, did\u00e1ctico y creativo de la inteligencia artificial. El objetivo es que docentes y estudiantes puedan codise\u00f1ar materiales educativos aprovechando los recursos de la IA, favoreciendo una ense\u00f1anza situada y contextualizada.<\/p>\n<p><img loading=\"lazy\" decoding=\"async\" class=\"alignnone size-full wp-image-28629\" src=\"https:\/\/vocesparalelas.com.ar\/sitio\/wp-content\/uploads\/2020\/05\/MINISTERIO-EDUCACION-SJ.jpg\" alt=\"\" width=\"800\" height=\"533\" srcset=\"https:\/\/vocesparalelas.com.ar\/sitio\/wp-content\/uploads\/2020\/05\/MINISTERIO-EDUCACION-SJ.jpg 800w, https:\/\/vocesparalelas.com.ar\/sitio\/wp-content\/uploads\/2020\/05\/MINISTERIO-EDUCACION-SJ-300x200.jpg 300w, https:\/\/vocesparalelas.com.ar\/sitio\/wp-content\/uploads\/2020\/05\/MINISTERIO-EDUCACION-SJ-768x512.jpg 768w\" sizes=\"auto, (max-width: 800px) 100vw, 800px\" \/><\/p>\n","protected":false},"excerpt":{"rendered":"<p>El Ministerio de Educaci\u00f3n del Gobierno de San Juan avanza con su innovadora l\u00ednea de formaci\u00f3n docente continua integrando la<\/p>\n","protected":false},"author":3,"featured_media":90739,"comment_status":"closed","ping_status":"closed","sticky":false,"template":"","format":"standard","meta":{"_acf_changed":false,"_seopress_robots_primary_cat":"none","_seopress_titles_title":"","_seopress_titles_desc":"","_seopress_robots_index":"","colormag_page_container_layout":"default_layout","colormag_page_sidebar_layout":"default_layout","footnotes":""},"categories":[9],"tags":[],"class_list":["post-90735","post","type-post","status-publish","format-standard","has-post-thumbnail","hentry","category-cursos"],"acf":[],"_links":{"self":[{"href":"https:\/\/vocesparalelas.com.ar\/sitio\/wp-json\/wp\/v2\/posts\/90735","targetHints":{"allow":["GET"]}}],"collection":[{"href":"https:\/\/vocesparalelas.com.ar\/sitio\/wp-json\/wp\/v2\/posts"}],"about":[{"href":"https:\/\/vocesparalelas.com.ar\/sitio\/wp-json\/wp\/v2\/types\/post"}],"author":[{"embeddable":true,"href":"https:\/\/vocesparalelas.com.ar\/sitio\/wp-json\/wp\/v2\/users\/3"}],"replies":[{"embeddable":true,"href":"https:\/\/vocesparalelas.com.ar\/sitio\/wp-json\/wp\/v2\/comments?post=90735"}],"version-history":[{"count":1,"href":"https:\/\/vocesparalelas.com.ar\/sitio\/wp-json\/wp\/v2\/posts\/90735\/revisions"}],"predecessor-version":[{"id":90740,"href":"https:\/\/vocesparalelas.com.ar\/sitio\/wp-json\/wp\/v2\/posts\/90735\/revisions\/90740"}],"wp:featuredmedia":[{"embeddable":true,"href":"https:\/\/vocesparalelas.com.ar\/sitio\/wp-json\/wp\/v2\/media\/90739"}],"wp:attachment":[{"href":"https:\/\/vocesparalelas.com.ar\/sitio\/wp-json\/wp\/v2\/media?parent=90735"}],"wp:term":[{"taxonomy":"category","embeddable":true,"href":"https:\/\/vocesparalelas.com.ar\/sitio\/wp-json\/wp\/v2\/categories?post=90735"},{"taxonomy":"post_tag","embeddable":true,"href":"https:\/\/vocesparalelas.com.ar\/sitio\/wp-json\/wp\/v2\/tags?post=90735"}],"curies":[{"name":"wp","href":"https:\/\/api.w.org\/{rel}","templated":true}]}}