{"id":90691,"date":"2025-09-01T13:37:04","date_gmt":"2025-09-01T16:37:04","guid":{"rendered":"https:\/\/vocesparalelas.com.ar\/sitio\/?p=90691"},"modified":"2025-09-02T20:29:03","modified_gmt":"2025-09-02T23:29:03","slug":"cuerpos-de-bandera-nacional-argentina-y-bandera-ciudadana-2025-2026-del-ministerio-de-educacion-de-san-juan","status":"publish","type":"post","link":"https:\/\/vocesparalelas.com.ar\/sitio\/cuerpos-de-bandera-nacional-argentina-y-bandera-ciudadana-2025-2026-del-ministerio-de-educacion-de-san-juan\/","title":{"rendered":"Cuerpos de Bandera Nacional Argentina y Bandera Ciudadana 2025-2026 del Ministerio de Educaci\u00f3n de San Juan"},"content":{"rendered":"<p>Con las propuestas de diferentes escuelas realizadas a trav\u00e9s de docentes y directivos se desarroll\u00f3 la selecci\u00f3n de integrantes de los cuerpos de Bandera Nacional y Ciudadana del Ministerio de Educaci\u00f3n 2025-2026. El sorteo se realiz\u00f3 en la Sala Auxiliar del ministerio de Educaci\u00f3n del Gobierno de San Juan y fue presidida por la secretaria de Educaci\u00f3n, Lic. Mariela Lueje.<\/p>\n<p>En el sorteo de selecci\u00f3n estuvieron presentes tambi\u00e9n las directoras de Educaci\u00f3n Inicial, Lic. Laura Castro; de Primaria, Prof. Liliana Carrasco; de Superior, Prof. Viviana Lenzano; de Privada, Prof. Andrea Fern\u00e1ndez; de J\u00f3venes y Adultos, Prof. Gabriela Moreno; el director de Educaci\u00f3n T\u00e9cnica y Formaci\u00f3n Profesional, Prof. Rodolfo Navas; y de T\u00e9cnica Pedag\u00f3gica, Prof. Sebasti\u00e1n Ledda. Tambi\u00e9n participaron el subdirector de Educaci\u00f3n Secundaria, Prof. Arnaldo Far\u00edas; y la subdirectora de Gabinetes T\u00e9cnicos Interdisciplinarios, Prof. Rosa Gonz\u00e1lez.<\/p>\n<p>Por su parte, el acto de cambio de abanderados y escoltas se realizar\u00e1 el 9 de Septiembre, a partir de las 9 hs.; en el auditorio Eloy Camus del Centro C\u00edvico. En la ceremonia tambi\u00e9n se entregan recordatorios a los supervisores que se jubilan.<\/p>\n<p>De esta manera, los cuerpos de Bandera Nacional y Bandera Ciudadana quedaron conformados por docentes de gesti\u00f3n estatal y privada de la siguiente manera:<\/p>\n<p><span style=\"color: #0000ff;\"><strong>Representantes de la Direcci\u00f3n de Educaci\u00f3n Inicial<\/strong><\/span><\/p>\n<ul>\n<li><span style=\"color: #0000ff;\"><strong>Abanderada de la Bandera Nacional Argentina:\u00a0<\/strong><\/span>Prof.\u00a0 Claudia Anal\u00eda Flores, de la\u00a0Escuela Juana Ibarbourou<\/li>\n<li><span style=\"color: #0000ff;\"><strong>Abanderada de la Bandera Ciudadana:\u00a0<\/strong><\/span>Prof. Alicia Esther Villafa\u00f1ez. del\u00a0ENI N\u00ba 35 Estrella de los Andes<\/li>\n<\/ul>\n<p><span style=\"color: #0000ff;\"><strong>Representantes de la Direcci\u00f3n de Educaci\u00f3n Primaria<\/strong><\/span><\/p>\n<ul>\n<li><span style=\"color: #0000ff;\"><strong>1\u00b0 Escolta de la Bandera Nacional Argentina:\u00a0<\/strong><\/span>Prof.\u00a0 Silvia Alicia Mareca, de la\u00a0Escuela Docentes Sanjuaninos<\/li>\n<li><span style=\"color: #0000ff;\"><strong>1\u00b0 Escolta de la Bandera Ciudadana:\u00a0<\/strong><\/span>Prof.\u00a0 Celia Mabel Rosales Boronat, de la\u00a0Escuela Walt Disney<\/li>\n<\/ul>\n<p><span style=\"color: #0000ff;\"><strong>Representantes de la Direcci\u00f3n de Educaci\u00f3n Especial<\/strong><\/span><\/p>\n<ul>\n<li><span style=\"color: #0000ff;\"><strong>2\u00b0 Escolta de la Bandera Nacional Argentina:\u00a0<\/strong><\/span>Prof.\u00a0 Carmen Valeria Guti\u00e9rrez, de la\u00a0Escuela Educaci\u00f3n Especial Felipa Rojas<\/li>\n<li><span style=\"color: #0000ff;\"><strong>2\u00b0 Escolta de la Bandera Ciudadana:\u00a0<\/strong><\/span>Prof. Patricia Bernigaud, de la\u00a0Escuela de Educaci\u00f3n Especial ARA San Juan<\/li>\n<\/ul>\n<p><span style=\"color: #0000ff;\"><strong>Representantes de la Direcci\u00f3n de Educaci\u00f3n Privada<\/strong><\/span><\/p>\n<ul>\n<li><span style=\"color: #0000ff;\"><strong>3\u00b0 Escolta de la Bandera Nacional Argentina:\u00a0<\/strong><\/span>Prof. Horacio Vega, del\u00a0Colegio San Pablo Nivel Secundario<\/li>\n<li><span style=\"color: #0000ff;\"><strong>3\u00b0 Escolta de la Bandera Ciudadana:\u00a0<\/strong><\/span>Prof. Andrea Gonz\u00e1lez, del\u00a0Colegio Monse\u00f1or Jos\u00e9 Am\u00e9rico Orzali, del Nivel Primario<\/li>\n<\/ul>\n<p><span style=\"color: #0000ff;\"><strong>Representantes de la Direcci\u00f3n de Educaci\u00f3n Secundaria, Orientada y Art\u00edstica<\/strong><\/span><\/p>\n<ul>\n<li><span style=\"color: #0000ff;\"><strong>4\u00b0 Escolta de la Bandera Nacional Argentina:\u00a0<\/strong><\/span>Prof. Facundo Gabriel Belascoain Kirby, de la\u00a0Escuela Secundaria Mar\u00eda Alejandra de Aguado<\/li>\n<li><span style=\"color: #0000ff;\"><strong>4\u00b0 Escolta de la Bandera Ciudadana:\u00a0<\/strong><\/span>Prof. Cristina Mary Mu\u00f1oz, de la\u00a0Escuela Secundaria Superior N\u00ba 1 Rawson<\/li>\n<\/ul>\n<p><span style=\"color: #0000ff;\"><strong>Representantes de la Direcci\u00f3n de Educaci\u00f3n Secundaria T\u00e9cnica y de Formaci\u00f3n Profesional.<\/strong><\/span><\/p>\n<ul>\n<li><span style=\"color: #0000ff;\"><strong>5\u00b0 Escolta de la Bandera Nacional Argentina:\u00a0<\/strong><\/span>Prof. Liliana Edith P\u00e9rez, de la\u00a0Escuela T\u00e9cnica Capacitaci\u00f3n Laboral Ricardo Rojas y Anexo<\/li>\n<li><span style=\"color: #0000ff;\"><strong>5\u00b0 Escolta de la Bandera Ciudadana:\u00a0<\/strong><\/span>Prof. Emilia Mu\u00f1oz, de la\u00a0Escuela de Capacitaci\u00f3n Laboral Magdalena de Aberastain<\/li>\n<\/ul>\n<p><span style=\"color: #0000ff;\"><strong>Representantes de la Direcci\u00f3n de Educaci\u00f3n Superior<\/strong><\/span><\/p>\n<ul>\n<li><span style=\"color: #0000ff;\"><strong>6\u00b0 Escolta de la Bandera Nacional Argentina:\u00a0<\/strong><\/span>Prof. Jorge Ismael L\u00f3pez, del\u00a0Instituto de Formaci\u00f3n Superior General San Mart\u00edn<\/li>\n<li><span style=\"color: #0000ff;\"><strong>6\u00b0 Escolta de la Bandera Ciudadana: <\/strong><\/span>Prof. Marcela Alba Valverde, del\u00a0Instituto de Formaci\u00f3n Superior T\u00e9cnico de Bibliotecolog\u00eda Dr. Mariano Moreno<\/li>\n<\/ul>\n<p><span style=\"color: #0000ff;\"><strong>Representantes de la Direcci\u00f3n de Educaci\u00f3n de J\u00f3venes y Adultos<\/strong><\/span><\/p>\n<ul>\n<li><span style=\"color: #0000ff;\"><strong>7\u00b0 Escolta de la Bandera Nacional Argentina:\u00a0<\/strong><\/span>Prof. Eugenia del Valle Molini Recabarren del\u00a0CENS C\u00e9sar H. Guerrero<\/li>\n<li><span style=\"color: #0000ff;\"><strong>7\u00b0 Escolta de la Bandera Ciudadana:\u00a0<\/strong><\/span>Prof. Marcelo Olgu\u00edn, del\u00a0CENS Jorge Humberto Yacante<\/li>\n<\/ul>\n<p><img loading=\"lazy\" decoding=\"async\" class=\"alignnone size-full wp-image-90694\" src=\"https:\/\/vocesparalelas.com.ar\/sitio\/wp-content\/uploads\/2025\/09\/EDUCACION-ABANDERADOS-2025.jpg\" alt=\"\" width=\"800\" height=\"428\" srcset=\"https:\/\/vocesparalelas.com.ar\/sitio\/wp-content\/uploads\/2025\/09\/EDUCACION-ABANDERADOS-2025.jpg 800w, https:\/\/vocesparalelas.com.ar\/sitio\/wp-content\/uploads\/2025\/09\/EDUCACION-ABANDERADOS-2025-300x161.jpg 300w, https:\/\/vocesparalelas.com.ar\/sitio\/wp-content\/uploads\/2025\/09\/EDUCACION-ABANDERADOS-2025-768x411.jpg 768w\" sizes=\"auto, (max-width: 800px) 100vw, 800px\" \/><\/p>\n<p>&nbsp;<\/p>\n","protected":false},"excerpt":{"rendered":"<p>Con las propuestas de diferentes escuelas realizadas a trav\u00e9s de docentes y directivos se desarroll\u00f3 la selecci\u00f3n de integrantes de<\/p>\n","protected":false},"author":3,"featured_media":28629,"comment_status":"closed","ping_status":"closed","sticky":false,"template":"","format":"standard","meta":{"_acf_changed":false,"_seopress_robots_primary_cat":"none","_seopress_titles_title":"","_seopress_titles_desc":"","_seopress_robots_index":"","colormag_page_container_layout":"default_layout","colormag_page_sidebar_layout":"default_layout","footnotes":""},"categories":[5],"tags":[],"class_list":["post-90691","post","type-post","status-publish","format-standard","has-post-thumbnail","hentry","category-ofrecimientos"],"acf":[],"_links":{"self":[{"href":"https:\/\/vocesparalelas.com.ar\/sitio\/wp-json\/wp\/v2\/posts\/90691","targetHints":{"allow":["GET"]}}],"collection":[{"href":"https:\/\/vocesparalelas.com.ar\/sitio\/wp-json\/wp\/v2\/posts"}],"about":[{"href":"https:\/\/vocesparalelas.com.ar\/sitio\/wp-json\/wp\/v2\/types\/post"}],"author":[{"embeddable":true,"href":"https:\/\/vocesparalelas.com.ar\/sitio\/wp-json\/wp\/v2\/users\/3"}],"replies":[{"embeddable":true,"href":"https:\/\/vocesparalelas.com.ar\/sitio\/wp-json\/wp\/v2\/comments?post=90691"}],"version-history":[{"count":1,"href":"https:\/\/vocesparalelas.com.ar\/sitio\/wp-json\/wp\/v2\/posts\/90691\/revisions"}],"predecessor-version":[{"id":90695,"href":"https:\/\/vocesparalelas.com.ar\/sitio\/wp-json\/wp\/v2\/posts\/90691\/revisions\/90695"}],"wp:featuredmedia":[{"embeddable":true,"href":"https:\/\/vocesparalelas.com.ar\/sitio\/wp-json\/wp\/v2\/media\/28629"}],"wp:attachment":[{"href":"https:\/\/vocesparalelas.com.ar\/sitio\/wp-json\/wp\/v2\/media?parent=90691"}],"wp:term":[{"taxonomy":"category","embeddable":true,"href":"https:\/\/vocesparalelas.com.ar\/sitio\/wp-json\/wp\/v2\/categories?post=90691"},{"taxonomy":"post_tag","embeddable":true,"href":"https:\/\/vocesparalelas.com.ar\/sitio\/wp-json\/wp\/v2\/tags?post=90691"}],"curies":[{"name":"wp","href":"https:\/\/api.w.org\/{rel}","templated":true}]}}