{"id":90453,"date":"2025-08-27T14:31:35","date_gmt":"2025-08-27T17:31:35","guid":{"rendered":"https:\/\/vocesparalelas.com.ar\/sitio\/?p=90453"},"modified":"2025-08-28T15:17:54","modified_gmt":"2025-08-28T18:17:54","slug":"un-concierto-imperdible-de-la-orquesta-sinfonica-ffha-de-la-unsj-lago-encantado","status":"publish","type":"post","link":"https:\/\/vocesparalelas.com.ar\/sitio\/un-concierto-imperdible-de-la-orquesta-sinfonica-ffha-de-la-unsj-lago-encantado\/","title":{"rendered":"Un concierto imperdible de la Orquesta Sinf\u00f3nica FFHA de la UNSJ \u00abLago Encantado\u00bb"},"content":{"rendered":"<p>El Centro de Creaci\u00f3n Art\u00edstica Orquestal de la Facultad de Filosof\u00eda, Humanidades y Artes de la Universidad Nacional San Juan presenta un concierto imperdible de la Orquesta Sinf\u00f3nica, el Viernes. 29 de Agosto, a las 21:30 hs.; en el Auditorio Ing. Juan Victoria. Entrada libre y gratuita.<\/p>\n<p><span style=\"color: #ff6600;\"><strong>Programa<\/strong><\/span><\/p>\n<p>Lago Encantado de Anatoli Liadov y Sinfon\u00eda Concertante de Serguei Prokofiev; el solista Alessandro Pianelli &#8211; violoncello. Bajo el Director Wolfgang Wengenroth<\/p>\n<figure id=\"attachment_59915\" aria-describedby=\"caption-attachment-59915\" style=\"width: 800px\" class=\"wp-caption alignnone\"><img loading=\"lazy\" decoding=\"async\" class=\"size-full wp-image-59915\" src=\"https:\/\/vocesparalelas.com.ar\/sitio\/wp-content\/uploads\/2023\/06\/ORQUESTA-SINFONICA.jpg\" alt=\"\" width=\"800\" height=\"450\" srcset=\"https:\/\/vocesparalelas.com.ar\/sitio\/wp-content\/uploads\/2023\/06\/ORQUESTA-SINFONICA.jpg 800w, https:\/\/vocesparalelas.com.ar\/sitio\/wp-content\/uploads\/2023\/06\/ORQUESTA-SINFONICA-300x169.jpg 300w, https:\/\/vocesparalelas.com.ar\/sitio\/wp-content\/uploads\/2023\/06\/ORQUESTA-SINFONICA-768x432.jpg 768w\" sizes=\"auto, (max-width: 800px) 100vw, 800px\" \/><figcaption id=\"caption-attachment-59915\" class=\"wp-caption-text\">Orquesta Sinf\u00f3nica de la UNSJ<\/figcaption><\/figure>\n<p>Por ello, Voces Paralelas desarroll\u00f3 una entrevista period\u00edstica al referente del Centro de Creaci\u00f3n Art\u00edstica Orquestal de la FFHA de la UNSJ, Prof. Juan Carlos Caballero, quien destac\u00f3 el concierto de lujo de la Orquesta Sinf\u00f3nica.<\/p>\n<p>Otro tema muy interesante y que forma de un sue\u00f1o es la creaci\u00f3n de la carrea de Director de Orquesta y Coros. Se capacitan interesados en dirigir, pero se busca una formaci\u00f3n m\u00e1s espec\u00edfica.<\/p>\n<p><iframe loading=\"lazy\" title=\"FFHA UNSJ PROF. JUAN CARLOS CABALLERO\" width=\"800\" height=\"450\" src=\"https:\/\/www.youtube.com\/embed\/Bxzy4ymsbNs?feature=oembed\" frameborder=\"0\" allow=\"accelerometer; autoplay; clipboard-write; encrypted-media; gyroscope; picture-in-picture; web-share\" referrerpolicy=\"strict-origin-when-cross-origin\" allowfullscreen><\/iframe><\/p>\n<figure id=\"attachment_61468\" aria-describedby=\"caption-attachment-61468\" style=\"width: 800px\" class=\"wp-caption alignnone\"><img loading=\"lazy\" decoding=\"async\" class=\"size-full wp-image-61468\" src=\"https:\/\/vocesparalelas.com.ar\/sitio\/wp-content\/uploads\/2023\/07\/AUDITORIO-EDIFICIO.jpg\" alt=\"\" width=\"800\" height=\"533\" srcset=\"https:\/\/vocesparalelas.com.ar\/sitio\/wp-content\/uploads\/2023\/07\/AUDITORIO-EDIFICIO.jpg 800w, https:\/\/vocesparalelas.com.ar\/sitio\/wp-content\/uploads\/2023\/07\/AUDITORIO-EDIFICIO-300x200.jpg 300w, https:\/\/vocesparalelas.com.ar\/sitio\/wp-content\/uploads\/2023\/07\/AUDITORIO-EDIFICIO-768x512.jpg 768w\" sizes=\"auto, (max-width: 800px) 100vw, 800px\" \/><figcaption id=\"caption-attachment-61468\" class=\"wp-caption-text\">Auditorio Ing. Juan Victoria, Departamento Capital, Provincia San Juan, Rep\u00fablica Argentita<\/figcaption><\/figure>\n","protected":false},"excerpt":{"rendered":"<p>El Centro de Creaci\u00f3n Art\u00edstica Orquestal de la Facultad de Filosof\u00eda, Humanidades y Artes de la Universidad Nacional San Juan<\/p>\n","protected":false},"author":3,"featured_media":90456,"comment_status":"closed","ping_status":"closed","sticky":false,"template":"","format":"standard","meta":{"_acf_changed":false,"_seopress_robots_primary_cat":"none","_seopress_titles_title":"","_seopress_titles_desc":"","_seopress_robots_index":"","colormag_page_container_layout":"default_layout","colormag_page_sidebar_layout":"default_layout","footnotes":""},"categories":[20,7],"tags":[],"class_list":["post-90453","post","type-post","status-publish","format-standard","has-post-thumbnail","hentry","category-cartelera","category-videos"],"acf":[],"_links":{"self":[{"href":"https:\/\/vocesparalelas.com.ar\/sitio\/wp-json\/wp\/v2\/posts\/90453","targetHints":{"allow":["GET"]}}],"collection":[{"href":"https:\/\/vocesparalelas.com.ar\/sitio\/wp-json\/wp\/v2\/posts"}],"about":[{"href":"https:\/\/vocesparalelas.com.ar\/sitio\/wp-json\/wp\/v2\/types\/post"}],"author":[{"embeddable":true,"href":"https:\/\/vocesparalelas.com.ar\/sitio\/wp-json\/wp\/v2\/users\/3"}],"replies":[{"embeddable":true,"href":"https:\/\/vocesparalelas.com.ar\/sitio\/wp-json\/wp\/v2\/comments?post=90453"}],"version-history":[{"count":1,"href":"https:\/\/vocesparalelas.com.ar\/sitio\/wp-json\/wp\/v2\/posts\/90453\/revisions"}],"predecessor-version":[{"id":90457,"href":"https:\/\/vocesparalelas.com.ar\/sitio\/wp-json\/wp\/v2\/posts\/90453\/revisions\/90457"}],"wp:featuredmedia":[{"embeddable":true,"href":"https:\/\/vocesparalelas.com.ar\/sitio\/wp-json\/wp\/v2\/media\/90456"}],"wp:attachment":[{"href":"https:\/\/vocesparalelas.com.ar\/sitio\/wp-json\/wp\/v2\/media?parent=90453"}],"wp:term":[{"taxonomy":"category","embeddable":true,"href":"https:\/\/vocesparalelas.com.ar\/sitio\/wp-json\/wp\/v2\/categories?post=90453"},{"taxonomy":"post_tag","embeddable":true,"href":"https:\/\/vocesparalelas.com.ar\/sitio\/wp-json\/wp\/v2\/tags?post=90453"}],"curies":[{"name":"wp","href":"https:\/\/api.w.org\/{rel}","templated":true}]}}