{"id":90435,"date":"2025-08-29T18:18:49","date_gmt":"2025-08-29T21:18:49","guid":{"rendered":"https:\/\/vocesparalelas.com.ar\/sitio\/?p=90435"},"modified":"2025-08-30T13:11:58","modified_gmt":"2025-08-30T16:11:58","slug":"se-acreditan-los-haberes-agosto-2025-para-la-administracion-publica-de-san-juan","status":"publish","type":"post","link":"https:\/\/vocesparalelas.com.ar\/sitio\/se-acreditan-los-haberes-agosto-2025-para-la-administracion-publica-de-san-juan\/","title":{"rendered":"Se acreditan los haberes \u00abAgosto 2025\u00bb para la Administraci\u00f3n P\u00fablica de San Juan"},"content":{"rendered":"<p>El Ministerio de Econom\u00eda, Finanzas y Hacienda del Gobierno de San Juan informa que se acreditan los haberes \u00abAgosto 2025\u00bb para la Administraci\u00f3n P\u00fablica de San Juan, el S\u00e1bado, 30 de Agosto.<\/p>\n<p>En esta ocasi\u00f3n, incluye un incremento del 1,9% en base al \u00cdndice de Precios al Consumidor (IPC) del mes de Julio de 2025.<\/p>\n<p>Adem\u00e1s, se suma un nuevo incremento en asignaciones por salario familiar, en base al IPC del \u00faltimo trimestre.<\/p>\n<p>Se recuerda que los cajeros autom\u00e1ticos funcionan las 24 horas y que est\u00e1n vigentes las extracciones con tarjeta de d\u00e9bito en los principales supermercados y estaciones de servicio de la provincia, entre otros comercios identificados con el logo de Visa \u2013 Extra cash.<\/p>\n<p><span style=\"color: #ff6600;\"><strong>Los Docentes de San Juan<\/strong><\/span><\/p>\n<ul>\n<li>Incluye un incremento de Valor \u00cdndice (VI), aplicando el IPC de Julio publicado por el INDEC de 1,9%<\/li>\n<\/ul>\n<p><img loading=\"lazy\" decoding=\"async\" class=\"alignnone size-full wp-image-65642\" src=\"https:\/\/vocesparalelas.com.ar\/sitio\/wp-content\/uploads\/2023\/11\/GOBIERNO-SAN-JUAN.jpg\" alt=\"\" width=\"800\" height=\"600\" srcset=\"https:\/\/vocesparalelas.com.ar\/sitio\/wp-content\/uploads\/2023\/11\/GOBIERNO-SAN-JUAN.jpg 800w, https:\/\/vocesparalelas.com.ar\/sitio\/wp-content\/uploads\/2023\/11\/GOBIERNO-SAN-JUAN-300x225.jpg 300w, https:\/\/vocesparalelas.com.ar\/sitio\/wp-content\/uploads\/2023\/11\/GOBIERNO-SAN-JUAN-768x576.jpg 768w\" sizes=\"auto, (max-width: 800px) 100vw, 800px\" \/><\/p>\n","protected":false},"excerpt":{"rendered":"<p>El Ministerio de Econom\u00eda, Finanzas y Hacienda del Gobierno de San Juan informa que se acreditan los haberes \u00abAgosto 2025\u00bb<\/p>\n","protected":false},"author":3,"featured_media":5039,"comment_status":"closed","ping_status":"closed","sticky":false,"template":"","format":"standard","meta":{"_acf_changed":false,"_seopress_robots_primary_cat":"none","_seopress_titles_title":"","_seopress_titles_desc":"","_seopress_robots_index":"","colormag_page_container_layout":"default_layout","colormag_page_sidebar_layout":"default_layout","footnotes":""},"categories":[6],"tags":[],"class_list":["post-90435","post","type-post","status-publish","format-standard","has-post-thumbnail","hentry","category-eventos"],"acf":[],"_links":{"self":[{"href":"https:\/\/vocesparalelas.com.ar\/sitio\/wp-json\/wp\/v2\/posts\/90435","targetHints":{"allow":["GET"]}}],"collection":[{"href":"https:\/\/vocesparalelas.com.ar\/sitio\/wp-json\/wp\/v2\/posts"}],"about":[{"href":"https:\/\/vocesparalelas.com.ar\/sitio\/wp-json\/wp\/v2\/types\/post"}],"author":[{"embeddable":true,"href":"https:\/\/vocesparalelas.com.ar\/sitio\/wp-json\/wp\/v2\/users\/3"}],"replies":[{"embeddable":true,"href":"https:\/\/vocesparalelas.com.ar\/sitio\/wp-json\/wp\/v2\/comments?post=90435"}],"version-history":[{"count":2,"href":"https:\/\/vocesparalelas.com.ar\/sitio\/wp-json\/wp\/v2\/posts\/90435\/revisions"}],"predecessor-version":[{"id":90439,"href":"https:\/\/vocesparalelas.com.ar\/sitio\/wp-json\/wp\/v2\/posts\/90435\/revisions\/90439"}],"wp:featuredmedia":[{"embeddable":true,"href":"https:\/\/vocesparalelas.com.ar\/sitio\/wp-json\/wp\/v2\/media\/5039"}],"wp:attachment":[{"href":"https:\/\/vocesparalelas.com.ar\/sitio\/wp-json\/wp\/v2\/media?parent=90435"}],"wp:term":[{"taxonomy":"category","embeddable":true,"href":"https:\/\/vocesparalelas.com.ar\/sitio\/wp-json\/wp\/v2\/categories?post=90435"},{"taxonomy":"post_tag","embeddable":true,"href":"https:\/\/vocesparalelas.com.ar\/sitio\/wp-json\/wp\/v2\/tags?post=90435"}],"curies":[{"name":"wp","href":"https:\/\/api.w.org\/{rel}","templated":true}]}}