{"id":90430,"date":"2025-08-26T20:46:20","date_gmt":"2025-08-26T23:46:20","guid":{"rendered":"https:\/\/vocesparalelas.com.ar\/sitio\/?p=90430"},"modified":"2025-08-28T15:17:09","modified_gmt":"2025-08-28T18:17:09","slug":"otra-propuesta-de-aumento-salarial-docente-del-gobierno-de-san-juan","status":"publish","type":"post","link":"https:\/\/vocesparalelas.com.ar\/sitio\/otra-propuesta-de-aumento-salarial-docente-del-gobierno-de-san-juan\/","title":{"rendered":"Otra Propuesta de aumento salarial docente del Gobierno de San Juan"},"content":{"rendered":"<p>En la sala del Ministerio de Educaci\u00f3n del Gobierno de San Juan se reunieron la Ministro de Educaci\u00f3n Lic. Silvia Fuentes, el Ministro de Econom\u00eda, Finanzas y Hacienda CPN Roberto Guti\u00e9rrez y el Secretario General de la Gobernaci\u00f3n Lic. Emilio Achem con los Gremios Docentes UDAP, UDA y AMET y dem\u00e1s autoridades<\/p>\n<p><iframe loading=\"lazy\" title=\"SAN JUAN PARITARIA DOCENTE \" width=\"800\" height=\"450\" src=\"https:\/\/www.youtube.com\/embed\/IkEIzk5ZroA?feature=oembed\" frameborder=\"0\" allow=\"accelerometer; autoplay; clipboard-write; encrypted-media; gyroscope; picture-in-picture; web-share\" referrerpolicy=\"strict-origin-when-cross-origin\" allowfullscreen><\/iframe><\/p>\n<p>Se da por iniciada la sesi\u00f3n, la Ministro de Educaci\u00f3n dio la bienvenida a las partes, luego cede la palabra al Ministro de Econom\u00eda, quien expone la situaci\u00f3n actual que transita la provincia en materia recaudatoria.<\/p>\n<p>Acto seguido comienza un arduo debate, que deviene en la siguiente propuesta por parte del Gobierno de San Juan consistente en:<\/p>\n<ul>\n<li>Incrementar el valor \u00edndice, para septiembre 2025, aplicando el coeficiente de variaci\u00f3n mensual del \u00edndice I.P.C (\u00cdndice de Precios al Consumidor) publicado por INDEC, del mes anterior.<\/li>\n<li>Incrementar un 15% el concepto Nueva Conectividad San Juan (concepto remunerativo), en el mes de septiembre.<\/li>\n<li>Incrementar 4 puntos a todos los cargos del nomenclador docente en el mes de septiembre.<\/li>\n<li>Incrementar el valor \u00cdndice, para octubre 2025, aplicando el coeficiente de variaci\u00f3n mensual del \u00cdndice I.P.C (\u00cdndice de Precios al Consumidor) publicado por INDEC, del mes anterior.<\/li>\n<li>Incrementar en 4 puntos a todos los cargos del nomenclador docente en el mes de octubre.<\/li>\n<li>Incrementar el valor \u00cdndice, para noviembre 2025, aplicando el coeficiente de variaci\u00f3n mensual del \u00cdndice I.P.C (\u00cdndice de Precios al Consumidor) publicado por INDEC, del mes anterior.<\/li>\n<li><\/li>\n<\/ul>\n<p>Incrementar 4 puntos a todos los cargos del nomenclador docente en el mes de noviembre.<\/p>\n<p>Las entidades sindicales manifiestan que si bien la propuesta efectuada por el Gobierno contempla parcialmente las peticiones que cada una realiz\u00f3 en el presente expediente, verbigracia el pago de expedientes atrasados, la titularizaci\u00f3n docente, reclamos vinculados con el funcionamiento de la obra Social Provincia y la definici\u00f3n de una fecha para la paritaria pedag\u00f3gica.<\/p>\n<p>Asimismo, expresan que requieren una mejora para los meses de agosto y septiembre. Luego expresan que someter\u00e1n dicho ofrecimiento salarial a consideraci\u00f3n de sus \u00f3rganos estatutarios.<\/p>\n<p>La parte gubernamental manifiesto que en tanto no se arribe a un acuerdo mantendr\u00e1 la pol\u00edtica salarial unificada para toda la administraci\u00f3n p\u00fablica provincial.<\/p>\n<p>Siendo las 20:15 hs., las partes acuerdan pasar a un cuarto intermedio para el d\u00eda 29 de agosto a las 14:00 hs..<\/p>\n<p>&nbsp;<\/p>\n<p>&nbsp;<\/p>\n","protected":false},"excerpt":{"rendered":"<p>En la sala del Ministerio de Educaci\u00f3n del Gobierno de San Juan se reunieron la Ministro de Educaci\u00f3n Lic. Silvia<\/p>\n","protected":false},"author":3,"featured_media":90433,"comment_status":"closed","ping_status":"closed","sticky":false,"template":"","format":"standard","meta":{"_acf_changed":false,"_seopress_robots_primary_cat":"none","_seopress_titles_title":"","_seopress_titles_desc":"","_seopress_robots_index":"","colormag_page_container_layout":"default_layout","colormag_page_sidebar_layout":"default_layout","footnotes":""},"categories":[5,7],"tags":[],"class_list":["post-90430","post","type-post","status-publish","format-standard","has-post-thumbnail","hentry","category-ofrecimientos","category-videos"],"acf":[],"_links":{"self":[{"href":"https:\/\/vocesparalelas.com.ar\/sitio\/wp-json\/wp\/v2\/posts\/90430","targetHints":{"allow":["GET"]}}],"collection":[{"href":"https:\/\/vocesparalelas.com.ar\/sitio\/wp-json\/wp\/v2\/posts"}],"about":[{"href":"https:\/\/vocesparalelas.com.ar\/sitio\/wp-json\/wp\/v2\/types\/post"}],"author":[{"embeddable":true,"href":"https:\/\/vocesparalelas.com.ar\/sitio\/wp-json\/wp\/v2\/users\/3"}],"replies":[{"embeddable":true,"href":"https:\/\/vocesparalelas.com.ar\/sitio\/wp-json\/wp\/v2\/comments?post=90430"}],"version-history":[{"count":1,"href":"https:\/\/vocesparalelas.com.ar\/sitio\/wp-json\/wp\/v2\/posts\/90430\/revisions"}],"predecessor-version":[{"id":90434,"href":"https:\/\/vocesparalelas.com.ar\/sitio\/wp-json\/wp\/v2\/posts\/90430\/revisions\/90434"}],"wp:featuredmedia":[{"embeddable":true,"href":"https:\/\/vocesparalelas.com.ar\/sitio\/wp-json\/wp\/v2\/media\/90433"}],"wp:attachment":[{"href":"https:\/\/vocesparalelas.com.ar\/sitio\/wp-json\/wp\/v2\/media?parent=90430"}],"wp:term":[{"taxonomy":"category","embeddable":true,"href":"https:\/\/vocesparalelas.com.ar\/sitio\/wp-json\/wp\/v2\/categories?post=90430"},{"taxonomy":"post_tag","embeddable":true,"href":"https:\/\/vocesparalelas.com.ar\/sitio\/wp-json\/wp\/v2\/tags?post=90430"}],"curies":[{"name":"wp","href":"https:\/\/api.w.org\/{rel}","templated":true}]}}