{"id":90424,"date":"2025-08-26T20:25:11","date_gmt":"2025-08-26T23:25:11","guid":{"rendered":"https:\/\/vocesparalelas.com.ar\/sitio\/?p=90424"},"modified":"2025-08-27T09:50:01","modified_gmt":"2025-08-27T12:50:01","slug":"obcaenum-gires-escenica-en-san-juan","status":"publish","type":"post","link":"https:\/\/vocesparalelas.com.ar\/sitio\/obcaenum-gires-escenica-en-san-juan\/","title":{"rendered":"Obcaenum + Gires Esc\u00e9nica en San Juan"},"content":{"rendered":"<p>Obcaenum + Gires Esc\u00e9nica en San Juan, un ciclo para afectarse y pensar con la escena contempor\u00e1nea.<\/p>\n<p><strong><span style=\"color: #ff6600;\">Cronograma de funciones<\/span><\/strong><\/p>\n<ul>\n<li>29 de Agosto y 05 de Septiembre, en el Espacio Teatral TES<\/li>\n<li>30 de Agosto y 06 de Septiembre, en el Museo Provincial de Bellas Artes Franklin Rawson<\/li>\n<\/ul>\n<p>Ciclo: \u00bfDe qu\u00e9 y c\u00f3mo hablan hoy las artes de la escena? Intercambio de miradas hacia una escena mixturada.<\/p>\n<p>Dos obras \/ Dos charlas<\/p>\n<p>El colectivo obcaenum San\u202fJuan &amp; Gires\u2011Esc\u00e9nica La\u202fRioja junto al equipo del proyecto de investigaci\u00f3n Dispositivos de creaci\u00f3n esc\u00e9nica para una teatralidad transdisciplinar de la FFHA-UNSJ, se unen en un ciclo que invita a repensar las artes esc\u00e9nicas del siglo\u202fXXI.<\/p>\n<p>Durante dos encuentros de dos d\u00edas, el p\u00fablico transita del cruce ind\u00f3mito entre ballet, g\u00e9nero y performance de \u201cLa\u202fBayadera en dermis de tul\u201d &#8211; coproducci\u00f3n obcaenum\u202f&amp;\u202fGires\u2011Esc\u00e9nica &#8211; al desgarramiento perform\u00e1tico de \u201cFragmentos de Pasi\u00f3n\u201d y el d\u00eda posterior a cada funci\u00f3n tiene lugar una charla abierta al p\u00fablico junto a referentes locales de diversas disciplinas.<\/p>\n<p><strong><span style=\"color: #ff6600;\">\u00abLa Bayadera en dermis de tul\u00bb<\/span><\/strong><\/p>\n<ul>\n<li>2 de Agosto<\/li>\n<\/ul>\n<p><span style=\"color: #ff6600;\"><strong>Entradas<\/strong><\/span><\/p>\n<p><a href=\"https:\/\/www.entradaweb.com.ar\/evento\/0744c8b1\/step\/1\">https:\/\/www.entradaweb.com.ar\/evento\/0744c8b1\/step\/1<\/a><\/p>\n<p><strong><span style=\"color: #ff6600;\">\u00abMiradas sobre una escena mestiza\u00bb<\/span><\/strong><\/p>\n<p>*Charla Libre y Gratuita* con referentes de diferentes disciplinas con certificaci\u00f3n de la Sec. De Extensi\u00f3n de la FFHA-UNSJ. S\u00e1bado 30 de Agosto, a las 11hs* en el Auditorio de Museo Franklin Rawson.<\/p>\n<ul>\n<li>S\u00e1bado, 30 de Agosto. Hablamos a partir de *La bayadera en dermis de tul* de obcaenum &amp; Gires-Esc\u00e9nica. . Exponen Mgtr. Alberto S\u00e1nchez, Prof. Cornelio Gelvez y Lic. Federico Tello \/ Modera Prof. Nicolas Rodr\u00edguez.<\/li>\n<li>S\u00e1bado, 06 de Septiembre. Hablamos a partir de *Fragmentos de pasi\u00f3n* de obcaenum. Exponen* Dra. Gabriela Sim\u00f3n, Dra. Alicia Casta\u00f1eda y Dr. Federico Cabrera \/ Modera Esp. Melina Echevarr\u00eda Peinado.<\/li>\n<\/ul>\n<p><img loading=\"lazy\" decoding=\"async\" class=\"alignnone size-full wp-image-90428\" src=\"https:\/\/vocesparalelas.com.ar\/sitio\/wp-content\/uploads\/2025\/08\/OBRA-TEATRO-02.jpg\" alt=\"\" width=\"800\" height=\"533\" srcset=\"https:\/\/vocesparalelas.com.ar\/sitio\/wp-content\/uploads\/2025\/08\/OBRA-TEATRO-02.jpg 800w, https:\/\/vocesparalelas.com.ar\/sitio\/wp-content\/uploads\/2025\/08\/OBRA-TEATRO-02-300x200.jpg 300w, https:\/\/vocesparalelas.com.ar\/sitio\/wp-content\/uploads\/2025\/08\/OBRA-TEATRO-02-768x512.jpg 768w\" sizes=\"auto, (max-width: 800px) 100vw, 800px\" \/><\/p>\n<p>&nbsp;<\/p>\n","protected":false},"excerpt":{"rendered":"<p>Obcaenum + Gires Esc\u00e9nica en San Juan, un ciclo para afectarse y pensar con la escena contempor\u00e1nea. Cronograma de funciones<\/p>\n","protected":false},"author":3,"featured_media":90427,"comment_status":"closed","ping_status":"closed","sticky":false,"template":"","format":"standard","meta":{"_acf_changed":false,"_seopress_robots_primary_cat":"none","_seopress_titles_title":"","_seopress_titles_desc":"","_seopress_robots_index":"","colormag_page_container_layout":"default_layout","colormag_page_sidebar_layout":"default_layout","footnotes":""},"categories":[20],"tags":[],"class_list":["post-90424","post","type-post","status-publish","format-standard","has-post-thumbnail","hentry","category-cartelera"],"acf":[],"_links":{"self":[{"href":"https:\/\/vocesparalelas.com.ar\/sitio\/wp-json\/wp\/v2\/posts\/90424","targetHints":{"allow":["GET"]}}],"collection":[{"href":"https:\/\/vocesparalelas.com.ar\/sitio\/wp-json\/wp\/v2\/posts"}],"about":[{"href":"https:\/\/vocesparalelas.com.ar\/sitio\/wp-json\/wp\/v2\/types\/post"}],"author":[{"embeddable":true,"href":"https:\/\/vocesparalelas.com.ar\/sitio\/wp-json\/wp\/v2\/users\/3"}],"replies":[{"embeddable":true,"href":"https:\/\/vocesparalelas.com.ar\/sitio\/wp-json\/wp\/v2\/comments?post=90424"}],"version-history":[{"count":3,"href":"https:\/\/vocesparalelas.com.ar\/sitio\/wp-json\/wp\/v2\/posts\/90424\/revisions"}],"predecessor-version":[{"id":90441,"href":"https:\/\/vocesparalelas.com.ar\/sitio\/wp-json\/wp\/v2\/posts\/90424\/revisions\/90441"}],"wp:featuredmedia":[{"embeddable":true,"href":"https:\/\/vocesparalelas.com.ar\/sitio\/wp-json\/wp\/v2\/media\/90427"}],"wp:attachment":[{"href":"https:\/\/vocesparalelas.com.ar\/sitio\/wp-json\/wp\/v2\/media?parent=90424"}],"wp:term":[{"taxonomy":"category","embeddable":true,"href":"https:\/\/vocesparalelas.com.ar\/sitio\/wp-json\/wp\/v2\/categories?post=90424"},{"taxonomy":"post_tag","embeddable":true,"href":"https:\/\/vocesparalelas.com.ar\/sitio\/wp-json\/wp\/v2\/tags?post=90424"}],"curies":[{"name":"wp","href":"https:\/\/api.w.org\/{rel}","templated":true}]}}