{"id":90420,"date":"2025-08-26T18:35:54","date_gmt":"2025-08-26T21:35:54","guid":{"rendered":"https:\/\/vocesparalelas.com.ar\/sitio\/?p=90420"},"modified":"2025-08-27T22:51:37","modified_gmt":"2025-08-28T01:51:37","slug":"convocatoria-al-2-modulo-de-danza-nivel-intermedio-2025-en-el-tb-san-juan","status":"publish","type":"post","link":"https:\/\/vocesparalelas.com.ar\/sitio\/convocatoria-al-2-modulo-de-danza-nivel-intermedio-2025-en-el-tb-san-juan\/","title":{"rendered":"Convocatoria al 2\u00b0 modulo de Danza Nivel Intermedio 2025 en el TB San Juan"},"content":{"rendered":"<p>El Ministerio de Turismo, Cultura, y Deporte del Gobierno de San Juan, a trav\u00e9s del Teatro del Bicentenario, abre la convocatoria para el Segundo M\u00f3dulo de Danza \u2013 Nivel Intermedio 2025. Las\u00a0inscripciones estar\u00e1n abiertas hasta el 29 de agosto\u00a0a las 12h y los cupos son limitados.<\/p>\n<p>Los interesados deben ser bailarines mayores de 15 a\u00f1os con formaci\u00f3n en danza cl\u00e1sica y contempor\u00e1nea. Pueden inscribirse y consultar las bases y condiciones en<\/p>\n<p><a href=\"https:\/\/docs.google.com\/forms\/d\/e\/1FAIpQLSevxgPMFCmCy3cYYf0h0-H0DXpAnoeRh3Mvb8xKXNsfzVOrrQ\/viewform\">https:\/\/docs.google.com\/forms\/d\/e\/1FAIpQLSevxgPMFCmCy3cYYf0h0-H0DXpAnoeRh3Mvb8xKXNsfzVOrrQ\/viewform<\/a><\/p>\n<p>Los aspirantes son evaluados en una audici\u00f3n presencial el Lunes,\u00a0 01 de Septiembre de 2025. horario a confirmar y los resultados se comunican por correo electr\u00f3nico al d\u00eda siguiente.<\/p>\n<p>Las clases comienzan el 4 de Septiembre y finalizan el 30 de Octubre. Este m\u00f3dulo es dirigido por las maestras Victoria Balanza, responsable del \u00e1rea de Danza y la maestra Julia De Nardi.<\/p>\n<p>El\u00a0Programa de Introducci\u00f3n a la Formaci\u00f3n y Desarrollo Profesional para Bailarines \u2013 Segundo M\u00f3dulo\u00a0tiene como objetivo ofrecer herramientas t\u00e9cnicas y art\u00edsticas que permitan a los participantes dar el paso entre la formaci\u00f3n acad\u00e9mica y el desarrollo profesional. Mediante una pr\u00e1ctica rigurosa basada en la danza cl\u00e1sica y contempor\u00e1nea.<\/p>\n<p>La propuesta es bimestral, gratuita y de modalidad, cl\u00e1sico y contempor\u00e1neo, presencial, con cupos limitados. Las clases se dictan Martes y Jueves, de 15:30 a 17:00 hs.<\/p>\n<p><span style=\"color: #ff6600;\"><strong>Requisitos de postulaci\u00f3n<\/strong><\/span><\/p>\n<ul>\n<li>Tener\u00a015 a\u00f1os o m\u00e1s. Los menores de 18 a\u00f1os deber\u00e1n presentar autorizaci\u00f3n firmada por padre, madre o tutor.<\/li>\n<li>Estar en formaci\u00f3n en\u00a0danza cl\u00e1sica y contempor\u00e1nea\u00a0(el uso de puntas no es excluyente).<\/li>\n<li>Contar con disponibilidad horaria los d\u00edas martes y jueves de 15:30 a 17:00<\/li>\n<li>Presentar una\u00a0carta de motivaci\u00f3n.<\/li>\n<li>Aceptar\u00a0bases y condiciones.<\/li>\n<\/ul>\n<p>Las inscripciones se realizan a trav\u00e9s de un\u00a0formulario online\u00a0disponible en la web del\u00a0Teatro<\/p>\n<p><a href=\"https:\/\/www.teatrodelbicentenariosanjuan.org\/\">https:\/\/www.teatrodelbicentenariosanjuan.org\/<\/a><\/p>\n<p>&nbsp;<\/p>\n<p><img loading=\"lazy\" decoding=\"async\" class=\"alignnone size-large wp-image-21666\" src=\"https:\/\/vocesparalelas.com.ar\/sitio\/wp-content\/uploads\/2019\/06\/TEATRO-BICENTENARIO-10-800x600.jpg\" alt=\"\" width=\"800\" height=\"600\" srcset=\"https:\/\/vocesparalelas.com.ar\/sitio\/wp-content\/uploads\/2019\/06\/TEATRO-BICENTENARIO-10-800x600.jpg 800w, https:\/\/vocesparalelas.com.ar\/sitio\/wp-content\/uploads\/2019\/06\/TEATRO-BICENTENARIO-10-300x225.jpg 300w, https:\/\/vocesparalelas.com.ar\/sitio\/wp-content\/uploads\/2019\/06\/TEATRO-BICENTENARIO-10-768x576.jpg 768w, https:\/\/vocesparalelas.com.ar\/sitio\/wp-content\/uploads\/2019\/06\/TEATRO-BICENTENARIO-10.jpg 1000w\" sizes=\"auto, (max-width: 800px) 100vw, 800px\" \/><\/p>\n","protected":false},"excerpt":{"rendered":"<p>El Ministerio de Turismo, Cultura, y Deporte del Gobierno de San Juan, a trav\u00e9s del Teatro del Bicentenario, abre la<\/p>\n","protected":false},"author":3,"featured_media":15606,"comment_status":"closed","ping_status":"closed","sticky":false,"template":"","format":"standard","meta":{"_acf_changed":false,"_seopress_robots_primary_cat":"none","_seopress_titles_title":"","_seopress_titles_desc":"","_seopress_robots_index":"","colormag_page_container_layout":"default_layout","colormag_page_sidebar_layout":"default_layout","footnotes":""},"categories":[2],"tags":[],"class_list":["post-90420","post","type-post","status-publish","format-standard","has-post-thumbnail","hentry","category-convocatorias"],"acf":[],"_links":{"self":[{"href":"https:\/\/vocesparalelas.com.ar\/sitio\/wp-json\/wp\/v2\/posts\/90420","targetHints":{"allow":["GET"]}}],"collection":[{"href":"https:\/\/vocesparalelas.com.ar\/sitio\/wp-json\/wp\/v2\/posts"}],"about":[{"href":"https:\/\/vocesparalelas.com.ar\/sitio\/wp-json\/wp\/v2\/types\/post"}],"author":[{"embeddable":true,"href":"https:\/\/vocesparalelas.com.ar\/sitio\/wp-json\/wp\/v2\/users\/3"}],"replies":[{"embeddable":true,"href":"https:\/\/vocesparalelas.com.ar\/sitio\/wp-json\/wp\/v2\/comments?post=90420"}],"version-history":[{"count":1,"href":"https:\/\/vocesparalelas.com.ar\/sitio\/wp-json\/wp\/v2\/posts\/90420\/revisions"}],"predecessor-version":[{"id":90423,"href":"https:\/\/vocesparalelas.com.ar\/sitio\/wp-json\/wp\/v2\/posts\/90420\/revisions\/90423"}],"wp:featuredmedia":[{"embeddable":true,"href":"https:\/\/vocesparalelas.com.ar\/sitio\/wp-json\/wp\/v2\/media\/15606"}],"wp:attachment":[{"href":"https:\/\/vocesparalelas.com.ar\/sitio\/wp-json\/wp\/v2\/media?parent=90420"}],"wp:term":[{"taxonomy":"category","embeddable":true,"href":"https:\/\/vocesparalelas.com.ar\/sitio\/wp-json\/wp\/v2\/categories?post=90420"},{"taxonomy":"post_tag","embeddable":true,"href":"https:\/\/vocesparalelas.com.ar\/sitio\/wp-json\/wp\/v2\/tags?post=90420"}],"curies":[{"name":"wp","href":"https:\/\/api.w.org\/{rel}","templated":true}]}}