{"id":90411,"date":"2025-08-26T14:26:50","date_gmt":"2025-08-26T17:26:50","guid":{"rendered":"https:\/\/vocesparalelas.com.ar\/sitio\/?p=90411"},"modified":"2025-08-27T23:19:26","modified_gmt":"2025-08-28T02:19:26","slug":"cronograma-inscripcion-ciclo-lectivo-2026-de-la-junta-de-clasificacion-docente-rama-media-y-superior-para-docentes-residentes-en-los-departamentos-alejados-de-san-juan","status":"publish","type":"post","link":"https:\/\/vocesparalelas.com.ar\/sitio\/cronograma-inscripcion-ciclo-lectivo-2026-de-la-junta-de-clasificacion-docente-rama-media-y-superior-para-docentes-residentes-en-los-departamentos-alejados-de-san-juan\/","title":{"rendered":"Cronograma inscripci\u00f3n \u00abCiclo Lectivo 2026\u00bb de la Junta de Clasificaci\u00f3n Docente Rama Media y Superior para docentes residentes en los Departamentos Alejados de San Juan"},"content":{"rendered":"<p>El Ministerio de Educaci\u00f3n del Gobierno de San Juan, a trav\u00e9s de la Junta de Clasificaci\u00f3n Docente Rama Media y Superior, informa el cronograma de inscripci\u00f3n anual para docentes residentes en departamentos alejados para el Ciclo Lectivo 2026.<\/p>\n<p><span style=\"color: #ff6600;\"><strong>El cronograma con sus sedes<\/strong><\/span><\/p>\n<ul>\n<li><strong><span style=\"color: #ff6600;\">Departamento Calingasta \/ Barreal:<\/span><\/strong> en Colegio Secundario de Barreal, el viernes 29 de agosto (1 d\u00eda).<\/li>\n<li><span style=\"color: #ff6600;\"><strong>Departamento Iglesia \/ Rodeo<\/strong>:<\/span> en escuela Provincia de Santa Cruz- CENS Rodeo, el viernes 12 de septiembre (1 d\u00eda).<\/li>\n<li><span style=\"color: #ff6600;\"><strong>Departamento Valle F\u00e9rtil \/ Valle F\u00e9rtil<\/strong>: e<\/span>n Colegio Superior N\u00b0 1 Fuerza A\u00e9rea Argentina, el viernes 26 de septiembre y 10 de octubre (2 d\u00edas).<\/li>\n<li><span style=\"color: #ff6600;\"><strong>Departamento J\u00e1chal \/ San Jos\u00e9 de J\u00e1cha<\/strong>l:<\/span> en escuela Normal Fray Justo Santa Mar\u00eda de Oro, el viernes 24 de octubre; viernes 7 y 14 y jueves 20 de noviembre (4 d\u00edas).<\/li>\n<\/ul>\n<p>El horario de atenci\u00f3n en las sedes es de 9 a 17 hs.<\/p>\n<p><strong><span style=\"color: #ff6600;\">Para consultas<\/span><\/strong><\/p>\n<p>Comunicarse al 4307982.<\/p>\n<p>&nbsp;<\/p>\n<p><img loading=\"lazy\" decoding=\"async\" class=\"alignnone size-full wp-image-28629\" src=\"https:\/\/vocesparalelas.com.ar\/sitio\/wp-content\/uploads\/2020\/05\/MINISTERIO-EDUCACION-SJ.jpg\" alt=\"\" width=\"800\" height=\"533\" srcset=\"https:\/\/vocesparalelas.com.ar\/sitio\/wp-content\/uploads\/2020\/05\/MINISTERIO-EDUCACION-SJ.jpg 800w, https:\/\/vocesparalelas.com.ar\/sitio\/wp-content\/uploads\/2020\/05\/MINISTERIO-EDUCACION-SJ-300x200.jpg 300w, https:\/\/vocesparalelas.com.ar\/sitio\/wp-content\/uploads\/2020\/05\/MINISTERIO-EDUCACION-SJ-768x512.jpg 768w\" sizes=\"auto, (max-width: 800px) 100vw, 800px\" \/><\/p>\n","protected":false},"excerpt":{"rendered":"<p>El Ministerio de Educaci\u00f3n del Gobierno de San Juan, a trav\u00e9s de la Junta de Clasificaci\u00f3n Docente Rama Media y<\/p>\n","protected":false},"author":3,"featured_media":18988,"comment_status":"closed","ping_status":"closed","sticky":false,"template":"","format":"standard","meta":{"_acf_changed":false,"_seopress_robots_primary_cat":"none","_seopress_titles_title":"","_seopress_titles_desc":"","_seopress_robots_index":"","colormag_page_container_layout":"default_layout","colormag_page_sidebar_layout":"default_layout","footnotes":""},"categories":[2],"tags":[],"class_list":["post-90411","post","type-post","status-publish","format-standard","has-post-thumbnail","hentry","category-convocatorias"],"acf":[],"_links":{"self":[{"href":"https:\/\/vocesparalelas.com.ar\/sitio\/wp-json\/wp\/v2\/posts\/90411","targetHints":{"allow":["GET"]}}],"collection":[{"href":"https:\/\/vocesparalelas.com.ar\/sitio\/wp-json\/wp\/v2\/posts"}],"about":[{"href":"https:\/\/vocesparalelas.com.ar\/sitio\/wp-json\/wp\/v2\/types\/post"}],"author":[{"embeddable":true,"href":"https:\/\/vocesparalelas.com.ar\/sitio\/wp-json\/wp\/v2\/users\/3"}],"replies":[{"embeddable":true,"href":"https:\/\/vocesparalelas.com.ar\/sitio\/wp-json\/wp\/v2\/comments?post=90411"}],"version-history":[{"count":1,"href":"https:\/\/vocesparalelas.com.ar\/sitio\/wp-json\/wp\/v2\/posts\/90411\/revisions"}],"predecessor-version":[{"id":90414,"href":"https:\/\/vocesparalelas.com.ar\/sitio\/wp-json\/wp\/v2\/posts\/90411\/revisions\/90414"}],"wp:featuredmedia":[{"embeddable":true,"href":"https:\/\/vocesparalelas.com.ar\/sitio\/wp-json\/wp\/v2\/media\/18988"}],"wp:attachment":[{"href":"https:\/\/vocesparalelas.com.ar\/sitio\/wp-json\/wp\/v2\/media?parent=90411"}],"wp:term":[{"taxonomy":"category","embeddable":true,"href":"https:\/\/vocesparalelas.com.ar\/sitio\/wp-json\/wp\/v2\/categories?post=90411"},{"taxonomy":"post_tag","embeddable":true,"href":"https:\/\/vocesparalelas.com.ar\/sitio\/wp-json\/wp\/v2\/tags?post=90411"}],"curies":[{"name":"wp","href":"https:\/\/api.w.org\/{rel}","templated":true}]}}