{"id":9036,"date":"2018-01-03T23:26:31","date_gmt":"2018-01-04T02:26:31","guid":{"rendered":"http:\/\/vocesparalelas.com.ar\/sitio\/?p=9036"},"modified":"2018-01-03T23:26:31","modified_gmt":"2018-01-04T02:26:31","slug":"no-al-cierre-de-los-institutos-de-formacion-docente-en-la-ciudad","status":"publish","type":"post","link":"https:\/\/vocesparalelas.com.ar\/sitio\/no-al-cierre-de-los-institutos-de-formacion-docente-en-la-ciudad\/","title":{"rendered":"No al cierre de los Institutos de Formaci\u00f3n Docente en la Ciudad"},"content":{"rendered":"<p>CTERA acompa\u00f1\u00f3 a UTE &#8211; Ciudad de Buenos Aires &#8211; en la concentraci\u00f3n frente al Ministerio de Educaci\u00f3n de la Naci\u00f3n.<\/p>\n<p>Participaron Secretario General de SUTEBA y Secretario Adjunto de CTERA, Roberto Baradel, Secretario de Educaci\u00f3n de CTERA, Miguel Duhalde y\u00a0\u00a0Secretario de Relaciones Internacionales de CTERA, Eduardo Pereyra.<\/p>\n<p>La movilizaci\u00f3n forma parte de las acciones que la UTE viene realizando en contra del cierre de los 29 Institutos de Formaci\u00f3n Docente.<\/p>\n","protected":false},"excerpt":{"rendered":"<p>CTERA acompa\u00f1\u00f3 a UTE &#8211; Ciudad de Buenos Aires &#8211; en la concentraci\u00f3n frente al Ministerio de Educaci\u00f3n de la<\/p>\n","protected":false},"author":3,"featured_media":9037,"comment_status":"closed","ping_status":"closed","sticky":false,"template":"","format":"standard","meta":{"_acf_changed":false,"_seopress_robots_primary_cat":"","_seopress_titles_title":"","_seopress_titles_desc":"","_seopress_robots_index":"","colormag_page_container_layout":"default_layout","colormag_page_sidebar_layout":"default_layout","footnotes":""},"categories":[1],"tags":[],"class_list":["post-9036","post","type-post","status-publish","format-standard","has-post-thumbnail","hentry","category-destacadas"],"acf":[],"_links":{"self":[{"href":"https:\/\/vocesparalelas.com.ar\/sitio\/wp-json\/wp\/v2\/posts\/9036","targetHints":{"allow":["GET"]}}],"collection":[{"href":"https:\/\/vocesparalelas.com.ar\/sitio\/wp-json\/wp\/v2\/posts"}],"about":[{"href":"https:\/\/vocesparalelas.com.ar\/sitio\/wp-json\/wp\/v2\/types\/post"}],"author":[{"embeddable":true,"href":"https:\/\/vocesparalelas.com.ar\/sitio\/wp-json\/wp\/v2\/users\/3"}],"replies":[{"embeddable":true,"href":"https:\/\/vocesparalelas.com.ar\/sitio\/wp-json\/wp\/v2\/comments?post=9036"}],"version-history":[{"count":0,"href":"https:\/\/vocesparalelas.com.ar\/sitio\/wp-json\/wp\/v2\/posts\/9036\/revisions"}],"wp:featuredmedia":[{"embeddable":true,"href":"https:\/\/vocesparalelas.com.ar\/sitio\/wp-json\/wp\/v2\/media\/9037"}],"wp:attachment":[{"href":"https:\/\/vocesparalelas.com.ar\/sitio\/wp-json\/wp\/v2\/media?parent=9036"}],"wp:term":[{"taxonomy":"category","embeddable":true,"href":"https:\/\/vocesparalelas.com.ar\/sitio\/wp-json\/wp\/v2\/categories?post=9036"},{"taxonomy":"post_tag","embeddable":true,"href":"https:\/\/vocesparalelas.com.ar\/sitio\/wp-json\/wp\/v2\/tags?post=9036"}],"curies":[{"name":"wp","href":"https:\/\/api.w.org\/{rel}","templated":true}]}}