{"id":90336,"date":"2025-08-25T19:55:30","date_gmt":"2025-08-25T22:55:30","guid":{"rendered":"https:\/\/vocesparalelas.com.ar\/sitio\/?p=90336"},"modified":"2025-08-25T19:55:30","modified_gmt":"2025-08-25T22:55:30","slug":"san-juan-presente-en-la-conferencia-y-exposicion-copper-to-the-world-2025-en-australia","status":"publish","type":"post","link":"https:\/\/vocesparalelas.com.ar\/sitio\/san-juan-presente-en-la-conferencia-y-exposicion-copper-to-the-world-2025-en-australia\/","title":{"rendered":"San Juan presente en la Conferencia y Exposici\u00f3n \u201cCopper to the World 2025\u201d en Australia"},"content":{"rendered":"<p>Durante la jornada, y en asociaci\u00f3n con el Gobierno de Australia del Sur, Austmine organiz\u00f3 Copper to the World, la principal conferencia de cobre de Australia.<\/p>\n<p>\u201cCopper to the World\u201d reunir\u00e1 una vez m\u00e1s a l\u00edderes de la industria, ejecutivos mineros e innovadores de METS para explorar los \u00faltimos desarrollos que dan forma al futuro de la miner\u00eda de cobre. De esta actividad estar\u00e1 participando el gobernador de San Juan, Rep\u00fablica Argentina, Dr. Marcelo Orrego.<\/p>\n<figure id=\"attachment_80214\" aria-describedby=\"caption-attachment-80214\" style=\"width: 800px\" class=\"wp-caption alignnone\"><img loading=\"lazy\" decoding=\"async\" class=\"size-full wp-image-80214\" src=\"https:\/\/vocesparalelas.com.ar\/sitio\/wp-content\/uploads\/2024\/12\/GOBERNADOR-SAN-JUAN-DR-MARCELO-ORREGO.jpg\" alt=\"\" width=\"800\" height=\"440\" srcset=\"https:\/\/vocesparalelas.com.ar\/sitio\/wp-content\/uploads\/2024\/12\/GOBERNADOR-SAN-JUAN-DR-MARCELO-ORREGO.jpg 800w, https:\/\/vocesparalelas.com.ar\/sitio\/wp-content\/uploads\/2024\/12\/GOBERNADOR-SAN-JUAN-DR-MARCELO-ORREGO-300x165.jpg 300w, https:\/\/vocesparalelas.com.ar\/sitio\/wp-content\/uploads\/2024\/12\/GOBERNADOR-SAN-JUAN-DR-MARCELO-ORREGO-768x422.jpg 768w\" sizes=\"auto, (max-width: 800px) 100vw, 800px\" \/><figcaption id=\"caption-attachment-80214\" class=\"wp-caption-text\">Gobernador de San Juan, Dr. Marcelo Orrego<\/figcaption><\/figure>\n<p>Bajo el tema \u201cLa ventaja del Cobre: Impulsando el Futuro\u201d, exploraremos c\u00f3mo el cobre contin\u00faa impulsando el progreso en una era de transformaci\u00f3n tecnol\u00f3gica, din\u00e1micas cambiantes del mercado y crecientes demandas de sostenibilidad.<\/p>\n<p>Con una fuerte presencia de altos ejecutivos, tomadores de decisiones de la industria y expertos globales, este evento ofrece una oportunidad sin precedentes para conectarse, colaborar y liderar la conversaci\u00f3n sobre el futuro del cobre.<\/p>\n<p><strong><span style=\"color: #ff6600;\">M\u00e1s informaci\u00f3n<\/span><\/strong><\/p>\n<p><a href=\"https:\/\/www.tms.org\/Extraction2025\/Extraction2025\/Copper2025\/default.aspx?hkey=e962e77c-243f-42b2-918f-350090ab76f7&amp;https:\/\/www.tms.org\/?utm_source=NPM%2520Google%2520Grant&amp;utm_medium=NPM%2520CPC&amp;utm_campaign=NPM%2520MeetingsEvents&amp;gad_source=1&amp;gad_campaignid=10530777095&amp;gbraid=0AAAAADHOlyoJaa9KJnbNSQTSrc3AFWBK1&amp;gclid=EAIaIQobChMIo6K9poWnjwMV30VIAB1i9yP1EAAYASAAEgI7nfD_BwE\">https:\/\/www.tms.org\/Extraction2025\/Extraction2025\/Copper2025\/default.aspx?hkey=e962e77c-243f-42b2-918f-350090ab76f7&amp;https:\/\/www.tms.org\/?utm_source=NPM%2520Google%2520Grant&amp;utm_medium=NPM%2520CPC&amp;utm_campaign=NPM%2520MeetingsEvents&amp;gad_source=1&amp;gad_campaignid=10530777095&amp;gbraid=0AAAAADHOlyoJaa9KJnbNSQTSrc3AFWBK1&amp;gclid=EAIaIQobChMIo6K9poWnjwMV30VIAB1i9yP1EAAYASAAEgI7nfD_BwE<\/a><\/p>\n<p><img loading=\"lazy\" decoding=\"async\" class=\"alignnone size-full wp-image-65642\" src=\"https:\/\/vocesparalelas.com.ar\/sitio\/wp-content\/uploads\/2023\/11\/GOBIERNO-SAN-JUAN.jpg\" alt=\"\" width=\"800\" height=\"600\" srcset=\"https:\/\/vocesparalelas.com.ar\/sitio\/wp-content\/uploads\/2023\/11\/GOBIERNO-SAN-JUAN.jpg 800w, https:\/\/vocesparalelas.com.ar\/sitio\/wp-content\/uploads\/2023\/11\/GOBIERNO-SAN-JUAN-300x225.jpg 300w, https:\/\/vocesparalelas.com.ar\/sitio\/wp-content\/uploads\/2023\/11\/GOBIERNO-SAN-JUAN-768x576.jpg 768w\" sizes=\"auto, (max-width: 800px) 100vw, 800px\" \/><\/p>\n<p>&nbsp;<\/p>\n","protected":false},"excerpt":{"rendered":"<p>Durante la jornada, y en asociaci\u00f3n con el Gobierno de Australia del Sur, Austmine organiz\u00f3 Copper to the World, la<\/p>\n","protected":false},"author":3,"featured_media":90339,"comment_status":"closed","ping_status":"closed","sticky":false,"template":"","format":"standard","meta":{"_acf_changed":false,"_seopress_robots_primary_cat":"none","_seopress_titles_title":"","_seopress_titles_desc":"","_seopress_robots_index":"","colormag_page_container_layout":"default_layout","colormag_page_sidebar_layout":"default_layout","footnotes":""},"categories":[1],"tags":[],"class_list":["post-90336","post","type-post","status-publish","format-standard","has-post-thumbnail","hentry","category-destacadas"],"acf":[],"_links":{"self":[{"href":"https:\/\/vocesparalelas.com.ar\/sitio\/wp-json\/wp\/v2\/posts\/90336","targetHints":{"allow":["GET"]}}],"collection":[{"href":"https:\/\/vocesparalelas.com.ar\/sitio\/wp-json\/wp\/v2\/posts"}],"about":[{"href":"https:\/\/vocesparalelas.com.ar\/sitio\/wp-json\/wp\/v2\/types\/post"}],"author":[{"embeddable":true,"href":"https:\/\/vocesparalelas.com.ar\/sitio\/wp-json\/wp\/v2\/users\/3"}],"replies":[{"embeddable":true,"href":"https:\/\/vocesparalelas.com.ar\/sitio\/wp-json\/wp\/v2\/comments?post=90336"}],"version-history":[{"count":1,"href":"https:\/\/vocesparalelas.com.ar\/sitio\/wp-json\/wp\/v2\/posts\/90336\/revisions"}],"predecessor-version":[{"id":90340,"href":"https:\/\/vocesparalelas.com.ar\/sitio\/wp-json\/wp\/v2\/posts\/90336\/revisions\/90340"}],"wp:featuredmedia":[{"embeddable":true,"href":"https:\/\/vocesparalelas.com.ar\/sitio\/wp-json\/wp\/v2\/media\/90339"}],"wp:attachment":[{"href":"https:\/\/vocesparalelas.com.ar\/sitio\/wp-json\/wp\/v2\/media?parent=90336"}],"wp:term":[{"taxonomy":"category","embeddable":true,"href":"https:\/\/vocesparalelas.com.ar\/sitio\/wp-json\/wp\/v2\/categories?post=90336"},{"taxonomy":"post_tag","embeddable":true,"href":"https:\/\/vocesparalelas.com.ar\/sitio\/wp-json\/wp\/v2\/tags?post=90336"}],"curies":[{"name":"wp","href":"https:\/\/api.w.org\/{rel}","templated":true}]}}