{"id":90282,"date":"2025-08-23T20:29:09","date_gmt":"2025-08-23T23:29:09","guid":{"rendered":"https:\/\/vocesparalelas.com.ar\/sitio\/?p=90282"},"modified":"2025-08-23T20:29:09","modified_gmt":"2025-08-23T23:29:09","slug":"caminata-urbana-en-conmemoracion-al-dia-de-la-nutricion-en-san-juan","status":"publish","type":"post","link":"https:\/\/vocesparalelas.com.ar\/sitio\/caminata-urbana-en-conmemoracion-al-dia-de-la-nutricion-en-san-juan\/","title":{"rendered":"\u00abCaminata Urbana\u00bb en conmemoraci\u00f3n al D\u00eda de la Nutrici\u00f3n en San Juan"},"content":{"rendered":"<p>M\u00e1s de 200 personas participaron en la caminata urbana en conmemoraci\u00f3n al d\u00eda de la Nutrici\u00f3n<\/p>\n<p>Entre el Ministerio de Salud y los municipios realizaron una caminata urbana durante este s\u00e1bado. La iniciativa tuvo como objetivo la promoci\u00f3n de h\u00e1bitos saludables a trav\u00e9s de la alimentaci\u00f3n equilibrada y el ejercicio f\u00edsico<\/p>\n<p>El S\u00e1bado, 23 de Agosto, el Ministerio de Salud del Gobierno de San Juan, a trav\u00e9s del Departamento de Medicina Asistencial y la Divisi\u00f3n Nutrici\u00f3n, dependientes de la Secretar\u00eda T\u00e9cnica, desarrollaron la Caminata Urbana Nutri-Acti\u00f3n: m\u00e1s pasos, m\u00e1s salud.<\/p>\n<p>La actividad cont\u00f3 con la colaboraci\u00f3n de los municipios de la Capital, Rivadavia, Sarmiento y Santa Luc\u00eda, quienes convocaron a sus vecinos para formar parte de esta jornada que promueve el encuentro, la conciencia saludable y el compromiso con el cuidado del cuerpo.<\/p>\n<p>Cada uno de los municipios particip\u00f3 con controles de signos vitales, tensi\u00f3n arterial y la colaboraci\u00f3n de las \u00e1reas de deporte, en el pre y post entrenamiento, adem\u00e1s de la gu\u00eda durante la caminata.<\/p>\n<p><iframe loading=\"lazy\" title=\"SAN JUAN CAMINATA SALUDABLE\" width=\"563\" height=\"1000\" src=\"https:\/\/www.youtube.com\/embed\/8VqobO-C1ZE?feature=oembed\" frameborder=\"0\" allow=\"accelerometer; autoplay; clipboard-write; encrypted-media; gyroscope; picture-in-picture; web-share\" referrerpolicy=\"strict-origin-when-cross-origin\" allowfullscreen><\/iframe><\/p>\n<p><strong><span style=\"color: #ff0000;\">Cronograma de la actividad<\/span><\/strong><\/p>\n<p>Los participantes se reunieron a las 9 h en los jardines del Teatro del Bicentenario para formar parte del recorrido. Partieron por Ignacio de la Roza frente al Centro C\u00edvico rumbo a la Las Heras, continuaron por Libertador, Urquiza, 25 de Mayo y regresaron por Las Heras hacia Ignacio de la Roza hasta llegar al punto de encuentro.<\/p>\n<p>Al finalizar, quienes formaron parte de la caminata pudieron acceder al circuito de salud que dispon\u00eda de vacunaci\u00f3n, control de signos vitales, control de peso y talla, reanimaci\u00f3n cardiopulmonar (RCP) y valoraci\u00f3n de riesgo cardiovascular.<\/p>\n<p>Adem\u00e1s, se brind\u00f3 consejer\u00eda de odontolog\u00eda; testeos de VIH, s\u00edfilis, hepatitis C y tuberculosis; consejer\u00eda para adultos mayores -PRONEAS-;(Programa Lucha contra el Sedentarismo y Divisi\u00f3n Odontolog\u00eda con consejer\u00eda y entrega de cepillos dentales<\/p>\n<p>En la ocasi\u00f3n, estuvieron presentes acompa\u00f1ando a los equipos de Salud la jefa del Departamento Medicina Asistencial, Dra. Romina Mataix, el Secretario de Gobierno del Municipio de la Capital, Leandro Fern\u00e1ndez, la Jefa de Nutrici\u00f3n, Lic. Andrea Sardi\u00f1a y la Jefa de Divisi\u00f3n Enfermer\u00eda, Lic. Marianela P\u00e9rez y el Jefe del Programa en Respuesta al VIH, S\u00edfilis y Hepatitis,\u00a0 Dr. Miguel Rueda .<\/p>\n<p>Hay que destacar que esta iniciativa se da en el marco de la conmemoraci\u00f3n del D\u00eda del Nutricionista, celebrado el 11 de Agosto.<\/p>\n<p><img loading=\"lazy\" decoding=\"async\" class=\"alignnone size-full wp-image-90286\" src=\"https:\/\/vocesparalelas.com.ar\/sitio\/wp-content\/uploads\/2025\/08\/SAN-JUAN-CAMITADA-SALUD-02.jpg\" alt=\"\" width=\"800\" height=\"533\" srcset=\"https:\/\/vocesparalelas.com.ar\/sitio\/wp-content\/uploads\/2025\/08\/SAN-JUAN-CAMITADA-SALUD-02.jpg 800w, https:\/\/vocesparalelas.com.ar\/sitio\/wp-content\/uploads\/2025\/08\/SAN-JUAN-CAMITADA-SALUD-02-300x200.jpg 300w, https:\/\/vocesparalelas.com.ar\/sitio\/wp-content\/uploads\/2025\/08\/SAN-JUAN-CAMITADA-SALUD-02-768x512.jpg 768w\" sizes=\"auto, (max-width: 800px) 100vw, 800px\" \/><\/p>\n<p>&nbsp;<\/p>\n","protected":false},"excerpt":{"rendered":"<p>M\u00e1s de 200 personas participaron en la caminata urbana en conmemoraci\u00f3n al d\u00eda de la Nutrici\u00f3n Entre el Ministerio de<\/p>\n","protected":false},"author":3,"featured_media":90285,"comment_status":"closed","ping_status":"closed","sticky":false,"template":"","format":"standard","meta":{"_acf_changed":false,"_seopress_robots_primary_cat":"none","_seopress_titles_title":"","_seopress_titles_desc":"","_seopress_robots_index":"","colormag_page_container_layout":"default_layout","colormag_page_sidebar_layout":"default_layout","footnotes":""},"categories":[1],"tags":[],"class_list":["post-90282","post","type-post","status-publish","format-standard","has-post-thumbnail","hentry","category-destacadas"],"acf":[],"_links":{"self":[{"href":"https:\/\/vocesparalelas.com.ar\/sitio\/wp-json\/wp\/v2\/posts\/90282","targetHints":{"allow":["GET"]}}],"collection":[{"href":"https:\/\/vocesparalelas.com.ar\/sitio\/wp-json\/wp\/v2\/posts"}],"about":[{"href":"https:\/\/vocesparalelas.com.ar\/sitio\/wp-json\/wp\/v2\/types\/post"}],"author":[{"embeddable":true,"href":"https:\/\/vocesparalelas.com.ar\/sitio\/wp-json\/wp\/v2\/users\/3"}],"replies":[{"embeddable":true,"href":"https:\/\/vocesparalelas.com.ar\/sitio\/wp-json\/wp\/v2\/comments?post=90282"}],"version-history":[{"count":1,"href":"https:\/\/vocesparalelas.com.ar\/sitio\/wp-json\/wp\/v2\/posts\/90282\/revisions"}],"predecessor-version":[{"id":90287,"href":"https:\/\/vocesparalelas.com.ar\/sitio\/wp-json\/wp\/v2\/posts\/90282\/revisions\/90287"}],"wp:featuredmedia":[{"embeddable":true,"href":"https:\/\/vocesparalelas.com.ar\/sitio\/wp-json\/wp\/v2\/media\/90285"}],"wp:attachment":[{"href":"https:\/\/vocesparalelas.com.ar\/sitio\/wp-json\/wp\/v2\/media?parent=90282"}],"wp:term":[{"taxonomy":"category","embeddable":true,"href":"https:\/\/vocesparalelas.com.ar\/sitio\/wp-json\/wp\/v2\/categories?post=90282"},{"taxonomy":"post_tag","embeddable":true,"href":"https:\/\/vocesparalelas.com.ar\/sitio\/wp-json\/wp\/v2\/tags?post=90282"}],"curies":[{"name":"wp","href":"https:\/\/api.w.org\/{rel}","templated":true}]}}