{"id":90267,"date":"2025-08-28T22:00:55","date_gmt":"2025-08-29T01:00:55","guid":{"rendered":"https:\/\/vocesparalelas.com.ar\/sitio\/?p=90267"},"modified":"2025-09-01T11:29:08","modified_gmt":"2025-09-01T14:29:08","slug":"94-plenario-de-rectoras-y-rectores-del-cin-argentina-en-rosario-santa-fe","status":"publish","type":"post","link":"https:\/\/vocesparalelas.com.ar\/sitio\/94-plenario-de-rectoras-y-rectores-del-cin-argentina-en-rosario-santa-fe\/","title":{"rendered":"94\u00b0 Plenario de Rectoras y Rectores del CIN Argentina en Rosario, Santa Fe"},"content":{"rendered":"<p>El Viernes, 29 de Agosto de 2025, el Consejo Interuniversitario Nacional &#8211; CIN &#8211; se re\u00fane en el marco de su 94\u00b0 Plenario de Rectoras y Rectores. Las autoridades proyectan un encuentro que contemple la participaci\u00f3n simult\u00e1nea mediante la virtualidad de quien as\u00ed lo desee. A la vez, el evento cuenta con transmisi\u00f3n en vivo y abierta mediante su <a href=\"https:\/\/www.youtube.com\/watch?v=JQE2UFzX-zU\" target=\"_blank\" rel=\"noopener\">canal YouTube<\/a>.<\/p>\n<p>El plenario se lleva a cabo en la ciudad de Rosario, Santa Fe. La Universidad Nacional de Rosario &#8211; UNR &#8211; es la anfitriona de esta instancia de acuerdos que se espera compartir con diferentes autoridades nacionales. Asimismo, se proyecta el debate que posibilite arribar al proyecto de presupuesto universitario 2026 que debe ser presentado a la Subsecretar\u00eda de Pol\u00edticas Universitarias &#8211; SSPU &#8211; en las pr\u00f3ximas semanas.<\/p>\n<p>Asimismo, de manera simultanea al plenario, el CIN desarrolla el <a href=\"https:\/\/congresoinnovacion.cin.edu.ar\/\" target=\"_blank\" rel=\"noopener\">1\u00b0 Congreso Nacional de Innovaci\u00f3n Universitaria \u00abEnse\u00f1anza, investigaci\u00f3n, gesti\u00f3n y territorio\u00bb<\/a>\u00a0que se propone el objetivo de convocar a la docencia de las instituciones universitarias p\u00fablicas y a sus equipos de gesti\u00f3n para poner en com\u00fan buenas pr\u00e1cticas de innovaci\u00f3n, problematizar desaf\u00edos presentes y debatir opciones de transformaci\u00f3n a\u00fan pendientes.<\/p>\n<p>Es tambi\u00e9n en Rosario, Santa Fe, el 28 y el 29 de Agosto en La Siberia, Centro Universitario Rosario &#8211; CUR. Ya cerr\u00f3 la posibilidad de postular trabajos pero s\u00ed est\u00e1 abierta la <a href=\"https:\/\/congresoinnovacion.cin.edu.ar\/inscripcion\" target=\"_blank\" rel=\"noopener\">inscripci\u00f3n<\/a>\u00a0para asistentes.<\/p>\n<p>&nbsp;<\/p>\n<p><img loading=\"lazy\" decoding=\"async\" class=\"alignnone size-full wp-image-39977\" src=\"https:\/\/vocesparalelas.com.ar\/sitio\/wp-content\/uploads\/2021\/07\/CIN-LOGO-1.jpg\" alt=\"\" width=\"800\" height=\"493\" srcset=\"https:\/\/vocesparalelas.com.ar\/sitio\/wp-content\/uploads\/2021\/07\/CIN-LOGO-1.jpg 800w, https:\/\/vocesparalelas.com.ar\/sitio\/wp-content\/uploads\/2021\/07\/CIN-LOGO-1-300x185.jpg 300w, https:\/\/vocesparalelas.com.ar\/sitio\/wp-content\/uploads\/2021\/07\/CIN-LOGO-1-768x473.jpg 768w\" sizes=\"auto, (max-width: 800px) 100vw, 800px\" \/><\/p>\n<p>&nbsp;<\/p>\n","protected":false},"excerpt":{"rendered":"<p>El Viernes, 29 de Agosto de 2025, el Consejo Interuniversitario Nacional &#8211; CIN &#8211; se re\u00fane en el marco de<\/p>\n","protected":false},"author":3,"featured_media":90626,"comment_status":"closed","ping_status":"closed","sticky":false,"template":"","format":"standard","meta":{"_acf_changed":false,"_seopress_robots_primary_cat":"none","_seopress_titles_title":"","_seopress_titles_desc":"","_seopress_robots_index":"","colormag_page_container_layout":"default_layout","colormag_page_sidebar_layout":"default_layout","footnotes":""},"categories":[10],"tags":[],"class_list":["post-90267","post","type-post","status-publish","format-standard","has-post-thumbnail","hentry","category-opiniones"],"acf":[],"_links":{"self":[{"href":"https:\/\/vocesparalelas.com.ar\/sitio\/wp-json\/wp\/v2\/posts\/90267","targetHints":{"allow":["GET"]}}],"collection":[{"href":"https:\/\/vocesparalelas.com.ar\/sitio\/wp-json\/wp\/v2\/posts"}],"about":[{"href":"https:\/\/vocesparalelas.com.ar\/sitio\/wp-json\/wp\/v2\/types\/post"}],"author":[{"embeddable":true,"href":"https:\/\/vocesparalelas.com.ar\/sitio\/wp-json\/wp\/v2\/users\/3"}],"replies":[{"embeddable":true,"href":"https:\/\/vocesparalelas.com.ar\/sitio\/wp-json\/wp\/v2\/comments?post=90267"}],"version-history":[{"count":1,"href":"https:\/\/vocesparalelas.com.ar\/sitio\/wp-json\/wp\/v2\/posts\/90267\/revisions"}],"predecessor-version":[{"id":90270,"href":"https:\/\/vocesparalelas.com.ar\/sitio\/wp-json\/wp\/v2\/posts\/90267\/revisions\/90270"}],"wp:featuredmedia":[{"embeddable":true,"href":"https:\/\/vocesparalelas.com.ar\/sitio\/wp-json\/wp\/v2\/media\/90626"}],"wp:attachment":[{"href":"https:\/\/vocesparalelas.com.ar\/sitio\/wp-json\/wp\/v2\/media?parent=90267"}],"wp:term":[{"taxonomy":"category","embeddable":true,"href":"https:\/\/vocesparalelas.com.ar\/sitio\/wp-json\/wp\/v2\/categories?post=90267"},{"taxonomy":"post_tag","embeddable":true,"href":"https:\/\/vocesparalelas.com.ar\/sitio\/wp-json\/wp\/v2\/tags?post=90267"}],"curies":[{"name":"wp","href":"https:\/\/api.w.org\/{rel}","templated":true}]}}