{"id":9026,"date":"2018-01-03T22:38:23","date_gmt":"2018-01-04T01:38:23","guid":{"rendered":"http:\/\/vocesparalelas.com.ar\/sitio\/?p=9026"},"modified":"2018-01-03T22:50:09","modified_gmt":"2018-01-04T01:50:09","slug":"colonia-de-verano-2018-para-disfrutar","status":"publish","type":"post","link":"https:\/\/vocesparalelas.com.ar\/sitio\/colonia-de-verano-2018-para-disfrutar\/","title":{"rendered":"Colonia de Verano 2018 para disfrutar"},"content":{"rendered":"<p>La Municipalidad de la Ciudad Capital comenz\u00f3 una nueva temporada de la colonia de verano en el Complejo Deportivo Municipal Col\u00f3n Junior, con actividades como f\u00fatbol, handball, nataci\u00f3n, kayak, juegos y actividades recreativas. Organizada por el Ministerio de Desarrollo Humano y Promoci\u00f3n Social del Gobierno de San Juan.<\/p>\n<p>Autoridades municipales recorrieron el predio y compartieron juegos con los 900 asistentes entre ni\u00f1os, adultos mayores y personas con discapacidad. Asimismo se interiorizaron sobre la log\u00edstica que implica este programa en el cual, desayunar\u00e1n y almorzar\u00e1n en las colonias, con un men\u00fa diferenciado para pacientes con celiaqu\u00eda, obesidad y diabetes.<\/p>\n<p>A esto se suman las actividades recreativas, did\u00e1cticas y deportivas, coordinadas por Marcelo Uribe, Subdirector de Deportes, y la Prof. Anabella Flores, destacando en el equipo de profesores capacitados especialmente, a la campeona mundial de hockey sobre patines, Luciana Agudo, que trasmitir\u00e1 su experiencia tanto en los patines como en c\u00e9sped.<\/p>\n<p>Este a\u00f1o tambi\u00e9n trabajar\u00e1n en la prevenci\u00f3n de adicciones, incluyendo la posible adicci\u00f3n a las redes sociales. Un equipo de la Direcci\u00f3n de Salud municipal, con sus profesionales, est\u00e1n presentes\u00a0 para auxiliar y ayudar a los que as\u00ed lo requieran.<\/p>\n<p>Durante el primer d\u00eda de actividad estuvo presente el Vicepresidente 1\u00ba del Concejo Deliberante de la Ciudad de San Juan a cargo del Ejecutivo, Dr. Gonzalo Campos, junto a los Concejales, Javier Garc\u00eda, Oscar Vargas y Gabriel Castro; el Secretario de Gobierno, Dr. Sergio Ovalles; la Secretaria de Hacienda, CPN Sandra Orellano; Secretario de Planificaci\u00f3n Urbana, Federico Noguera, y directores de las diferentes \u00e1reas del municipio.<\/p>\n<p><img loading=\"lazy\" decoding=\"async\" class=\"alignnone size-medium wp-image-9028\" src=\"https:\/\/vocesparalelas.com.ar\/sitio\/wp-content\/uploads\/2018\/01\/CAPITAL-COLONIA-02-300x200.jpg\" alt=\"\" width=\"300\" height=\"200\" srcset=\"https:\/\/vocesparalelas.com.ar\/sitio\/wp-content\/uploads\/2018\/01\/CAPITAL-COLONIA-02-300x200.jpg 300w, https:\/\/vocesparalelas.com.ar\/sitio\/wp-content\/uploads\/2018\/01\/CAPITAL-COLONIA-02-768x512.jpg 768w, https:\/\/vocesparalelas.com.ar\/sitio\/wp-content\/uploads\/2018\/01\/CAPITAL-COLONIA-02-800x534.jpg 800w, https:\/\/vocesparalelas.com.ar\/sitio\/wp-content\/uploads\/2018\/01\/CAPITAL-COLONIA-02.jpg 1024w\" sizes=\"auto, (max-width: 300px) 100vw, 300px\" \/> <img loading=\"lazy\" decoding=\"async\" class=\"alignnone size-medium wp-image-9029\" src=\"https:\/\/vocesparalelas.com.ar\/sitio\/wp-content\/uploads\/2018\/01\/CAPITAL-COLONIA-03-300x200.jpg\" alt=\"\" width=\"300\" height=\"200\" srcset=\"https:\/\/vocesparalelas.com.ar\/sitio\/wp-content\/uploads\/2018\/01\/CAPITAL-COLONIA-03-300x200.jpg 300w, https:\/\/vocesparalelas.com.ar\/sitio\/wp-content\/uploads\/2018\/01\/CAPITAL-COLONIA-03-768x512.jpg 768w, https:\/\/vocesparalelas.com.ar\/sitio\/wp-content\/uploads\/2018\/01\/CAPITAL-COLONIA-03-800x534.jpg 800w, https:\/\/vocesparalelas.com.ar\/sitio\/wp-content\/uploads\/2018\/01\/CAPITAL-COLONIA-03.jpg 1024w\" sizes=\"auto, (max-width: 300px) 100vw, 300px\" \/><\/p>\n<p>Los colectivos que trasladan a los asistentes a la colonia pasar\u00e1n a las 7.45 por las siguientes paradas:<\/p>\n<ul>\n<li>Villa Pontoriero (Roger Ballet y Colombia) \u2013 Ad\u00e1n Quiroga y Colombia \u2013 Plaza Desamparados (Av. Libertador San Martin y Santa Mar\u00eda de Oro) \u2013 B\u00ba SMATA Camping Metal\u00fargicos (Viamonte y Cervantes) \u2013 Santa Fe 2323 (o) &#8211; Pedro de Valdivia y Paula Albarrac\u00edn de Sarmiento.<\/li>\n<li>B\u00ba Bardiani (12 de Octubre 379 e).<\/li>\n<li>Espa\u00f1a y Brasil \u2013\u2013 Colegio Ntra. Sra. de Luj\u00e1n S. Navarro 1163 (s) Pasando Arenales &#8211; Pedro de Valdivia y Espa\u00f1a &#8211; Escuela Capital Federal (Saturnino Sarassa 1445 o Pasando Espa\u00f1a).<\/li>\n<li>SUM Costa Canal III (Alem y Benav\u00eddez) \u2013 Costa Canal I (Rogelio Cerdera y Tucum\u00e1n) \u2013 B\u00ba Cabot (Club \u00c1rbol Verde). \u2013 Alem entre Corriente y Benav\u00eddez \u2013 SUM B\u00ba Gral. Acha (Gral. Acha antes de Mary O` Graham).<\/li>\n<li>Feria Municipal (Buenaventura Luna y 25 de Mayo) \u2013 Plaza Evita \u2013 V\u00aa Yupanqui- B\u00ba Catani (Gral. Acha y Corrientes &#8211; Centro de Jubilados Remanso Dorado (Corrientes 132 este).<\/li>\n<li>B\u00ba Las Lilas y Las Rosas \u2013 B\u00ba Banderas Argentina &#8211; Bodega Hagmann.- Barrio Frondizi (Plaza Juego de Maderas)<\/li>\n<li>Plaza Juan Jufr\u00e9 (Plaza de Concepci\u00f3n) \u2013 Juan Jufr\u00e9 y Entre R\u00edos, Cereceto y Gral. Roca.<\/li>\n<li>V\u00aa del Pino (Escuela Miguel Azcu\u00e9naga) \u2013 V\u00aa Don Bosco (G\u00fcemes y Mariano Moreno).<\/li>\n<li>Plaza de Trinidad (Pedro de Valdivia entre Tucum\u00e1n y Gral. Acha) \u2013 B\u00ba Manantial (Play\u00f3n Deportivo entre Agust\u00edn G\u00f3mez y Catamarca).<\/li>\n<li>V\u00aa Carolina (Calle 12 de octubre y lateral Este de Circunvalaci\u00f3n). B\u00ba Solares (Plaza).<\/li>\n<li>B\u00ba Ferroviario Norte (Las Heras y Cort\u00ednez) \u2013 Puerta del Cementerio de Capital- V\u00aa del Parque (Maradona y 25 de Mayo) \u2013 Escuela N\u00ba 29 (Av. Alem y Alberdi).<\/li>\n<li>B\u00ba San Mart\u00edn (Catamarca y Falucho).<\/li>\n<\/ul>\n<p>&nbsp;<\/p>\n<p>&nbsp;<\/p>\n","protected":false},"excerpt":{"rendered":"<p>La Municipalidad de la Ciudad Capital comenz\u00f3 una nueva temporada de la colonia de verano en el Complejo Deportivo Municipal<\/p>\n","protected":false},"author":3,"featured_media":9027,"comment_status":"closed","ping_status":"closed","sticky":false,"template":"","format":"standard","meta":{"_acf_changed":false,"_seopress_robots_primary_cat":"","_seopress_titles_title":"","_seopress_titles_desc":"","_seopress_robots_index":"","colormag_page_container_layout":"default_layout","colormag_page_sidebar_layout":"default_layout","footnotes":""},"categories":[1],"tags":[],"class_list":["post-9026","post","type-post","status-publish","format-standard","has-post-thumbnail","hentry","category-destacadas"],"acf":[],"_links":{"self":[{"href":"https:\/\/vocesparalelas.com.ar\/sitio\/wp-json\/wp\/v2\/posts\/9026","targetHints":{"allow":["GET"]}}],"collection":[{"href":"https:\/\/vocesparalelas.com.ar\/sitio\/wp-json\/wp\/v2\/posts"}],"about":[{"href":"https:\/\/vocesparalelas.com.ar\/sitio\/wp-json\/wp\/v2\/types\/post"}],"author":[{"embeddable":true,"href":"https:\/\/vocesparalelas.com.ar\/sitio\/wp-json\/wp\/v2\/users\/3"}],"replies":[{"embeddable":true,"href":"https:\/\/vocesparalelas.com.ar\/sitio\/wp-json\/wp\/v2\/comments?post=9026"}],"version-history":[{"count":0,"href":"https:\/\/vocesparalelas.com.ar\/sitio\/wp-json\/wp\/v2\/posts\/9026\/revisions"}],"wp:featuredmedia":[{"embeddable":true,"href":"https:\/\/vocesparalelas.com.ar\/sitio\/wp-json\/wp\/v2\/media\/9027"}],"wp:attachment":[{"href":"https:\/\/vocesparalelas.com.ar\/sitio\/wp-json\/wp\/v2\/media?parent=9026"}],"wp:term":[{"taxonomy":"category","embeddable":true,"href":"https:\/\/vocesparalelas.com.ar\/sitio\/wp-json\/wp\/v2\/categories?post=9026"},{"taxonomy":"post_tag","embeddable":true,"href":"https:\/\/vocesparalelas.com.ar\/sitio\/wp-json\/wp\/v2\/tags?post=9026"}],"curies":[{"name":"wp","href":"https:\/\/api.w.org\/{rel}","templated":true}]}}