{"id":90220,"date":"2025-08-22T19:30:33","date_gmt":"2025-08-22T22:30:33","guid":{"rendered":"https:\/\/vocesparalelas.com.ar\/sitio\/?p=90220"},"modified":"2025-08-22T19:30:33","modified_gmt":"2025-08-22T22:30:33","slug":"se-desarrollo-en-san-juan-el-iv-seminario-para-la-mejora-de-la-competitividad-del-transporte-de-carga-carretero-en-el-comercio-internacional","status":"publish","type":"post","link":"https:\/\/vocesparalelas.com.ar\/sitio\/se-desarrollo-en-san-juan-el-iv-seminario-para-la-mejora-de-la-competitividad-del-transporte-de-carga-carretero-en-el-comercio-internacional\/","title":{"rendered":"Se desarroll\u00f3 en San Juan el IV Seminario para la Mejora de la Competitividad del Transporte de Carga Carretero en el Comercio Internacional"},"content":{"rendered":"<p>San Juan fue escenario de un encuentro clave para el desarrollo log\u00edstico y productivo del pa\u00eds. El IV Seminario para la Mejora de la Competitividad del Transporte de Carga Carretero en el Comercio Internacional y la Miner\u00eda reuni\u00f3 a funcionarios, empresarios y especialistas en el SUM de la Universidad Cat\u00f3lica de Cuyo, con el objetivo de fortalecer la log\u00edstica nacional e internacional mediante el an\u00e1lisis, la capacitaci\u00f3n y la generaci\u00f3n de acuerdos estrat\u00e9gicos.<\/p>\n<p>El acto de apertura cont\u00f3 con la participaci\u00f3n del vicegobernador Dr. Fabi\u00e1n Mart\u00edn, quien entreg\u00f3 la declaraci\u00f3n de inter\u00e9s emitida por la C\u00e1mara de Diputados provincial. Tambi\u00e9n estuvieron presentes el secretario de Coordinaci\u00f3n para el Desarrollo Econ\u00f3mico, Alfredo Aciar, y el vicepresidente de FADEEAC, Juan Novaro.<\/p>\n<p>En ese marco, se firmaron cartas de intenci\u00f3n entre el Gobierno de San Juan, FADEEAC, UPROCAM, la Fundaci\u00f3n Profesional para el Transporte y la Universidad Cat\u00f3lica de Cuyo, orientadas a la elaboraci\u00f3n de informes de costos, el impulso de investigaciones y la creaci\u00f3n de instancias de capacitaci\u00f3n.<\/p>\n<p><img loading=\"lazy\" decoding=\"async\" class=\"alignnone size-full wp-image-90226\" src=\"https:\/\/vocesparalelas.com.ar\/sitio\/wp-content\/uploads\/2025\/08\/MINERIA-JORNADA-04.jpg\" alt=\"\" width=\"800\" height=\"533\" srcset=\"https:\/\/vocesparalelas.com.ar\/sitio\/wp-content\/uploads\/2025\/08\/MINERIA-JORNADA-04.jpg 800w, https:\/\/vocesparalelas.com.ar\/sitio\/wp-content\/uploads\/2025\/08\/MINERIA-JORNADA-04-300x200.jpg 300w, https:\/\/vocesparalelas.com.ar\/sitio\/wp-content\/uploads\/2025\/08\/MINERIA-JORNADA-04-768x512.jpg 768w\" sizes=\"auto, (max-width: 800px) 100vw, 800px\" \/><\/p>\n<p>El vicegobernador de San Juan, Dr. Fabi\u00e1n Mart\u00edn expres\u00f3 que \u00abeste tipo de iniciativas y carreras son vitales para que las comunidades puedan desarrollarse y mantenerse arraigadas en sus territorios, con un futuro prometedor en sectores clave como la miner\u00eda, la agricultura y el turismo. Tenemos que entender que el crecimiento no es individual, sino colectivo. La riqueza de nuestra provincia es inmensa, tanto en recursos naturales como en el potencial de su gente. Contamos con una agricultura pujante, con olivos, pistachos y mucho m\u00e1s para ofrecer a los sanjuaninos, a los argentinos y al mundo. En el sector minero y en toda la econom\u00eda, nuestro gobierno, liderado por Marcelo Orrego, gestiona con determinaci\u00f3n para mejorar la infraestructura vial, la seguridad y la salud. Estamos trabajando arduamente para recuperar y crear puestos de trabajo, mejorar la competitividad de cada sector y construir la infraestructura que nuestra regi\u00f3n merece\u201d.<\/p>\n<p>En la misma l\u00ednea, el secretario Alfredo Aciar afirm\u00f3 que \u00abes un honor para m\u00ed dar la punta inicial a este cuarto seminario para la mejora de la competitividad del transporte carretero de carga. Un tema de absoluta relevancia para la econom\u00eda de la provincia y para todos los argentinos. Y lo es porque est\u00e1 \u00edntimamente ligado a la miner\u00eda, la actividad que ha puesto a San Juan en el mapa nacional e internacional. Hoy estamos inmersos en una actividad que es observada y seguida por todos. De alguna manera, los argentinos somos privilegiados por nuestra naturaleza. La Cordillera de los Andes, uno de los activos m\u00e1s importantes del pa\u00eds, se encuentra en territorio sanjuanino. Y en ella yacen recursos valuados en miles de millones de d\u00f3lares que, en este momento, permanecen ah\u00ed, enterrados. El gran objetivo de la provincia es, como siempre decimos, ponernos a trabajar y producir. Porque esa es la \u00fanica manera de generar lo que todos anhelamos: el crecimiento de la provincia\u201d.<\/p>\n<p>La agenda incluy\u00f3 paneles sobre econom\u00eda en transici\u00f3n, evoluci\u00f3n de los costos del transporte, an\u00e1lisis macroecon\u00f3mico y experiencias log\u00edsticas en alta monta\u00f1a. Tambi\u00e9n se abordaron temas vinculados al transporte multimodal, la competitividad en inversiones, la capacitaci\u00f3n de conductores en zonas monta\u00f1osas y la evaluaci\u00f3n neuropsicol\u00f3gica aplicada a la conducci\u00f3n.<\/p>\n<p>El cierre de la jornada estuvo a cargo de autoridades provinciales, representantes de UPROCAM y directivos de FADEEAC y FPT, quienes destacaron la importancia de trabajar en conjunto para adaptar el transporte a los desaf\u00edos econ\u00f3micos, tecnol\u00f3gicos y sociales actuales.<\/p>\n<p><img loading=\"lazy\" decoding=\"async\" class=\"alignnone size-full wp-image-90223\" src=\"https:\/\/vocesparalelas.com.ar\/sitio\/wp-content\/uploads\/2025\/08\/MINERIA-JORNADA-01.jpg\" alt=\"\" width=\"800\" height=\"533\" srcset=\"https:\/\/vocesparalelas.com.ar\/sitio\/wp-content\/uploads\/2025\/08\/MINERIA-JORNADA-01.jpg 800w, https:\/\/vocesparalelas.com.ar\/sitio\/wp-content\/uploads\/2025\/08\/MINERIA-JORNADA-01-300x200.jpg 300w, https:\/\/vocesparalelas.com.ar\/sitio\/wp-content\/uploads\/2025\/08\/MINERIA-JORNADA-01-768x512.jpg 768w\" sizes=\"auto, (max-width: 800px) 100vw, 800px\" \/><\/p>\n<p>Estuvieron presentes el vicepresidente primero de la C\u00e1mara de Diputados, Enzo Cornejo; el diputado provincial Juan Cruz C\u00f3rdoba, los secretarios de Industria, Comercio y Servicios, Alejandro Mart\u00edn; de Ciencia, Tecnolog\u00eda e Innovaci\u00f3n, Germ\u00e1n Von Euw; de Tr\u00e1nsito y Transporte, Marcelo Molina; y los directores de Comercio Exterior, Adri\u00e1n Alonso; y de Pymes y Emprendedores, Jos\u00e9 Carpino. Tambi\u00e9n participaron, el Presidente de UPROCAM, Jos\u00e9 Maldonado, el Vicepresidente FADEAC, Juan Novara, el presidente de FPT, Sergio Ruppel, el decano de la Facultad de Filosof\u00eda de la Universidad Cat\u00f3lica de Cuyo, Leonardo Videla, el decano de la Facultad de Ciencias Qu\u00edmicas y Tecnol\u00f3gicas, Mauro Verg\u00e9s, y el Vice-Rector de Formaci\u00f3n Religiosa de la Universidad Cat\u00f3lica de Cuyo, presb\u00edtero \u00c1ngel Hern\u00e1ndez.<\/p>\n<p><img loading=\"lazy\" decoding=\"async\" class=\"alignnone size-full wp-image-90225\" src=\"https:\/\/vocesparalelas.com.ar\/sitio\/wp-content\/uploads\/2025\/08\/MINERIA-JORNADA-03.jpg\" alt=\"\" width=\"800\" height=\"533\" srcset=\"https:\/\/vocesparalelas.com.ar\/sitio\/wp-content\/uploads\/2025\/08\/MINERIA-JORNADA-03.jpg 800w, https:\/\/vocesparalelas.com.ar\/sitio\/wp-content\/uploads\/2025\/08\/MINERIA-JORNADA-03-300x200.jpg 300w, https:\/\/vocesparalelas.com.ar\/sitio\/wp-content\/uploads\/2025\/08\/MINERIA-JORNADA-03-768x512.jpg 768w\" sizes=\"auto, (max-width: 800px) 100vw, 800px\" \/><\/p>\n","protected":false},"excerpt":{"rendered":"<p>San Juan fue escenario de un encuentro clave para el desarrollo log\u00edstico y productivo del pa\u00eds. El IV Seminario para<\/p>\n","protected":false},"author":3,"featured_media":90239,"comment_status":"closed","ping_status":"closed","sticky":false,"template":"","format":"standard","meta":{"_acf_changed":false,"_seopress_robots_primary_cat":"none","_seopress_titles_title":"","_seopress_titles_desc":"","_seopress_robots_index":"","colormag_page_container_layout":"default_layout","colormag_page_sidebar_layout":"default_layout","footnotes":""},"categories":[1],"tags":[],"class_list":["post-90220","post","type-post","status-publish","format-standard","has-post-thumbnail","hentry","category-destacadas"],"acf":[],"_links":{"self":[{"href":"https:\/\/vocesparalelas.com.ar\/sitio\/wp-json\/wp\/v2\/posts\/90220","targetHints":{"allow":["GET"]}}],"collection":[{"href":"https:\/\/vocesparalelas.com.ar\/sitio\/wp-json\/wp\/v2\/posts"}],"about":[{"href":"https:\/\/vocesparalelas.com.ar\/sitio\/wp-json\/wp\/v2\/types\/post"}],"author":[{"embeddable":true,"href":"https:\/\/vocesparalelas.com.ar\/sitio\/wp-json\/wp\/v2\/users\/3"}],"replies":[{"embeddable":true,"href":"https:\/\/vocesparalelas.com.ar\/sitio\/wp-json\/wp\/v2\/comments?post=90220"}],"version-history":[{"count":1,"href":"https:\/\/vocesparalelas.com.ar\/sitio\/wp-json\/wp\/v2\/posts\/90220\/revisions"}],"predecessor-version":[{"id":90242,"href":"https:\/\/vocesparalelas.com.ar\/sitio\/wp-json\/wp\/v2\/posts\/90220\/revisions\/90242"}],"wp:featuredmedia":[{"embeddable":true,"href":"https:\/\/vocesparalelas.com.ar\/sitio\/wp-json\/wp\/v2\/media\/90239"}],"wp:attachment":[{"href":"https:\/\/vocesparalelas.com.ar\/sitio\/wp-json\/wp\/v2\/media?parent=90220"}],"wp:term":[{"taxonomy":"category","embeddable":true,"href":"https:\/\/vocesparalelas.com.ar\/sitio\/wp-json\/wp\/v2\/categories?post=90220"},{"taxonomy":"post_tag","embeddable":true,"href":"https:\/\/vocesparalelas.com.ar\/sitio\/wp-json\/wp\/v2\/tags?post=90220"}],"curies":[{"name":"wp","href":"https:\/\/api.w.org\/{rel}","templated":true}]}}