{"id":9019,"date":"2018-01-03T22:18:10","date_gmt":"2018-01-04T01:18:10","guid":{"rendered":"http:\/\/vocesparalelas.com.ar\/sitio\/?p=9019"},"modified":"2018-01-03T22:27:51","modified_gmt":"2018-01-04T01:27:51","slug":"el-dakar-es-un-sueno-para-los-que-parten-y-un-desafio-para-los-que-llegan","status":"publish","type":"post","link":"https:\/\/vocesparalelas.com.ar\/sitio\/el-dakar-es-un-sueno-para-los-que-parten-y-un-desafio-para-los-que-llegan\/","title":{"rendered":"El DAKAR es un sue\u00f1o para los que parten y un desaf\u00edo para los que llegan"},"content":{"rendered":"<p>La carrera m\u00e1s dif\u00edcil del mundo presenta todos los condimentos posibles. Desde adrenalina, miedo, paciencia e impaciencia, riesgo, hasta desahogo y felicidad por el deber cumplido.<\/p>\n<p>Alberto \u201cPuchi\u201d Ontiveros corra su quinta edici\u00f3n no es poca cosa, mucho menos que haya terminado las cuatro anteriores. El Dakar es la competencia m\u00e1s dura del mundo en lo que respecta a Rally Raid, porque se mezclan un mont\u00f3n de factores que la hacen \u00fanica.<\/p>\n<p>El miedo antes, durante y posterior a cada etapa es notable, teniendo en cuenta el riesgo que corren los participantes. Pero muchas veces, la adrenalina, el esp\u00edritu de solidaridad y las ganas de cumplir un sue\u00f1o pueden ser grandes alicientes y justificativos suficientes para afrontar este desaf\u00edo.<\/p>\n<p>Hace pocos d\u00edas en una nota con la Secretar\u00eda de Deportes, \u201cPuchi\u201d manifest\u00f3 que \u201cel miedo siempre est\u00e1 presente, la persona que no tiene miedo no est\u00e1 en sus cabales. He visto compa\u00f1eros fallecidos, pero ese miedo me hace sobrevivir y conocer mis l\u00edmites\u201d.<\/p>\n<p>La competencia, organizada a partir del 26 de diciembre de 1978, comenz\u00f3 en Senegal, pa\u00eds que recibi\u00f3 al Dakar en 28 oportunidades. A lo largo de sus 39 ediciones ha recorrido el continente africano, europeo y americano. Argentina albergar\u00e1 este desaf\u00edo por 10ma vez en la historia, contando desde el a\u00f1o 2009.<\/p>\n<p>Las m\u00e1quinas llegaron a la Cuidad de Lima, lugar que dar\u00e1 inicio a la competencia. En esta ocasi\u00f3n la competencia recorrer\u00e1 m\u00e1s de 8.700 kil\u00f3metros con final en C\u00f3rdoba el 20 de Enero. Dos d\u00edas antes llegan a San Juan y al d\u00eda siguiente parten hacia las sierras cordobesas en la pen\u00faltima etapa de la competencia. En total, se inscribieron 525 participantes de 54 nacionalidades. Hay 343 veh\u00edculos, que se dividen en 142 motos, 51 cuatriciclos; 105 coches y 45 camiones.<\/p>\n<p>\u201cDefinir si es m\u00e1s importante abandonar la carrera o terminar y volver a casa para contarlo, esa l\u00ednea tan fina es la que motiva a seguir. Ah\u00ed radica nuestra pasi\u00f3n y sue\u00f1o\u201d, cuenta Ontiveros.<\/p>\n<p>&nbsp;<\/p>\n<p><iframe loading=\"lazy\" width=\"800\" height=\"450\" src=\"https:\/\/www.youtube.com\/embed\/4_hGEnEOyeU?feature=oembed\" frameborder=\"0\" gesture=\"media\" allow=\"encrypted-media\" allowfullscreen><\/iframe><\/p>\n<p>&nbsp;<\/p>\n","protected":false},"excerpt":{"rendered":"<p>La carrera m\u00e1s dif\u00edcil del mundo presenta todos los condimentos posibles. Desde adrenalina, miedo, paciencia e impaciencia, riesgo, hasta desahogo<\/p>\n","protected":false},"author":3,"featured_media":9024,"comment_status":"closed","ping_status":"closed","sticky":false,"template":"","format":"video","meta":{"_acf_changed":false,"_seopress_robots_primary_cat":"","_seopress_titles_title":"","_seopress_titles_desc":"","_seopress_robots_index":"","colormag_page_container_layout":"default_layout","colormag_page_sidebar_layout":"default_layout","footnotes":""},"categories":[1,7],"tags":[],"class_list":["post-9019","post","type-post","status-publish","format-video","has-post-thumbnail","hentry","category-destacadas","category-videos","post_format-post-format-video"],"acf":[],"_links":{"self":[{"href":"https:\/\/vocesparalelas.com.ar\/sitio\/wp-json\/wp\/v2\/posts\/9019","targetHints":{"allow":["GET"]}}],"collection":[{"href":"https:\/\/vocesparalelas.com.ar\/sitio\/wp-json\/wp\/v2\/posts"}],"about":[{"href":"https:\/\/vocesparalelas.com.ar\/sitio\/wp-json\/wp\/v2\/types\/post"}],"author":[{"embeddable":true,"href":"https:\/\/vocesparalelas.com.ar\/sitio\/wp-json\/wp\/v2\/users\/3"}],"replies":[{"embeddable":true,"href":"https:\/\/vocesparalelas.com.ar\/sitio\/wp-json\/wp\/v2\/comments?post=9019"}],"version-history":[{"count":0,"href":"https:\/\/vocesparalelas.com.ar\/sitio\/wp-json\/wp\/v2\/posts\/9019\/revisions"}],"wp:featuredmedia":[{"embeddable":true,"href":"https:\/\/vocesparalelas.com.ar\/sitio\/wp-json\/wp\/v2\/media\/9024"}],"wp:attachment":[{"href":"https:\/\/vocesparalelas.com.ar\/sitio\/wp-json\/wp\/v2\/media?parent=9019"}],"wp:term":[{"taxonomy":"category","embeddable":true,"href":"https:\/\/vocesparalelas.com.ar\/sitio\/wp-json\/wp\/v2\/categories?post=9019"},{"taxonomy":"post_tag","embeddable":true,"href":"https:\/\/vocesparalelas.com.ar\/sitio\/wp-json\/wp\/v2\/tags?post=9019"}],"curies":[{"name":"wp","href":"https:\/\/api.w.org\/{rel}","templated":true}]}}