{"id":90189,"date":"2025-08-21T23:25:53","date_gmt":"2025-08-22T02:25:53","guid":{"rendered":"https:\/\/vocesparalelas.com.ar\/sitio\/?p=90189"},"modified":"2025-08-23T12:39:55","modified_gmt":"2025-08-23T15:39:55","slug":"grandes-muestras-para-disfrutar-en-familia-en-el-mpbafr-de-san-juan","status":"publish","type":"post","link":"https:\/\/vocesparalelas.com.ar\/sitio\/grandes-muestras-para-disfrutar-en-familia-en-el-mpbafr-de-san-juan\/","title":{"rendered":"Grandes muestras para disfrutar en familia en el MPBAFR de San Juan"},"content":{"rendered":"<p>El Museo Provincial de Bellas Artes Franklin Rawson dependiente del Ministerio de Turismo, Cultura y Deporte del Gobierno de San Juan invita a la comunidad el Viernes, 22 de Agosto, a las 20 hs., con entrada libre y gratuita a la inauguraci\u00f3n de un nuevo bloque expositivo que re\u00fane importantes muestras de arte contempor\u00e1neo, homenajes y rescates hist\u00f3ricos.<\/p>\n<p>La velada cuenta adem\u00e1s de un show en vivo de Salas \u00c1brego, DJ y curador musical que propone sets como relatos r\u00edtmicos, explorando sonidos y expresiones m\u00e1s all\u00e1 de los g\u00e9neros.<\/p>\n<p>En la Sala 1 se presenta BIENALSUR \u2013 \u201cFragmentar la obsolescencia. De c\u00f3mo la Tierra se parece al cielo\u201d, con la curadur\u00eda de Clarisa Appendino.<\/p>\n<p>El Franklin Rawson vuelve a ser sede de la Bienal Internacional de Arte Contempor\u00e1neo de Am\u00e9rica del Sur, con obras de artistas de Argentina, Uruguay, Brasil y M\u00e9xico. Se pueden ver trabajos de Ana Bidart; Marcos Calvari; Ina Estevez; Rodrigo Etem; Andr\u00e9 Komatsu; Bruna Mayer; Juli\u00e1n Pesce; Nicolas Robbio;Francisco V\u00e1zquez Murillo; Augusto Zanella.<\/p>\n<p><iframe loading=\"lazy\" title=\"MPBAFR DIRECTOR LIC EMANUEL D\u00cdAZ RUIZ\" width=\"800\" height=\"450\" src=\"https:\/\/www.youtube.com\/embed\/6cDt1yO8jmY?feature=oembed\" frameborder=\"0\" allow=\"accelerometer; autoplay; clipboard-write; encrypted-media; gyroscope; picture-in-picture; web-share\" referrerpolicy=\"strict-origin-when-cross-origin\" allowfullscreen><\/iframe><\/p>\n<p>La propuesta del MPBAFR se denomina \u201cFragmentar la obsolescencia. De c\u00f3mo la Tierra se parece al cielo\u201d e intenta indagar obras y artistas que formulan posibles fragmentaciones, rupturas, esquirlas a la noci\u00f3n moderna de progreso tecnol\u00f3gico; invitando a reflexionar sobre la materia y el tiempo, las cosas y su durabilidad, con el desaf\u00edo de fragmentar el futuro actualmente impuesto. Intenta entrelazar diferentes pasados, tiempos y espacios.<\/p>\n<p>\u201cAlberto Delmonte y el entorno torresgarciano\u201d, est\u00e1 en la Sala 2. Por primera vez en San Juan se presenta una muestra de Alberto Delmonte, con pinturas, esculturas, xilocollages y grabados. Sus obras dialogan con las de Joaqu\u00edn Torres Garc\u00eda y su taller, poniendo en valor la influencia del arte constructivo en Argentina. La selecci\u00f3n prev\u00e9 alrededor de 20 obras de Delmonte. La curadora es Mar\u00eda Cristina Rossi.<\/p>\n<p>Tambi\u00e9n, es parte de este bloque expositivo el \u201cInstituto Superior de Arte. Hito en el arte de San Juan\u201d, con los curadores: Silvina Mart\u00ednez y Eduardo Pe\u00f1afort.<\/p>\n<p>La exposici\u00f3n, en la sala 3, rinde homenaje a los fundadores del Instituto Superior de Arte &#8211; ISA -, creado en 1959, instituci\u00f3n pionera en la formaci\u00f3n art\u00edstica sistem\u00e1tica en la provincia y antecedente directo de la Universidad Nacional de San Juan. Por primera vez se exhibe documentaci\u00f3n hist\u00f3rica y material de archivo.<\/p>\n<p>En este contexto, Voces Paralelas desarroll\u00f3 una entrevista period\u00edstica a la Prof. Silvina Mart\u00ednez, quien explic\u00f3 lo que signific\u00f3 en San Juan el Instituto Superior de Arte porque fue el inicio del aprendizaje\u00a0 del dibujo y de la pintura.<\/p>\n<p><iframe loading=\"lazy\" title=\"MPBAFR PROF SILVINA MARTINEZ \" width=\"800\" height=\"450\" src=\"https:\/\/www.youtube.com\/embed\/KgubBJOnToA?feature=oembed\" frameborder=\"0\" allow=\"accelerometer; autoplay; clipboard-write; encrypted-media; gyroscope; picture-in-picture; web-share\" referrerpolicy=\"strict-origin-when-cross-origin\" allowfullscreen><\/iframe><\/p>\n<p>Posteriormente, el Prof. Eduardo Pe\u00f1afort destac\u00f3 el trabajo que se realiz\u00f3 para buscar la obras de arte que realizaron aquellos alumnos en clase y que fue el inicio de expresiones a trav\u00e9s de la historia del arte de San Juan. El camino recorrido para lograr esta exposici\u00f3n fue muy interesante porque se vio involucrada las familias de aquella generaci\u00f3n y el compromiso de buscar y poder destacar los caminos. hasta fotograf\u00edas han podido rescatar.<\/p>\n<p><iframe loading=\"lazy\" title=\"MPBAFR PROF EDUARDO PE\u00d1AFORT \" width=\"800\" height=\"450\" src=\"https:\/\/www.youtube.com\/embed\/rVTV3rLSsh8?feature=oembed\" frameborder=\"0\" allow=\"accelerometer; autoplay; clipboard-write; encrypted-media; gyroscope; picture-in-picture; web-share\" referrerpolicy=\"strict-origin-when-cross-origin\" allowfullscreen><\/iframe><\/p>\n<p>Finalmente, en el Foyer se presenta \u201cStimmungsbilder Karl Oenike. Pintor y fot\u00f3grafo viajero en Argentina, Paraguay y Brasil (1887-1891)\u201d.\u00a0 Se pueden observar registros in\u00e9ditos del paisajista alem\u00e1n Johann Karl Oenike, quien retrat\u00f3 paisajes sanjuaninos y de Sudam\u00e9rica a fines del siglo XIX. La muestra incluye dibujos y fotograf\u00edas recuperadas y digitalizadas tras d\u00e9cadas en los archivos del Linden Museum de Stuttgart.<\/p>\n<p>Cabe se\u00f1alar que en 1936 el legado pict\u00f3rico y fotogr\u00e1fico de Oenike fue dado en pr\u00e9stamo al Linden Museum, de Stuttgart, Alemania, y desde entonces permaneci\u00f3 en su dep\u00f3sito. Reci\u00e9n en 2021, con pocas pistas de la existencia de una obra cuantiosa, se logr\u00f3 que el museo investigue en sus archivos, y se recuperen y digitalicen 35 fotos y 97 dibujos sobre un legado de 385 obras diversas. Los curadores ser\u00e1n In\u00e9s Yujnovsky y Roberto Liebenthal.<\/p>\n<p><strong><span style=\"color: #ff6600;\">Visitas<\/span><\/strong><\/p>\n<p>Las muestras pueden visitarse desde el S\u00e1bado 23 de Agosto, de martes a domingo, de 12 a 20 horas. La entrada general tiene un costo de $500; jubilados y estudiantes: $300; ni\u00f1os menores de 6 a\u00f1os: gratis. Los Domingos la entrada gratuita.<\/p>\n<p>Con este bloque expositivo, el Museo Provincial de Bellas Artes Franklin Rawson refuerza su rol como espacio cultural de referencia en la regi\u00f3n, ofreciendo al p\u00fablico local y visitante una agenda diversa, con propuestas que van desde la vanguardia internacional hasta la memoria hist\u00f3rica de San Juan.<\/p>\n<figure id=\"attachment_39924\" aria-describedby=\"caption-attachment-39924\" style=\"width: 800px\" class=\"wp-caption alignnone\"><img loading=\"lazy\" decoding=\"async\" class=\"size-full wp-image-39924\" src=\"https:\/\/vocesparalelas.com.ar\/sitio\/wp-content\/uploads\/2021\/07\/MPBAFR-OBRA-02.jpg\" alt=\"\" width=\"800\" height=\"533\" srcset=\"https:\/\/vocesparalelas.com.ar\/sitio\/wp-content\/uploads\/2021\/07\/MPBAFR-OBRA-02.jpg 800w, https:\/\/vocesparalelas.com.ar\/sitio\/wp-content\/uploads\/2021\/07\/MPBAFR-OBRA-02-300x200.jpg 300w, https:\/\/vocesparalelas.com.ar\/sitio\/wp-content\/uploads\/2021\/07\/MPBAFR-OBRA-02-768x512.jpg 768w\" sizes=\"auto, (max-width: 800px) 100vw, 800px\" \/><figcaption id=\"caption-attachment-39924\" class=\"wp-caption-text\">Museo Provincial de Bellas Artes Franklin Rawson, Provincia de San Juan, Rep\u00fablica Argentina<\/figcaption><\/figure>\n","protected":false},"excerpt":{"rendered":"<p>El Museo Provincial de Bellas Artes Franklin Rawson dependiente del Ministerio de Turismo, Cultura y Deporte del Gobierno de San<\/p>\n","protected":false},"author":3,"featured_media":90199,"comment_status":"closed","ping_status":"closed","sticky":false,"template":"","format":"standard","meta":{"_acf_changed":false,"_seopress_robots_primary_cat":"none","_seopress_titles_title":"","_seopress_titles_desc":"","_seopress_robots_index":"","colormag_page_container_layout":"default_layout","colormag_page_sidebar_layout":"default_layout","footnotes":""},"categories":[20,7],"tags":[],"class_list":["post-90189","post","type-post","status-publish","format-standard","has-post-thumbnail","hentry","category-cartelera","category-videos"],"acf":[],"_links":{"self":[{"href":"https:\/\/vocesparalelas.com.ar\/sitio\/wp-json\/wp\/v2\/posts\/90189","targetHints":{"allow":["GET"]}}],"collection":[{"href":"https:\/\/vocesparalelas.com.ar\/sitio\/wp-json\/wp\/v2\/posts"}],"about":[{"href":"https:\/\/vocesparalelas.com.ar\/sitio\/wp-json\/wp\/v2\/types\/post"}],"author":[{"embeddable":true,"href":"https:\/\/vocesparalelas.com.ar\/sitio\/wp-json\/wp\/v2\/users\/3"}],"replies":[{"embeddable":true,"href":"https:\/\/vocesparalelas.com.ar\/sitio\/wp-json\/wp\/v2\/comments?post=90189"}],"version-history":[{"count":1,"href":"https:\/\/vocesparalelas.com.ar\/sitio\/wp-json\/wp\/v2\/posts\/90189\/revisions"}],"predecessor-version":[{"id":90202,"href":"https:\/\/vocesparalelas.com.ar\/sitio\/wp-json\/wp\/v2\/posts\/90189\/revisions\/90202"}],"wp:featuredmedia":[{"embeddable":true,"href":"https:\/\/vocesparalelas.com.ar\/sitio\/wp-json\/wp\/v2\/media\/90199"}],"wp:attachment":[{"href":"https:\/\/vocesparalelas.com.ar\/sitio\/wp-json\/wp\/v2\/media?parent=90189"}],"wp:term":[{"taxonomy":"category","embeddable":true,"href":"https:\/\/vocesparalelas.com.ar\/sitio\/wp-json\/wp\/v2\/categories?post=90189"},{"taxonomy":"post_tag","embeddable":true,"href":"https:\/\/vocesparalelas.com.ar\/sitio\/wp-json\/wp\/v2\/tags?post=90189"}],"curies":[{"name":"wp","href":"https:\/\/api.w.org\/{rel}","templated":true}]}}