{"id":90168,"date":"2025-08-21T23:27:35","date_gmt":"2025-08-22T02:27:35","guid":{"rendered":"https:\/\/vocesparalelas.com.ar\/sitio\/?p=90168"},"modified":"2025-08-22T00:06:23","modified_gmt":"2025-08-22T03:06:23","slug":"suspenden-las-actividades-universitarias-en-la-unsj-por-el-viento-zonda-hasta-la-manana-del-22-de-agosto","status":"publish","type":"post","link":"https:\/\/vocesparalelas.com.ar\/sitio\/suspenden-las-actividades-universitarias-en-la-unsj-por-el-viento-zonda-hasta-la-manana-del-22-de-agosto\/","title":{"rendered":"Suspenden las Actividades Universitarias en la UNSJ por el Viento Zonda hasta la ma\u00f1ana del 22 de Agosto"},"content":{"rendered":"<p>A ra\u00edz del pron\u00f3stico de viento Zonda, los Institutos Preuniversitarios\u00a0 Escuela de Comercio, el Colegio Central Universitario y la Escuela Industrial, las Facultades y la Escuela Universitaria de Ciencias de la Salud de la UNSJ suspenden sus actividades de la siesta y tarde del Jueves, 21 de Agosto hasta la Ma\u00f1ana del Viernes, 22 de 2025.<\/p>\n<p><iframe loading=\"lazy\" title=\"SAN JUAN VIENTO ZONDA \" width=\"800\" height=\"450\" src=\"https:\/\/www.youtube.com\/embed\/AalgozjiQUM?feature=oembed\" frameborder=\"0\" allow=\"accelerometer; autoplay; clipboard-write; encrypted-media; gyroscope; picture-in-picture; web-share\" referrerpolicy=\"strict-origin-when-cross-origin\" allowfullscreen><\/iframe><\/p>\n<p>La Facultad de Ingenier\u00eda, la Facultad de Ciencias Exactas, F\u00edsicas y Naturales, la Facultad de Ciencias Sociales y la Facultad de Arquitectura, Urbanismo y Dise\u00f1o suspenden actividades administrativas y acad\u00e9micas.<\/p>\n<p>La Facultad de Filosof\u00eda, Humanidades y Artes y la Escuela Universitaria de Ciencias de la Salud suspenden actividades administrativas y acad\u00e9micas<\/p>\n<p>El Complejo Deportivo \u00abEl Palomar\u00bb suspende actividades deportivas, administrativas y de atenci\u00f3n al p\u00fablico.<\/p>\n<p>El Comedor Universitario funciona de forma habitual para el servicio de cena.<\/p>\n<p>La medida se toma de acuerdo al Alerta Meteorol\u00f3gico de hoy emitido por el Servicio Meteorol\u00f3gico Nacional y Direcci\u00f3n de Protecci\u00f3n Civil de la Provincia de San Juan.<\/p>\n<p><img loading=\"lazy\" decoding=\"async\" class=\"alignnone size-full wp-image-54097\" src=\"https:\/\/vocesparalelas.com.ar\/sitio\/wp-content\/uploads\/2022\/11\/UNSJ-EDIFICIO.jpg\" alt=\"\" width=\"800\" height=\"600\" srcset=\"https:\/\/vocesparalelas.com.ar\/sitio\/wp-content\/uploads\/2022\/11\/UNSJ-EDIFICIO.jpg 800w, https:\/\/vocesparalelas.com.ar\/sitio\/wp-content\/uploads\/2022\/11\/UNSJ-EDIFICIO-300x225.jpg 300w, https:\/\/vocesparalelas.com.ar\/sitio\/wp-content\/uploads\/2022\/11\/UNSJ-EDIFICIO-768x576.jpg 768w\" sizes=\"auto, (max-width: 800px) 100vw, 800px\" \/><\/p>\n","protected":false},"excerpt":{"rendered":"<p>A ra\u00edz del pron\u00f3stico de viento Zonda, los Institutos Preuniversitarios\u00a0 Escuela de Comercio, el Colegio Central Universitario y la Escuela<\/p>\n","protected":false},"author":3,"featured_media":20916,"comment_status":"closed","ping_status":"closed","sticky":false,"template":"","format":"standard","meta":{"_acf_changed":false,"_seopress_robots_primary_cat":"none","_seopress_titles_title":"","_seopress_titles_desc":"","_seopress_robots_index":"","colormag_page_container_layout":"default_layout","colormag_page_sidebar_layout":"default_layout","footnotes":""},"categories":[1,7],"tags":[],"class_list":["post-90168","post","type-post","status-publish","format-standard","has-post-thumbnail","hentry","category-destacadas","category-videos"],"acf":[],"_links":{"self":[{"href":"https:\/\/vocesparalelas.com.ar\/sitio\/wp-json\/wp\/v2\/posts\/90168","targetHints":{"allow":["GET"]}}],"collection":[{"href":"https:\/\/vocesparalelas.com.ar\/sitio\/wp-json\/wp\/v2\/posts"}],"about":[{"href":"https:\/\/vocesparalelas.com.ar\/sitio\/wp-json\/wp\/v2\/types\/post"}],"author":[{"embeddable":true,"href":"https:\/\/vocesparalelas.com.ar\/sitio\/wp-json\/wp\/v2\/users\/3"}],"replies":[{"embeddable":true,"href":"https:\/\/vocesparalelas.com.ar\/sitio\/wp-json\/wp\/v2\/comments?post=90168"}],"version-history":[{"count":6,"href":"https:\/\/vocesparalelas.com.ar\/sitio\/wp-json\/wp\/v2\/posts\/90168\/revisions"}],"predecessor-version":[{"id":90210,"href":"https:\/\/vocesparalelas.com.ar\/sitio\/wp-json\/wp\/v2\/posts\/90168\/revisions\/90210"}],"wp:featuredmedia":[{"embeddable":true,"href":"https:\/\/vocesparalelas.com.ar\/sitio\/wp-json\/wp\/v2\/media\/20916"}],"wp:attachment":[{"href":"https:\/\/vocesparalelas.com.ar\/sitio\/wp-json\/wp\/v2\/media?parent=90168"}],"wp:term":[{"taxonomy":"category","embeddable":true,"href":"https:\/\/vocesparalelas.com.ar\/sitio\/wp-json\/wp\/v2\/categories?post=90168"},{"taxonomy":"post_tag","embeddable":true,"href":"https:\/\/vocesparalelas.com.ar\/sitio\/wp-json\/wp\/v2\/tags?post=90168"}],"curies":[{"name":"wp","href":"https:\/\/api.w.org\/{rel}","templated":true}]}}