{"id":90141,"date":"2025-08-20T23:44:47","date_gmt":"2025-08-21T02:44:47","guid":{"rendered":"https:\/\/vocesparalelas.com.ar\/sitio\/?p=90141"},"modified":"2025-08-22T00:09:04","modified_gmt":"2025-08-22T03:09:04","slug":"una-gestion-a-puertas-abiertas-para-fortalecer-la-fcefn-de-la-unsj","status":"publish","type":"post","link":"https:\/\/vocesparalelas.com.ar\/sitio\/una-gestion-a-puertas-abiertas-para-fortalecer-la-fcefn-de-la-unsj\/","title":{"rendered":"Una gesti\u00f3n a puertas abiertas para fortalecer la FCEFN de la UNSJ"},"content":{"rendered":"<p>El 1 de Julio asumieron las nuevas autoridades elegidas por la comunidad universitaria, quienes persiguen un gran desaf\u00edo 2025 &#8211; 2029 para guiar los destinos de los distintos espacios de la Universidad Nacional de San Juan.<\/p>\n<p>En este contexto, Voces Paralelas desarroll\u00f3 una entrevista period\u00edstica al Decano de la Facultad de Ciencias Exactas, F\u00edsicas y Naturales de la UNSJ, Dr. Jorge Castro, quien describi\u00f3 el trabajo que vienen desarrollando porque la base de la gesti\u00f3n es que sea con puerta abierta para escuchar y fortalecer la Unidad Acad\u00e9mica. Adem\u00e1s, hay una b\u00fasqueda de encontrar lazos con unas entidad para trabajos conjuntos.<\/p>\n<p><iframe loading=\"lazy\" title=\"FCEFN UNSJ DECANO DR. JORGE  CASTRO\" width=\"800\" height=\"450\" src=\"https:\/\/www.youtube.com\/embed\/t7zF0yqoraY?feature=oembed\" frameborder=\"0\" allow=\"accelerometer; autoplay; clipboard-write; encrypted-media; gyroscope; picture-in-picture; web-share\" referrerpolicy=\"strict-origin-when-cross-origin\" allowfullscreen><\/iframe><\/p>\n<p>Luego, continu\u00f3 con el Museo de Ciencias Naturales cuyo edificio es fant\u00e1stico, renovar el convenio con China para el Proyecto CART y mucho m\u00e1s muy interesante que va a permitir avanzar en la gesti\u00f3n y cumpliendo las bases de la campa\u00f1a.<\/p>\n<p><iframe loading=\"lazy\" title=\"FCEFN UNSJ DECANO DR JORGE CASTRO\" width=\"800\" height=\"450\" src=\"https:\/\/www.youtube.com\/embed\/ofc-hSZLXzI?feature=oembed\" frameborder=\"0\" allow=\"accelerometer; autoplay; clipboard-write; encrypted-media; gyroscope; picture-in-picture; web-share\" referrerpolicy=\"strict-origin-when-cross-origin\" allowfullscreen><\/iframe><\/p>\n<p><img loading=\"lazy\" decoding=\"async\" class=\"alignnone size-large wp-image-22500\" src=\"https:\/\/vocesparalelas.com.ar\/sitio\/wp-content\/uploads\/2019\/07\/UNSJ-TELESCOPIO-01-800x600.jpg\" alt=\"\" width=\"800\" height=\"600\" srcset=\"https:\/\/vocesparalelas.com.ar\/sitio\/wp-content\/uploads\/2019\/07\/UNSJ-TELESCOPIO-01-800x600.jpg 800w, https:\/\/vocesparalelas.com.ar\/sitio\/wp-content\/uploads\/2019\/07\/UNSJ-TELESCOPIO-01-300x225.jpg 300w, https:\/\/vocesparalelas.com.ar\/sitio\/wp-content\/uploads\/2019\/07\/UNSJ-TELESCOPIO-01-768x576.jpg 768w, https:\/\/vocesparalelas.com.ar\/sitio\/wp-content\/uploads\/2019\/07\/UNSJ-TELESCOPIO-01.jpg 1000w\" sizes=\"auto, (max-width: 800px) 100vw, 800px\" \/><\/p>\n<figure id=\"attachment_26107\" aria-describedby=\"caption-attachment-26107\" style=\"width: 800px\" class=\"wp-caption alignnone\"><img loading=\"lazy\" decoding=\"async\" class=\"size-large wp-image-26107\" src=\"https:\/\/vocesparalelas.com.ar\/sitio\/wp-content\/uploads\/2020\/01\/FCEFN-UNSJ-EDIFICIO-800x489.jpg\" alt=\"\" width=\"800\" height=\"489\" srcset=\"https:\/\/vocesparalelas.com.ar\/sitio\/wp-content\/uploads\/2020\/01\/FCEFN-UNSJ-EDIFICIO.jpg 800w, https:\/\/vocesparalelas.com.ar\/sitio\/wp-content\/uploads\/2020\/01\/FCEFN-UNSJ-EDIFICIO-300x183.jpg 300w, https:\/\/vocesparalelas.com.ar\/sitio\/wp-content\/uploads\/2020\/01\/FCEFN-UNSJ-EDIFICIO-768x469.jpg 768w\" sizes=\"auto, (max-width: 800px) 100vw, 800px\" \/><figcaption id=\"caption-attachment-26107\" class=\"wp-caption-text\">Edificio de la FCEFN de la UNSJ<\/figcaption><\/figure>\n","protected":false},"excerpt":{"rendered":"<p>El 1 de Julio asumieron las nuevas autoridades elegidas por la comunidad universitaria, quienes persiguen un gran desaf\u00edo 2025 &#8211;<\/p>\n","protected":false},"author":3,"featured_media":90144,"comment_status":"closed","ping_status":"closed","sticky":false,"template":"","format":"standard","meta":{"_acf_changed":false,"_seopress_robots_primary_cat":"none","_seopress_titles_title":"","_seopress_titles_desc":"","_seopress_robots_index":"","colormag_page_container_layout":"default_layout","colormag_page_sidebar_layout":"default_layout","footnotes":""},"categories":[10,7],"tags":[],"class_list":["post-90141","post","type-post","status-publish","format-standard","has-post-thumbnail","hentry","category-opiniones","category-videos"],"acf":[],"_links":{"self":[{"href":"https:\/\/vocesparalelas.com.ar\/sitio\/wp-json\/wp\/v2\/posts\/90141","targetHints":{"allow":["GET"]}}],"collection":[{"href":"https:\/\/vocesparalelas.com.ar\/sitio\/wp-json\/wp\/v2\/posts"}],"about":[{"href":"https:\/\/vocesparalelas.com.ar\/sitio\/wp-json\/wp\/v2\/types\/post"}],"author":[{"embeddable":true,"href":"https:\/\/vocesparalelas.com.ar\/sitio\/wp-json\/wp\/v2\/users\/3"}],"replies":[{"embeddable":true,"href":"https:\/\/vocesparalelas.com.ar\/sitio\/wp-json\/wp\/v2\/comments?post=90141"}],"version-history":[{"count":3,"href":"https:\/\/vocesparalelas.com.ar\/sitio\/wp-json\/wp\/v2\/posts\/90141\/revisions"}],"predecessor-version":[{"id":90147,"href":"https:\/\/vocesparalelas.com.ar\/sitio\/wp-json\/wp\/v2\/posts\/90141\/revisions\/90147"}],"wp:featuredmedia":[{"embeddable":true,"href":"https:\/\/vocesparalelas.com.ar\/sitio\/wp-json\/wp\/v2\/media\/90144"}],"wp:attachment":[{"href":"https:\/\/vocesparalelas.com.ar\/sitio\/wp-json\/wp\/v2\/media?parent=90141"}],"wp:term":[{"taxonomy":"category","embeddable":true,"href":"https:\/\/vocesparalelas.com.ar\/sitio\/wp-json\/wp\/v2\/categories?post=90141"},{"taxonomy":"post_tag","embeddable":true,"href":"https:\/\/vocesparalelas.com.ar\/sitio\/wp-json\/wp\/v2\/tags?post=90141"}],"curies":[{"name":"wp","href":"https:\/\/api.w.org\/{rel}","templated":true}]}}