{"id":9014,"date":"2018-01-03T21:39:59","date_gmt":"2018-01-04T00:39:59","guid":{"rendered":"http:\/\/vocesparalelas.com.ar\/sitio\/?p=9014"},"modified":"2018-01-04T23:26:07","modified_gmt":"2018-01-05T02:26:07","slug":"lanzan-credito-con-tasa-de-un-digito-para-cosecha-de-tomate","status":"publish","type":"post","link":"https:\/\/vocesparalelas.com.ar\/sitio\/lanzan-credito-con-tasa-de-un-digito-para-cosecha-de-tomate\/","title":{"rendered":"Lanzan cr\u00e9dito con tasa de un d\u00edgito para cosecha de tomate"},"content":{"rendered":"<p>El Gobierno de San Juan a trav\u00e9s del Ministerio de Producci\u00f3n y Desarrollo Econ\u00f3mico informa a productores tomateros que se encuentra disponible una nueva l\u00ednea crediticia para la cosecha y acarreo de este producto agr\u00edcola.<\/p>\n<p>Con el objetivo de continuar incentivando al sector productivo tomatero el Ministerio de Producci\u00f3n por medio de la Secretaria de Agricultura, Ganader\u00eda y Agroindustria lanza un cr\u00e9dito con una tasa de tan s\u00f3lo un d\u00edgito (tasa del 9% anual), con un plazo de gracia de 2 meses, un plazo total de devoluci\u00f3n de 1 a\u00f1o y con garant\u00eda de cheques propios o de terceros. Esta l\u00ednea otorga al productor un m\u00e1ximo de $250.000 para terrenos con una extensi\u00f3n no superior a las 25 hect\u00e1reas, es decir $10.000 por cada hect\u00e1rea plantada.<\/p>\n<p>Se invita a los productores a acercarse a retirar los informes correspondientes para acceder a dicho cr\u00e9dito en la Agencia Calidad San Juan, ubicada en calle 25 de Mayo 577 este. Tel\u00e9fono: 4274391. Mail: <a href=\"mailto:info@calidadsj.com.ar\">info@calidadsj.com.ar<\/a><\/p>\n<p>&nbsp;<\/p>\n<p>&nbsp;<\/p>\n","protected":false},"excerpt":{"rendered":"<p>El Gobierno de San Juan a trav\u00e9s del Ministerio de Producci\u00f3n y Desarrollo Econ\u00f3mico informa a productores tomateros que se<\/p>\n","protected":false},"author":3,"featured_media":9015,"comment_status":"closed","ping_status":"closed","sticky":false,"template":"","format":"standard","meta":{"_acf_changed":false,"_seopress_robots_primary_cat":"","_seopress_titles_title":"","_seopress_titles_desc":"","_seopress_robots_index":"","colormag_page_container_layout":"default_layout","colormag_page_sidebar_layout":"default_layout","footnotes":""},"categories":[6],"tags":[],"class_list":["post-9014","post","type-post","status-publish","format-standard","has-post-thumbnail","hentry","category-eventos"],"acf":[],"_links":{"self":[{"href":"https:\/\/vocesparalelas.com.ar\/sitio\/wp-json\/wp\/v2\/posts\/9014","targetHints":{"allow":["GET"]}}],"collection":[{"href":"https:\/\/vocesparalelas.com.ar\/sitio\/wp-json\/wp\/v2\/posts"}],"about":[{"href":"https:\/\/vocesparalelas.com.ar\/sitio\/wp-json\/wp\/v2\/types\/post"}],"author":[{"embeddable":true,"href":"https:\/\/vocesparalelas.com.ar\/sitio\/wp-json\/wp\/v2\/users\/3"}],"replies":[{"embeddable":true,"href":"https:\/\/vocesparalelas.com.ar\/sitio\/wp-json\/wp\/v2\/comments?post=9014"}],"version-history":[{"count":0,"href":"https:\/\/vocesparalelas.com.ar\/sitio\/wp-json\/wp\/v2\/posts\/9014\/revisions"}],"wp:featuredmedia":[{"embeddable":true,"href":"https:\/\/vocesparalelas.com.ar\/sitio\/wp-json\/wp\/v2\/media\/9015"}],"wp:attachment":[{"href":"https:\/\/vocesparalelas.com.ar\/sitio\/wp-json\/wp\/v2\/media?parent=9014"}],"wp:term":[{"taxonomy":"category","embeddable":true,"href":"https:\/\/vocesparalelas.com.ar\/sitio\/wp-json\/wp\/v2\/categories?post=9014"},{"taxonomy":"post_tag","embeddable":true,"href":"https:\/\/vocesparalelas.com.ar\/sitio\/wp-json\/wp\/v2\/tags?post=9014"}],"curies":[{"name":"wp","href":"https:\/\/api.w.org\/{rel}","templated":true}]}}