{"id":90124,"date":"2025-08-20T22:35:57","date_gmt":"2025-08-21T01:35:57","guid":{"rendered":"https:\/\/vocesparalelas.com.ar\/sitio\/?p=90124"},"modified":"2025-08-22T00:10:07","modified_gmt":"2025-08-22T03:10:07","slug":"se-desarrolla-ciudades-verdes-y-paisajes-en-transformacion-en-la-faud-de-la-unsj","status":"publish","type":"post","link":"https:\/\/vocesparalelas.com.ar\/sitio\/se-desarrolla-ciudades-verdes-y-paisajes-en-transformacion-en-la-faud-de-la-unsj\/","title":{"rendered":"Se desarrolla \u201cCiudades verdes y paisajes en transformaci\u00f3n\u201d en la FAUD de la UNSJ"},"content":{"rendered":"<p>En el Aula Magna de la Facultad de Arquitectura, Urbanismo y Dise\u00f1o de la Universidad Nacional de San Juan se desarrolla el XV Encuentro Nacional de la Red Argentina del Paisaje y Primer Congreso Latinoamericano de Ciudades Verdes y Paisajes en Transformaci\u00f3n.<\/p>\n<p><span style=\"color: #008000;\"><strong>Organizan<\/strong><\/span><\/p>\n<ul>\n<li>Facultad de Arquitectura, Urbanismo y Dise\u00f1o de la UNSJ<\/li>\n<li>Instituto de Teor\u00eda, Historia y Cr\u00edtica del Dise\u00f1o &#8211; IDIS-FAUD de la UNSJ<\/li>\n<li>Observatorio y Laboratorio Patrimonial del Paisaje de Los Valles Andinos Centrales CONICET \/ Incihusa \u2013 IDIS\/FAUD\/UNS<\/li>\n<li>Red Argentina del Paisaje \u2013 Nodo San Juan, con la Colaboraci\u00f3n de la Secretar\u00eda de Ambiente y Desarrollo Sustentable y el Centro de Formaci\u00f3n Ambiental Anchipurac de San Juan<\/li>\n<\/ul>\n<p>El encuentro busca generar un espacio de intercambio acad\u00e9mico, profesional y ciudadano para discutir, analizar y proponer estrategias en torno a las ciudades verdes, los paisajes urbanos en conflicto y las soluciones basadas en la naturaleza.<\/p>\n<p>\u201cCiudades verdes y paisajes en transformaci\u00f3n\u201d invita a reflexionar, desde una mirada multidisciplinar, sobre c\u00f3mo queremos que sean nuestros entornos urbanos.<\/p>\n<p><span style=\"color: #008000;\"><strong>Algunas preguntas para la reflexi\u00f3n<\/strong><\/span><\/p>\n<ul>\n<li>\u00bfC\u00f3mo es la ciudad en la que deseamos vivir?<\/li>\n<li>\u00bfCoinciden las aspiraciones de la comunidad con la planificaci\u00f3n urbana llevada adelante por quienes definen pol\u00edticas p\u00fablicas?<\/li>\n<li>\u00bfEs la gobernanza inclusiva y participativa una opci\u00f3n adecuada para garantizar una mejor gesti\u00f3n del territorio?<\/li>\n<\/ul>\n<p><strong><span style=\"color: #008000;\">El paisaje es una construcci\u00f3n social, y que todos somos en parte responsables de su cuidado<\/span><\/strong><\/p>\n<ol>\n<li>Ciudades verdes y planeamiento urbano sostenible.<\/li>\n<li>Paisaje en conflicto.<\/li>\n<li>Estrategias y gesti\u00f3n del paisaje urbano.<\/li>\n<li>Participaci\u00f3n ciudadana y gesti\u00f3n colaborativa.<\/li>\n<\/ol>\n<p>En este contexto y antes del acto de inicio del XV Encuentro Nacional de la Red Argentina del Paisaje y Primer Congreso Latinoamericano de Ciudades Verdes y Paisajes en Transformaci\u00f3n, el Decano de la FAUD de la UNSJ, Arq. Carlos Herrera explic\u00f3 lo que significa el encuentro porque la tem\u00e1tica central es un preocupaci\u00f3n generalizada.<\/p>\n<p><iframe loading=\"lazy\" title=\"FAUD UNSJ DECANO ARQ. CARLOS HERRERA \" width=\"800\" height=\"450\" src=\"https:\/\/www.youtube.com\/embed\/XuKprcCazHI?feature=oembed\" frameborder=\"0\" allow=\"accelerometer; autoplay; clipboard-write; encrypted-media; gyroscope; picture-in-picture; web-share\" referrerpolicy=\"strict-origin-when-cross-origin\" allowfullscreen><\/iframe><\/p>\n<p>&nbsp;<\/p>\n<p>Posteriormente, la Directora del IDIS de la FAUD de la UNSJ, Mag. Arq. Cristina Monfort, describi\u00f3 la importancia del encuentro con expositores de gran relevancia acad\u00e9mica.<\/p>\n<p><iframe loading=\"lazy\" title=\"FAUD UNSJ SUBDIRECTORA IDIS MAG. ARQ. CRISTINA MONFORT\" width=\"800\" height=\"450\" src=\"https:\/\/www.youtube.com\/embed\/ASeTzlMwojU?feature=oembed\" frameborder=\"0\" allow=\"accelerometer; autoplay; clipboard-write; encrypted-media; gyroscope; picture-in-picture; web-share\" referrerpolicy=\"strict-origin-when-cross-origin\" allowfullscreen><\/iframe><\/p>\n<p>Durante el acto, se conform\u00f3 la mesa acad\u00e9mica con el\u00a0Rector de la UNSJ, Ing. Tadeo Berenguer, la Vicerrectora Esp.. Prof. Andrea Leceta, el Decano de la FAUD de la UNSJ, Arq. Carlos Herrera, la Subdirectora del IDIS de la FAUD de la UNSJ y Coordinadora del Nodo San Juan RAP, Mg. Arq. Cristina Monfort, la Representante t\u00e9cnica del Observatorio y Laboratorio Patrimonial de los Paisajes Culturales de Los Valles Andinos Centrales &#8211; NCIHUSA-CONICET \u2013 Dra. Arq. Lorena Manzini Marchesi y la Presidenta de la Red Argentina del Paisaje, Paisajista Mar\u00eda Isabel P\u00e9rez Molina.<\/p>\n<p>&nbsp;<\/p>\n<p><img loading=\"lazy\" decoding=\"async\" class=\"alignnone size-full wp-image-90130\" src=\"https:\/\/vocesparalelas.com.ar\/sitio\/wp-content\/uploads\/2025\/08\/FAUD-CONVENIO-PAISAJE-04.jpg\" alt=\"\" width=\"800\" height=\"533\" srcset=\"https:\/\/vocesparalelas.com.ar\/sitio\/wp-content\/uploads\/2025\/08\/FAUD-CONVENIO-PAISAJE-04.jpg 800w, https:\/\/vocesparalelas.com.ar\/sitio\/wp-content\/uploads\/2025\/08\/FAUD-CONVENIO-PAISAJE-04-300x200.jpg 300w, https:\/\/vocesparalelas.com.ar\/sitio\/wp-content\/uploads\/2025\/08\/FAUD-CONVENIO-PAISAJE-04-768x512.jpg 768w\" sizes=\"auto, (max-width: 800px) 100vw, 800px\" \/><\/p>\n<p>En este momento despu\u00e9s de escuchar las distintas voces, el Rector de la UNSJ, Ing. Tadeo Berenguer dio la bienvenida a los participantes y expositores y felicit\u00f3 la organizaci\u00f3n con un tema tan preocupado para nuestra casa grande la Tierra.<\/p>\n<p><iframe loading=\"lazy\" title=\"FAUD UNSJ RECTOR ING. TADEO BERENGUER \" width=\"800\" height=\"450\" src=\"https:\/\/www.youtube.com\/embed\/hEnBXHAB7N4?feature=oembed\" frameborder=\"0\" allow=\"accelerometer; autoplay; clipboard-write; encrypted-media; gyroscope; picture-in-picture; web-share\" referrerpolicy=\"strict-origin-when-cross-origin\" allowfullscreen><\/iframe><\/p>\n<p>Posteriormente, se firm\u00f3 un Acta Intensi\u00f3n de Colaboraci\u00f3n entre la FAUD de la UNSJ, y La Red Argentina de Paisaje refrendando el Rector de la UNSJ, Ing. Tadeo Berenguer.<\/p>\n<p><img loading=\"lazy\" decoding=\"async\" class=\"alignnone size-full wp-image-90129\" src=\"https:\/\/vocesparalelas.com.ar\/sitio\/wp-content\/uploads\/2025\/08\/FAUD-CONVENIO-PAISAJE-03.jpg\" alt=\"\" width=\"800\" height=\"533\" srcset=\"https:\/\/vocesparalelas.com.ar\/sitio\/wp-content\/uploads\/2025\/08\/FAUD-CONVENIO-PAISAJE-03.jpg 800w, https:\/\/vocesparalelas.com.ar\/sitio\/wp-content\/uploads\/2025\/08\/FAUD-CONVENIO-PAISAJE-03-300x200.jpg 300w, https:\/\/vocesparalelas.com.ar\/sitio\/wp-content\/uploads\/2025\/08\/FAUD-CONVENIO-PAISAJE-03-768x512.jpg 768w\" sizes=\"auto, (max-width: 800px) 100vw, 800px\" \/><\/p>\n<p><img loading=\"lazy\" decoding=\"async\" class=\"alignnone size-full wp-image-90128\" src=\"https:\/\/vocesparalelas.com.ar\/sitio\/wp-content\/uploads\/2025\/08\/FAUD-CONVENIO-PAISAJE-02.jpg\" alt=\"\" width=\"800\" height=\"533\" srcset=\"https:\/\/vocesparalelas.com.ar\/sitio\/wp-content\/uploads\/2025\/08\/FAUD-CONVENIO-PAISAJE-02.jpg 800w, https:\/\/vocesparalelas.com.ar\/sitio\/wp-content\/uploads\/2025\/08\/FAUD-CONVENIO-PAISAJE-02-300x200.jpg 300w, https:\/\/vocesparalelas.com.ar\/sitio\/wp-content\/uploads\/2025\/08\/FAUD-CONVENIO-PAISAJE-02-768x512.jpg 768w\" sizes=\"auto, (max-width: 800px) 100vw, 800px\" \/><\/p>\n<p><img loading=\"lazy\" decoding=\"async\" class=\"alignnone size-full wp-image-90127\" src=\"https:\/\/vocesparalelas.com.ar\/sitio\/wp-content\/uploads\/2025\/08\/FAUD-CONVENIO-PAISAJE-01.jpg\" alt=\"\" width=\"800\" height=\"533\" srcset=\"https:\/\/vocesparalelas.com.ar\/sitio\/wp-content\/uploads\/2025\/08\/FAUD-CONVENIO-PAISAJE-01.jpg 800w, https:\/\/vocesparalelas.com.ar\/sitio\/wp-content\/uploads\/2025\/08\/FAUD-CONVENIO-PAISAJE-01-300x200.jpg 300w, https:\/\/vocesparalelas.com.ar\/sitio\/wp-content\/uploads\/2025\/08\/FAUD-CONVENIO-PAISAJE-01-768x512.jpg 768w\" sizes=\"auto, (max-width: 800px) 100vw, 800px\" \/><\/p>\n<p><strong><span style=\"color: #008000;\">Programa<\/span><\/strong><\/p>\n<p><a href=\"https:\/\/vocesparalelas.com.ar\/sitio\/wp-content\/uploads\/2025\/08\/PROGRAMA-XV-RAP-1\u00b0-Congreso-Latinoamericano-de-Ciudades-Verdes-y-Paisajes-Transformacion.pdf\">PROGRAMA XV RAP &#8211; 1\u00b0 Congreso Latinoamericano de Ciudades Verdes y Paisajes Transformaci\u00f3n<\/a><\/p>\n<p>&nbsp;<\/p>\n<figure id=\"attachment_24036\" aria-describedby=\"caption-attachment-24036\" style=\"width: 800px\" class=\"wp-caption alignnone\"><img loading=\"lazy\" decoding=\"async\" class=\"size-large wp-image-24036\" src=\"https:\/\/vocesparalelas.com.ar\/sitio\/wp-content\/uploads\/2019\/10\/FAUD-EDIFICIO-BANDERA-01-800x528.jpg\" alt=\"\" width=\"800\" height=\"528\" srcset=\"https:\/\/vocesparalelas.com.ar\/sitio\/wp-content\/uploads\/2019\/10\/FAUD-EDIFICIO-BANDERA-01.jpg 800w, https:\/\/vocesparalelas.com.ar\/sitio\/wp-content\/uploads\/2019\/10\/FAUD-EDIFICIO-BANDERA-01-300x198.jpg 300w, https:\/\/vocesparalelas.com.ar\/sitio\/wp-content\/uploads\/2019\/10\/FAUD-EDIFICIO-BANDERA-01-768x507.jpg 768w\" sizes=\"auto, (max-width: 800px) 100vw, 800px\" \/><figcaption id=\"caption-attachment-24036\" class=\"wp-caption-text\">Facultad de Arquitectura, Urbanismo y Dise\u00f1o de la Universidad Nacional de San Juan, Rep\u00fablica Argentina<\/figcaption><\/figure>\n","protected":false},"excerpt":{"rendered":"<p>En el Aula Magna de la Facultad de Arquitectura, Urbanismo y Dise\u00f1o de la Universidad Nacional de San Juan se<\/p>\n","protected":false},"author":3,"featured_media":90131,"comment_status":"closed","ping_status":"closed","sticky":false,"template":"","format":"standard","meta":{"_acf_changed":false,"_seopress_robots_primary_cat":"none","_seopress_titles_title":"","_seopress_titles_desc":"","_seopress_robots_index":"","colormag_page_container_layout":"default_layout","colormag_page_sidebar_layout":"default_layout","footnotes":""},"categories":[15,7],"tags":[],"class_list":["post-90124","post","type-post","status-publish","format-standard","has-post-thumbnail","hentry","category-posgrados","category-videos"],"acf":[],"_links":{"self":[{"href":"https:\/\/vocesparalelas.com.ar\/sitio\/wp-json\/wp\/v2\/posts\/90124","targetHints":{"allow":["GET"]}}],"collection":[{"href":"https:\/\/vocesparalelas.com.ar\/sitio\/wp-json\/wp\/v2\/posts"}],"about":[{"href":"https:\/\/vocesparalelas.com.ar\/sitio\/wp-json\/wp\/v2\/types\/post"}],"author":[{"embeddable":true,"href":"https:\/\/vocesparalelas.com.ar\/sitio\/wp-json\/wp\/v2\/users\/3"}],"replies":[{"embeddable":true,"href":"https:\/\/vocesparalelas.com.ar\/sitio\/wp-json\/wp\/v2\/comments?post=90124"}],"version-history":[{"count":4,"href":"https:\/\/vocesparalelas.com.ar\/sitio\/wp-json\/wp\/v2\/posts\/90124\/revisions"}],"predecessor-version":[{"id":90135,"href":"https:\/\/vocesparalelas.com.ar\/sitio\/wp-json\/wp\/v2\/posts\/90124\/revisions\/90135"}],"wp:featuredmedia":[{"embeddable":true,"href":"https:\/\/vocesparalelas.com.ar\/sitio\/wp-json\/wp\/v2\/media\/90131"}],"wp:attachment":[{"href":"https:\/\/vocesparalelas.com.ar\/sitio\/wp-json\/wp\/v2\/media?parent=90124"}],"wp:term":[{"taxonomy":"category","embeddable":true,"href":"https:\/\/vocesparalelas.com.ar\/sitio\/wp-json\/wp\/v2\/categories?post=90124"},{"taxonomy":"post_tag","embeddable":true,"href":"https:\/\/vocesparalelas.com.ar\/sitio\/wp-json\/wp\/v2\/tags?post=90124"}],"curies":[{"name":"wp","href":"https:\/\/api.w.org\/{rel}","templated":true}]}}