{"id":90120,"date":"2025-08-20T20:38:51","date_gmt":"2025-08-20T23:38:51","guid":{"rendered":"https:\/\/vocesparalelas.com.ar\/sitio\/?p=90120"},"modified":"2025-08-22T00:11:00","modified_gmt":"2025-08-22T03:11:00","slug":"colectividades-juntos-en-el-festival-del-inmigrante-2025-en-san-juan","status":"publish","type":"post","link":"https:\/\/vocesparalelas.com.ar\/sitio\/colectividades-juntos-en-el-festival-del-inmigrante-2025-en-san-juan\/","title":{"rendered":"Colectividades juntos en el \u201cFestival del Inmigrante 2025\u201d en San Juan"},"content":{"rendered":"<p>El 6 de Septiembre, colectividades y p\u00fablico en general pueden disfrutar de una tarde cultural, gastron\u00f3mica y art\u00edstica que pone en valor la diversidad y la herencia cultural en la provincia de San Juan.<\/p>\n<p>El Ministerio de Gobierno de San Juan, a trav\u00e9s de la Secretar\u00eda de Relaciones Institucionales, invita a las colectividades a participar del Festival del Inmigrante 2025, que se realiza el S\u00e1bado, 6 de Septiembre en las inmediaciones del Parque 25 de Mayo, en la Plaza del Sol y Plaza de las Am\u00e9ricas detr\u00e1s del monumento del General San Mart\u00edn, desde las 18:00 hasta las 00:00 horas.<\/p>\n<p>Este encuentro, realizado en conjunto con el Ministerio de Turismo, Cultura y Deporte y el Ministerio de Producci\u00f3n, Trabajo e Innovaci\u00f3n, se propone como un espacio de integraci\u00f3n, encuentro y celebraci\u00f3n de la diversidad cultural que enriquece a San Juan. Cada colectividad tendr\u00e1 la oportunidad de mostrar sus tradiciones a trav\u00e9s de la gastronom\u00eda, la m\u00fasica, la danza y distintas expresiones art\u00edsticas.<\/p>\n<p>Quienes deseen participar como colectividad pueden hacerlo hasta el Viernes, 29 de Agosto ingresando a<\/p>\n<p><a href=\"https:\/\/docs.google.com\/forms\/d\/e\/1FAIpQLSexbdUCx25gjpm8FP6HiIEhOsUKtJgoOdd8Hoiw36Vx1BVIkw\/viewform?usp=sharing&amp;ouid=100790880707129352013\">https:\/\/docs.google.com\/forms\/d\/e\/1FAIpQLSexbdUCx25gjpm8FP6HiIEhOsUKtJgoOdd8Hoiw36Vx1BVIkw\/viewform?usp=sharing&amp;ouid=100790880707129352013<\/a><\/p>\n<p>Adem\u00e1s de convocar a las comunidades inmigrantes que residen en la provincia, el evento est\u00e1 abierto al p\u00fablico que desee disfrutar de una tarde distinta, con espect\u00e1culos en vivo, comidas t\u00edpicas y un recorrido cultural que dar\u00e1 cuenta de la herencia y el aporte de cada colectividad.<\/p>\n<p><img loading=\"lazy\" decoding=\"async\" class=\"alignnone size-large wp-image-14834\" src=\"https:\/\/vocesparalelas.com.ar\/sitio\/wp-content\/uploads\/2018\/09\/INMIGRANTES-DIA-10-800x534.jpg\" alt=\"\" width=\"800\" height=\"534\" srcset=\"https:\/\/vocesparalelas.com.ar\/sitio\/wp-content\/uploads\/2018\/09\/INMIGRANTES-DIA-10-800x534.jpg 800w, https:\/\/vocesparalelas.com.ar\/sitio\/wp-content\/uploads\/2018\/09\/INMIGRANTES-DIA-10-300x200.jpg 300w, https:\/\/vocesparalelas.com.ar\/sitio\/wp-content\/uploads\/2018\/09\/INMIGRANTES-DIA-10-768x512.jpg 768w, https:\/\/vocesparalelas.com.ar\/sitio\/wp-content\/uploads\/2018\/09\/INMIGRANTES-DIA-10.jpg 1000w\" sizes=\"auto, (max-width: 800px) 100vw, 800px\" \/><\/p>\n","protected":false},"excerpt":{"rendered":"<p>El 6 de Septiembre, colectividades y p\u00fablico en general pueden disfrutar de una tarde cultural, gastron\u00f3mica y art\u00edstica que pone<\/p>\n","protected":false},"author":3,"featured_media":4699,"comment_status":"closed","ping_status":"closed","sticky":false,"template":"","format":"standard","meta":{"_acf_changed":false,"_seopress_robots_primary_cat":"none","_seopress_titles_title":"","_seopress_titles_desc":"","_seopress_robots_index":"","colormag_page_container_layout":"default_layout","colormag_page_sidebar_layout":"default_layout","footnotes":""},"categories":[2],"tags":[],"class_list":["post-90120","post","type-post","status-publish","format-standard","has-post-thumbnail","hentry","category-convocatorias"],"acf":[],"_links":{"self":[{"href":"https:\/\/vocesparalelas.com.ar\/sitio\/wp-json\/wp\/v2\/posts\/90120","targetHints":{"allow":["GET"]}}],"collection":[{"href":"https:\/\/vocesparalelas.com.ar\/sitio\/wp-json\/wp\/v2\/posts"}],"about":[{"href":"https:\/\/vocesparalelas.com.ar\/sitio\/wp-json\/wp\/v2\/types\/post"}],"author":[{"embeddable":true,"href":"https:\/\/vocesparalelas.com.ar\/sitio\/wp-json\/wp\/v2\/users\/3"}],"replies":[{"embeddable":true,"href":"https:\/\/vocesparalelas.com.ar\/sitio\/wp-json\/wp\/v2\/comments?post=90120"}],"version-history":[{"count":1,"href":"https:\/\/vocesparalelas.com.ar\/sitio\/wp-json\/wp\/v2\/posts\/90120\/revisions"}],"predecessor-version":[{"id":90123,"href":"https:\/\/vocesparalelas.com.ar\/sitio\/wp-json\/wp\/v2\/posts\/90120\/revisions\/90123"}],"wp:featuredmedia":[{"embeddable":true,"href":"https:\/\/vocesparalelas.com.ar\/sitio\/wp-json\/wp\/v2\/media\/4699"}],"wp:attachment":[{"href":"https:\/\/vocesparalelas.com.ar\/sitio\/wp-json\/wp\/v2\/media?parent=90120"}],"wp:term":[{"taxonomy":"category","embeddable":true,"href":"https:\/\/vocesparalelas.com.ar\/sitio\/wp-json\/wp\/v2\/categories?post=90120"},{"taxonomy":"post_tag","embeddable":true,"href":"https:\/\/vocesparalelas.com.ar\/sitio\/wp-json\/wp\/v2\/tags?post=90120"}],"curies":[{"name":"wp","href":"https:\/\/api.w.org\/{rel}","templated":true}]}}