{"id":90100,"date":"2025-08-20T14:15:31","date_gmt":"2025-08-20T17:15:31","guid":{"rendered":"https:\/\/vocesparalelas.com.ar\/sitio\/?p=90100"},"modified":"2025-08-22T00:12:17","modified_gmt":"2025-08-22T03:12:17","slug":"2-cohorte-diplomatura-de-responsabilidad-social-y-sustentabilidad-en-san-juan","status":"publish","type":"post","link":"https:\/\/vocesparalelas.com.ar\/sitio\/2-cohorte-diplomatura-de-responsabilidad-social-y-sustentabilidad-en-san-juan\/","title":{"rendered":"2\u00b0 Cohorte \u00abDiplomatura de Responsabilidad Social y Sustentabilidad\u00bb en San Juan"},"content":{"rendered":"<p>Con la firma de un acta por parte del ministro de Familia y Desarrollo Humano y las m\u00e1ximas autoridades de las universidades Nacional de San Juan y Cat\u00f3lica de Cuyo, se present\u00f3 el cursado de la segunda cohorte de la Diplomatura de Responsabilidad Social y Sustentabilidad.<\/p>\n<p>Este espacio de formaci\u00f3n instituido desde la Mesa de Responsabilidad Social tiene 4 meses de cursado, a partir del 5 de Septiembre de 2025, con modalidad presencial y virtual, cada 15 d\u00edas, previsto los d\u00edas s\u00e1bados y domingos.<\/p>\n<p>Est\u00e1 abierto a las persona mayor de 18 a\u00f1os, sin mayores exigencias ni antecedentes acad\u00e9micos de grado, que est\u00e9 interesada en adquirir herramientas sobre la \u00e9tica, la responsabilidad social y la sustentabilidad para encarar sus emprendimientos y acciones en organizaciones de todo tipo. Es gratuito.<\/p>\n<p>Hay un cupo de 300 participantes, los que deben inscribirse a partir del 21 de agosto y hasta el 3 de septiembre en el siguiente link<\/p>\n<p><a href=\"https:\/\/docs.google.com\/forms\/d\/e\/1FAIpQLSeidlv-b5018Qwa_52XJfCnRFYkKCvRQrnGRbLh5H6ZUFFHTA\/viewform\">https:\/\/docs.google.com\/forms\/d\/e\/1FAIpQLSeidlv-b5018Qwa_52XJfCnRFYkKCvRQrnGRbLh5H6ZUFFHTA\/viewform<\/a><\/p>\n<p>Los docentes que tienen a cargo las diferentes instancias de cursado son profesionales vinculados a ambas instituciones educativas, adem\u00e1s de otros expertos externos.<\/p>\n<p><span style=\"color: #ff6600;\"><strong>Entre otros conocimientos hay exposiciones sobre<\/strong><\/span><\/p>\n<ul>\n<li>Fundamentos de la Responsabilidad Social como modelo de gesti\u00f3n de la sostenibilidad de las organizaciones; \u00c9tica y empresa;<\/li>\n<li>Ejes estrat\u00e9gicos en lo social, econ\u00f3mico y ambiental;<\/li>\n<li>Normas ISO 26000; Stakeholders internos y externos (personas involucradas, directa o indirectamente por las decisiones y acciones empresariales);<\/li>\n<li>P\u00fablicos de inter\u00e9s;<\/li>\n<li>Consumo responsable y cadena de valor;<\/li>\n<li>Empresa y Sociedad;<\/li>\n<li>Inversi\u00f3n Social Privada, programas sociales y voluntariado corporativo;<\/li>\n<li>Gesti\u00f3n del Capital Humano, de la diversidad y la inclusi\u00f3n;<\/li>\n<li>Impacto ambiental: problem\u00e1ticas y mitigaci\u00f3n;<\/li>\n<li>I(mpacto Social y materialidad;<\/li>\n<li>Pacto Global;<\/li>\n<li>Comunicaci\u00f3n responsable y estrat\u00e9gica, entre otros.<\/li>\n<\/ul>\n<p>Al finalizar, el participante debe elaborar un trabajo final integrador con una propuesta sostenible concreta.<\/p>\n<p>Durante el acto, el ministro de Familia y Desarrollo Humano, Prof. Carlos Platero destac\u00f3 que \u00abel trabajo realizado en conjunto entre el Estado provincial y ambas universidades, para darles las herramientas profesionales a las personas interesadas en hacer una sociedad m\u00e1s justa y equitativa. Es importante destacar que durante el 2024 se hizo el primer cursado de la diplomatura, de la que egresaron 203 personas que trabajan en el \u00e1mbito p\u00fablico como privado\u00bb.<\/p>\n<p>Seguidamente, el Rector de la UNSJ, Ing. Tadeo Berenguer\u00a0 puntualiz\u00f3 que \u00abesta diplomatura activa la formaci\u00f3n con sustentos \u00e9ticos, sociales y administrativos, que permiten que la responsabilidad social y la sustentabilidad de los nuevos emprendimientos tengan la profundidad y la formaci\u00f3n necesaria. El \u00e9xito de la primera cohorte amerita la realizaci\u00f3n de esta segunda, donde participan actores de dos facultades, Sociales y Arquitectura y tambi\u00e9n la Universidad Cat\u00f3lica de Cuyo. Venimos trabajando intensamente en esta formaci\u00f3n de mandos intermedios, con una capacitaci\u00f3n profesional en diferentes \u00e1reas que en estos momentos cr\u00edticos, es fundamental profundizar\u00bb.<\/p>\n<p>Posteriormente, se firm\u00f3 el convenio entre el ministro de Familia y Desarrollo Humano, Prof. Carlos Platero, el rector de la UNSJ, Ing. Tadeo Berenguer y la rectora de la UCCuyo, Lic. Mar\u00eda Laura Simonassi.<\/p>\n<p>Las autoridades estuvieron acompa\u00f1adas por la titular de la Direcci\u00f3n de Econom\u00eda Social del Ministerio de Familia y Desarrollo Humano, quien a su vez est\u00e1 al frente de la Mesa de Responsabilidad Social de San Juan, Cinthya Garrido, la secretaria de Extensi\u00f3n de la UNSJ, Laura Garc\u00e9s; el decano de la Facultad de Ciencias Sociales, Lic. Marcelo Lucero; el decano de la Facultad de Arquitectura, Urbanismo y Dise\u00f1o de la UNSJ, Arq. Carlos Herrera; el secretario de Extensi\u00f3n de la Facultad de Arquitectura, Urbanismo y Dise\u00f1o, Mg. D.G. Nelson Cervi\u00f1o y la vicedirectora de departamento de Ciencias Econ\u00f3micas, Lic. Sandra Di Martino.<\/p>\n<p>Mientras que de la Universidad Cat\u00f3lica de Cuyo, la decana de la Facultad de Ciencias Econ\u00f3micas y Empresariales, CPN Mar\u00eda Alejandra Segovia y el secretario de Extensi\u00f3n y Relaciones Institucionales, Lic. Julio Bast\u00edas.<\/p>\n<p>&nbsp;<\/p>\n","protected":false},"excerpt":{"rendered":"<p>Con la firma de un acta por parte del ministro de Familia y Desarrollo Humano y las m\u00e1ximas autoridades de<\/p>\n","protected":false},"author":3,"featured_media":90103,"comment_status":"closed","ping_status":"closed","sticky":false,"template":"","format":"standard","meta":{"_acf_changed":false,"_seopress_robots_primary_cat":"none","_seopress_titles_title":"","_seopress_titles_desc":"","_seopress_robots_index":"","colormag_page_container_layout":"default_layout","colormag_page_sidebar_layout":"default_layout","footnotes":""},"categories":[15],"tags":[],"class_list":["post-90100","post","type-post","status-publish","format-standard","has-post-thumbnail","hentry","category-posgrados"],"acf":[],"_links":{"self":[{"href":"https:\/\/vocesparalelas.com.ar\/sitio\/wp-json\/wp\/v2\/posts\/90100","targetHints":{"allow":["GET"]}}],"collection":[{"href":"https:\/\/vocesparalelas.com.ar\/sitio\/wp-json\/wp\/v2\/posts"}],"about":[{"href":"https:\/\/vocesparalelas.com.ar\/sitio\/wp-json\/wp\/v2\/types\/post"}],"author":[{"embeddable":true,"href":"https:\/\/vocesparalelas.com.ar\/sitio\/wp-json\/wp\/v2\/users\/3"}],"replies":[{"embeddable":true,"href":"https:\/\/vocesparalelas.com.ar\/sitio\/wp-json\/wp\/v2\/comments?post=90100"}],"version-history":[{"count":4,"href":"https:\/\/vocesparalelas.com.ar\/sitio\/wp-json\/wp\/v2\/posts\/90100\/revisions"}],"predecessor-version":[{"id":90107,"href":"https:\/\/vocesparalelas.com.ar\/sitio\/wp-json\/wp\/v2\/posts\/90100\/revisions\/90107"}],"wp:featuredmedia":[{"embeddable":true,"href":"https:\/\/vocesparalelas.com.ar\/sitio\/wp-json\/wp\/v2\/media\/90103"}],"wp:attachment":[{"href":"https:\/\/vocesparalelas.com.ar\/sitio\/wp-json\/wp\/v2\/media?parent=90100"}],"wp:term":[{"taxonomy":"category","embeddable":true,"href":"https:\/\/vocesparalelas.com.ar\/sitio\/wp-json\/wp\/v2\/categories?post=90100"},{"taxonomy":"post_tag","embeddable":true,"href":"https:\/\/vocesparalelas.com.ar\/sitio\/wp-json\/wp\/v2\/tags?post=90100"}],"curies":[{"name":"wp","href":"https:\/\/api.w.org\/{rel}","templated":true}]}}