{"id":9010,"date":"2018-01-03T20:12:07","date_gmt":"2018-01-03T23:12:07","guid":{"rendered":"http:\/\/vocesparalelas.com.ar\/sitio\/?p=9010"},"modified":"2018-01-03T20:13:34","modified_gmt":"2018-01-03T23:13:34","slug":"circo-splash-aquaxtreme","status":"publish","type":"post","link":"https:\/\/vocesparalelas.com.ar\/sitio\/circo-splash-aquaxtreme\/","title":{"rendered":"Circo Splash Aquaxtreme"},"content":{"rendered":"<p>El Viernes, 05 de Enero, a las 22 hs.; en la Estaci\u00f3n Belgrano frente al Centro de Convenciones, llega a San Juan convocado por la Fundaci\u00f3n San Placido para presentar un espect\u00e1culo totalmente innovador que cuenta con un escenario 360 con aguas danzantes a la vuelta que sumado al efecto de la iluminaci\u00f3n rob\u00f3tica y sonido hace que cada actuaci\u00f3n circense presentada sea algo inolvidable; Circo Splash Aquaxtreme<\/p>\n<p>Gobierno de San Juan apoyando una vez m\u00e1s a la Fundaci\u00f3n San Placido.<\/p>\n<p><iframe loading=\"lazy\" width=\"800\" height=\"450\" src=\"https:\/\/www.youtube.com\/embed\/3xyljzNAOmQ?feature=oembed\" frameborder=\"0\" gesture=\"media\" allow=\"encrypted-media\" allowfullscreen><\/iframe><\/p>\n","protected":false},"excerpt":{"rendered":"<p>El Viernes, 05 de Enero, a las 22 hs.; en la Estaci\u00f3n Belgrano frente al Centro de Convenciones, llega a<\/p>\n","protected":false},"author":3,"featured_media":0,"comment_status":"closed","ping_status":"closed","sticky":false,"template":"","format":"video","meta":{"_acf_changed":false,"_seopress_robots_primary_cat":"","_seopress_titles_title":"","_seopress_titles_desc":"","_seopress_robots_index":"","colormag_page_container_layout":"default_layout","colormag_page_sidebar_layout":"default_layout","footnotes":""},"categories":[1,7],"tags":[],"class_list":["post-9010","post","type-post","status-publish","format-video","hentry","category-destacadas","category-videos","post_format-post-format-video"],"acf":[],"_links":{"self":[{"href":"https:\/\/vocesparalelas.com.ar\/sitio\/wp-json\/wp\/v2\/posts\/9010","targetHints":{"allow":["GET"]}}],"collection":[{"href":"https:\/\/vocesparalelas.com.ar\/sitio\/wp-json\/wp\/v2\/posts"}],"about":[{"href":"https:\/\/vocesparalelas.com.ar\/sitio\/wp-json\/wp\/v2\/types\/post"}],"author":[{"embeddable":true,"href":"https:\/\/vocesparalelas.com.ar\/sitio\/wp-json\/wp\/v2\/users\/3"}],"replies":[{"embeddable":true,"href":"https:\/\/vocesparalelas.com.ar\/sitio\/wp-json\/wp\/v2\/comments?post=9010"}],"version-history":[{"count":0,"href":"https:\/\/vocesparalelas.com.ar\/sitio\/wp-json\/wp\/v2\/posts\/9010\/revisions"}],"wp:attachment":[{"href":"https:\/\/vocesparalelas.com.ar\/sitio\/wp-json\/wp\/v2\/media?parent=9010"}],"wp:term":[{"taxonomy":"category","embeddable":true,"href":"https:\/\/vocesparalelas.com.ar\/sitio\/wp-json\/wp\/v2\/categories?post=9010"},{"taxonomy":"post_tag","embeddable":true,"href":"https:\/\/vocesparalelas.com.ar\/sitio\/wp-json\/wp\/v2\/tags?post=9010"}],"curies":[{"name":"wp","href":"https:\/\/api.w.org\/{rel}","templated":true}]}}