{"id":90072,"date":"2025-08-19T22:11:16","date_gmt":"2025-08-20T01:11:16","guid":{"rendered":"https:\/\/vocesparalelas.com.ar\/sitio\/?p=90072"},"modified":"2025-08-19T22:11:16","modified_gmt":"2025-08-20T01:11:16","slug":"100-escuelas-con-el-programa-transformar-la-secundaria-en-san-juan","status":"publish","type":"post","link":"https:\/\/vocesparalelas.com.ar\/sitio\/100-escuelas-con-el-programa-transformar-la-secundaria-en-san-juan\/","title":{"rendered":"100 escuelas con el programa Transformar la Secundaria en San Juan"},"content":{"rendered":"<p>El Ministerio de Educaci\u00f3n del Gobierno de San Juan lanz\u00f3 la 3\u00b0 cohorte del programa Transformar la Secundaria y sum\u00f3 50 escuelas, por lo que alcanz\u00f3 a las 100 instituciones de todas las modalidades, tanto de gesti\u00f3n estatal como de gesti\u00f3n privada.<\/p>\n<p>De esta manera, la propuesta que surgi\u00f3 con el objetivo de seguir fortaleciendo los procesos de innovaci\u00f3n y de mejora de las escuelas secundarias, duplic\u00f3 su alcance entre 2024 y lo que va del 2025, impactando en 50.000 alumnos. El acto se desarroll\u00f3 en el auditorio Eloy Camus y fue encabezado por la ministra de Educaci\u00f3n, Silvia Fuentes.<\/p>\n<p>Con la nueva cohorte y la ampliaci\u00f3n de escuelas, Transformar la Secundaria llega as\u00ed a otros 50 directivos y a 400 docentes de Lengua (ciclo b\u00e1sico y orientado), Matem\u00e1tica (ciclo b\u00e1sico y orientado), Educaci\u00f3n Digital orientada a ABP, Acompa\u00f1amiento a las Trayectorias y Aprendizaje Basado en Proyectos (ABP), impactando en 50.000 estudiantes.<\/p>\n<p>En este contexto,\u00a0la ministra de Educaci\u00f3n, Lic. Silvia Fuentes describi\u00f3 que \u00abseguimos fortaleciendo el camino de la innovaci\u00f3n estrat\u00e9gica y pedag\u00f3gica de los equipos supervisivos, directivos y de los docentes de las escuelas secundarias. Con la incorporaci\u00f3n de estas 50 nuevas escuelas al programa llegamos al 50% de las instituciones secundarias de la provincia. El a\u00f1o que viene, el objetivo es alcanzar la totalidad de las escuelas. Es una decisi\u00f3n del gobernador Orrego y por eso continuaremos el camino de transformar la secundaria\u201d.<\/p>\n<p>\u00abEl programa, a trav\u00e9s de la innovaci\u00f3n y actualizaci\u00f3n continua, implica promover comunidades de aprendizajes en red que tienden puentes hacia el interior de las escuelas, impactando en las aulas con fortalecimiento en Lengua, Matem\u00e1tica, Tecnolog\u00edas y Educaci\u00f3n Digital orientada a ABP, como as\u00ed tambi\u00e9n el acompa\u00f1amiento a las trayectorias escolares para encausar los proyectos de vida de los estudiantes\u00bb &#8211; sintetiz\u00f3.<\/p>\n<p>El programa se desarrolla con el apoyo de la Fundaci\u00f3n Banco San Juan, junto a Veladero, Industrias Chirino, Grupo Nacusi, La Nobleza y Fundaciones Grupo Petersen, en una alianza estrat\u00e9gica entre el sector estatal y privado.<\/p>\n<p>\u201cEn San Juan son artesanos del aprendizaje, porque est\u00e1n transformando la innovaci\u00f3n en pasi\u00f3n, acompa\u00f1ando a los estudiantes para que tengan esperanza, para que piensen en una vida mejor. Este programa es realmente una transformaci\u00f3n y desde nuestra posici\u00f3n seguiremos acompa\u00f1ando\u201d, indic\u00f3 Dra. Hilda Calegaro, vicepresidenta de la Fundaci\u00f3n Banco San Juan.<\/p>\n<p>Transformar la Secundaria es un pilar del Plan de Alfabetizaci\u00f3n \u201cComprendo y Aprendo\u201d y en 2024 se lanzaron las dos primeras cohortes, que alcanzaron a 500 docentes y 50 equipos directivos de 50 escuelas de la provincia. Las cohortes est\u00e1n destinadas a supervisores, directores y vicedirectores de Nivel Secundario, como as\u00ed tambi\u00e9n a docentes de diferentes espacios curriculares por escuela. Adem\u00e1s participan preceptores y equipos de Gabinetes Interdisciplinarios.<\/p>\n<p>El programa comprende una acci\u00f3n focalizada para llegar, gradualmente, a todas las escuelas secundarias de la provincia, de gesti\u00f3n estatal y de gesti\u00f3n privada, lo cual est\u00e1 previsto para 2026.<\/p>\n<p>&nbsp;<\/p>\n<p><img loading=\"lazy\" decoding=\"async\" class=\"alignnone size-full wp-image-28629\" src=\"https:\/\/vocesparalelas.com.ar\/sitio\/wp-content\/uploads\/2020\/05\/MINISTERIO-EDUCACION-SJ.jpg\" alt=\"\" width=\"800\" height=\"533\" srcset=\"https:\/\/vocesparalelas.com.ar\/sitio\/wp-content\/uploads\/2020\/05\/MINISTERIO-EDUCACION-SJ.jpg 800w, https:\/\/vocesparalelas.com.ar\/sitio\/wp-content\/uploads\/2020\/05\/MINISTERIO-EDUCACION-SJ-300x200.jpg 300w, https:\/\/vocesparalelas.com.ar\/sitio\/wp-content\/uploads\/2020\/05\/MINISTERIO-EDUCACION-SJ-768x512.jpg 768w\" sizes=\"auto, (max-width: 800px) 100vw, 800px\" \/><\/p>\n","protected":false},"excerpt":{"rendered":"<p>El Ministerio de Educaci\u00f3n del Gobierno de San Juan lanz\u00f3 la 3\u00b0 cohorte del programa Transformar la Secundaria y sum\u00f3<\/p>\n","protected":false},"author":3,"featured_media":90075,"comment_status":"closed","ping_status":"closed","sticky":false,"template":"","format":"standard","meta":{"_acf_changed":false,"_seopress_robots_primary_cat":"none","_seopress_titles_title":"","_seopress_titles_desc":"","_seopress_robots_index":"","colormag_page_container_layout":"default_layout","colormag_page_sidebar_layout":"default_layout","footnotes":""},"categories":[1],"tags":[],"class_list":["post-90072","post","type-post","status-publish","format-standard","has-post-thumbnail","hentry","category-destacadas"],"acf":[],"_links":{"self":[{"href":"https:\/\/vocesparalelas.com.ar\/sitio\/wp-json\/wp\/v2\/posts\/90072","targetHints":{"allow":["GET"]}}],"collection":[{"href":"https:\/\/vocesparalelas.com.ar\/sitio\/wp-json\/wp\/v2\/posts"}],"about":[{"href":"https:\/\/vocesparalelas.com.ar\/sitio\/wp-json\/wp\/v2\/types\/post"}],"author":[{"embeddable":true,"href":"https:\/\/vocesparalelas.com.ar\/sitio\/wp-json\/wp\/v2\/users\/3"}],"replies":[{"embeddable":true,"href":"https:\/\/vocesparalelas.com.ar\/sitio\/wp-json\/wp\/v2\/comments?post=90072"}],"version-history":[{"count":1,"href":"https:\/\/vocesparalelas.com.ar\/sitio\/wp-json\/wp\/v2\/posts\/90072\/revisions"}],"predecessor-version":[{"id":90076,"href":"https:\/\/vocesparalelas.com.ar\/sitio\/wp-json\/wp\/v2\/posts\/90072\/revisions\/90076"}],"wp:featuredmedia":[{"embeddable":true,"href":"https:\/\/vocesparalelas.com.ar\/sitio\/wp-json\/wp\/v2\/media\/90075"}],"wp:attachment":[{"href":"https:\/\/vocesparalelas.com.ar\/sitio\/wp-json\/wp\/v2\/media?parent=90072"}],"wp:term":[{"taxonomy":"category","embeddable":true,"href":"https:\/\/vocesparalelas.com.ar\/sitio\/wp-json\/wp\/v2\/categories?post=90072"},{"taxonomy":"post_tag","embeddable":true,"href":"https:\/\/vocesparalelas.com.ar\/sitio\/wp-json\/wp\/v2\/tags?post=90072"}],"curies":[{"name":"wp","href":"https:\/\/api.w.org\/{rel}","templated":true}]}}