{"id":90026,"date":"2025-08-18T19:31:47","date_gmt":"2025-08-18T22:31:47","guid":{"rendered":"https:\/\/vocesparalelas.com.ar\/sitio\/?p=90026"},"modified":"2025-08-19T21:52:22","modified_gmt":"2025-08-20T00:52:22","slug":"respuesta-de-los-gremios-docentes-al-gobierno-de-san-juan","status":"publish","type":"post","link":"https:\/\/vocesparalelas.com.ar\/sitio\/respuesta-de-los-gremios-docentes-al-gobierno-de-san-juan\/","title":{"rendered":"Respuesta de los Gremios Docentes al Gobierno de San Juan"},"content":{"rendered":"<p>Los gremios Docentes Uni\u00f3n Docentes Agremiados Provinciales, Uni\u00f3n Docentes Argentinos, Asociaci\u00f3n del Magisterio de Ense\u00f1anza T\u00e9cnica, en representaci\u00f3n de la parte sindical, presentaron la contestaci\u00f3n a la propuesta salarial de la parte patronal, Gobierno de San Juan, realizada el d\u00eda 14 de Agosto de 2025, en NEGOCIACI\u00d3N COLECTIVA N\u00ba 03-2025, SESI\u00d3N N\u00b03.<\/p>\n<p>Siendo las 10:30 hs, se recepciona respuesta por escrito presentada por Uni\u00f3n Docentes Agremiados Provinciales (UDAP), Uni\u00f3n Docentes Argentinos (UDA) y Asociaci\u00f3n del Magisterio de Ense\u00f1anza T\u00e9cnica (AMET), las que se adjuntan a la presente.<\/p>\n<p><strong><span style=\"color: #ff6600;\">Gremio UDAP San Juan<\/span><\/strong><\/p>\n<p>&nbsp;<\/p>\n<p style=\"text-align: right;\">SAN JUAN, 18 de agosto de 2025<\/p>\n<p>&nbsp;<\/p>\n<p>Comisi\u00f3n Paritaria &#8211; Parte Patronal<\/p>\n<p>Sra. Ministro de Educaci\u00f3n<\/p>\n<p>Sr. Ministro de Hacienda y Finanzas<\/p>\n<p>Sr. Secretario General de la Gobernaci\u00f3n<\/p>\n<p>S\/ D.<\/p>\n<p>En nombre y representaci\u00f3n de la Uni\u00f3n Docentes Agremiados\u00a0Provinciales U.D.A.P., me dirijo a Uds. a fin de comunicar que el Plenario de Delegados Escolares, ha resuelto por amplia mayor\u00eda RECHAZAR la propuesta salarial ofrecida por el Gobierno Provincial, la cual consta en acta de plenario de fecha 15 de agosto, as\u00ed tambi\u00e9n, se dispuso una contrapropuesta, la cual consiste en:<\/p>\n<ul>\n<li>Incremento de 8 puntos m\u00e1s IPC en los haberes del mes de Agosto<\/li>\n<li>30% de incremento en la conectividad a partir del haber de Agosto.<\/li>\n<\/ul>\n<p>Adem\u00e1s de todo lo solicitado desde la primera paritaria:<\/p>\n<ul>\n<li>Incrementar E60.<\/li>\n<li>Aumentar los radios 4 al 7 un 10%.<\/li>\n<li>Aumentar 18 puntos en total al nomenclador.<\/li>\n<li>Titularizaciones para Nivel Medio y Superior.<\/li>\n<li>Concurso de Ascenso.<\/li>\n<\/ul>\n<p>Saludo a Uds. con atenta consideraci\u00f3n y respeto, solicitando seguir negociando.<\/p>\n<p><strong><span style=\"color: #ff6600;\">Gremio UDA San Juan<\/span><\/strong><\/p>\n<p>UNICO SINDICATO CON REPRESENTATIVIDAD EN TODAS LAS GESTIONES, NIVELES Y MODALIDADES DEL SISTEMA EDUCATIVO<\/p>\n<p>As\u00ed como la nueva contrapropuesta del gobierno, figuren de forma expl\u00edcita en el acta, como prueba de nuestra firme voluntad de seguir negociando y de que son los gremios y la docencia quienes buscan una soluci\u00f3n consensuada. Los docentes y sus gremios no buscan la confrontaci\u00f3n; simplemente ejercen un reclamo justo que incluye, adem\u00e1s del aspecto salarial, las siguientes demandas urgentes que deben ser atendidas para una resoluci\u00f3n integral: El trabajo realizado durante las de 30 reuniones de Comisi\u00f3n T\u00e9cnico pedag\u00f3gica del 1890 para el mes de octubre. El pago de expedientes atrasados, algunos con demoras que superan los 10 meses; la definici\u00f3n de una fecha para la paritaria pedag\u00f3gica y la resoluci\u00f3n del tema de la titularizaci\u00f3n docente; y una explicaci\u00f3n oficial y precisa sobre la recuperaci\u00f3n de la cl\u00e1usula de actualizaci\u00f3n salarial del a\u00f1o 2023, que debi\u00f3 ser abonada en enero de 2024, un punto que la docencia considera el principal detonante de la crisis actual de la docencia sanjuanina. Dejamos claro que las respuestas del gobierno no han convencido al sector, lo que deja a nuestra parte en libertad de acci\u00f3n para futuras medidas. Esperamos que la patronal valore la continuidad del di\u00e1logo y evite acciones que perjudiquen la paz social.<\/p>\n<p><strong><span style=\"color: #ff6600;\">Gremio AMET San Juan<\/span><\/strong><\/p>\n<p>En reuni\u00f3n de delegados\/as de la Asociaci\u00f3n del Magisterio de Ense\u00f1anza T\u00e9cnica; A.M.E.T Regional \u00abX\u00bb San Juan, el cuerpo de Delegados\/as, haciendo hincapi\u00e9 en la realidad que vive el pa\u00eds y m\u00e1s espec\u00edficamente la provincia de San Juan. AMET Sostiene que no se prev\u00e9n incrementos estables en el salario. Quedando los docentes expuestos a la continua p\u00e9rdida del poder adquisitivo Por estos motivos, reafirmamos lo solicitado al gobierno para alcanzar una mejora salarial, contemplando los siguientes \u00edtems:<\/p>\n<ul>\n<li>18 (Dieciocho) puntos al nomenclador<\/li>\n<li>Incrementar el E66<\/li>\n<li>Incrementar el E60<\/li>\n<li>Incrementar el E68 (Conectividad, pesos $50.000 Acreditaci\u00f3n Final)<\/li>\n<li>Actualizar los Radios Docentes. (Para todos los docentes en actividad y sin importar el tiempo de servicio y\/o la edad l\u00edmite. Facilitando el retiro Jubilatorio con el mayor porcentaje que corresponda permitiendo la necesaria renovaci\u00f3n de planta)<\/li>\n<li>Titularizaci\u00f3n, para cumplir con el ingreso normado en los estatutos provinciales y nacionales. Ingreso que deben gozar todos los niveles a\u00f1o a a\u00f1o como lo hace el nivel inicial y primario.<\/li>\n<li>Regularizaci\u00f3n de expedientes de cobro, designaciones, etc. Controlando los procesos y las decisiones en los circuitos de decisi\u00f3n para beneficiar al trabajador docente y no perjudicarlo.<\/li>\n<li>Liquidaci\u00f3n urgente de todos los expedientes de cobro adeudados de esta gesti\u00f3n y principalmente los de las gestiones anteriores, teniendo en cuenta ei compromiso pol\u00edtico asumido por ia aciuai gesti\u00f3n de gobiemo.<\/li>\n<\/ul>\n<p>Asegurar la cobertura de la O.S.P. (Obra Social provincia) para lograr un servicio optimo o asegurar la libertad de opci\u00f3n. Este punto es un factor econ\u00f3mico muy importante y sensible en los bolsillos de los trabajadores, tal cual es valorada la salud.<\/p>\n<blockquote class=\"wp-embedded-content\" data-secret=\"MboFL2u9T7\"><p><a href=\"https:\/\/vocesparalelas.com.ar\/sitio\/los-gremios-docentes-consultan-a-las-bases-la-propuesta-del-gobierno-de-san-juan\/\">Los gremios Docentes consultan a las bases la propuesta del Gobierno de San Juan<\/a><\/p><\/blockquote>\n<p><iframe loading=\"lazy\" class=\"wp-embedded-content\" sandbox=\"allow-scripts\" security=\"restricted\" style=\"position: absolute; visibility: hidden;\" title=\"\u00abLos gremios Docentes consultan a las bases la propuesta del Gobierno de San Juan\u00bb \u2014 Voces Paralelas\" src=\"https:\/\/vocesparalelas.com.ar\/sitio\/los-gremios-docentes-consultan-a-las-bases-la-propuesta-del-gobierno-de-san-juan\/embed\/#?secret=Cuv42PjomM#?secret=MboFL2u9T7\" data-secret=\"MboFL2u9T7\" width=\"600\" height=\"338\" frameborder=\"0\" marginwidth=\"0\" marginheight=\"0\" scrolling=\"no\"><\/iframe><\/p>\n","protected":false},"excerpt":{"rendered":"<p>Los gremios Docentes Uni\u00f3n Docentes Agremiados Provinciales, Uni\u00f3n Docentes Argentinos, Asociaci\u00f3n del Magisterio de Ense\u00f1anza T\u00e9cnica, en representaci\u00f3n de la<\/p>\n","protected":false},"author":3,"featured_media":89944,"comment_status":"closed","ping_status":"closed","sticky":false,"template":"","format":"standard","meta":{"_acf_changed":false,"_seopress_robots_primary_cat":"none","_seopress_titles_title":"","_seopress_titles_desc":"","_seopress_robots_index":"","colormag_page_container_layout":"default_layout","colormag_page_sidebar_layout":"default_layout","footnotes":""},"categories":[5],"tags":[],"class_list":["post-90026","post","type-post","status-publish","format-standard","has-post-thumbnail","hentry","category-ofrecimientos"],"acf":[],"_links":{"self":[{"href":"https:\/\/vocesparalelas.com.ar\/sitio\/wp-json\/wp\/v2\/posts\/90026","targetHints":{"allow":["GET"]}}],"collection":[{"href":"https:\/\/vocesparalelas.com.ar\/sitio\/wp-json\/wp\/v2\/posts"}],"about":[{"href":"https:\/\/vocesparalelas.com.ar\/sitio\/wp-json\/wp\/v2\/types\/post"}],"author":[{"embeddable":true,"href":"https:\/\/vocesparalelas.com.ar\/sitio\/wp-json\/wp\/v2\/users\/3"}],"replies":[{"embeddable":true,"href":"https:\/\/vocesparalelas.com.ar\/sitio\/wp-json\/wp\/v2\/comments?post=90026"}],"version-history":[{"count":1,"href":"https:\/\/vocesparalelas.com.ar\/sitio\/wp-json\/wp\/v2\/posts\/90026\/revisions"}],"predecessor-version":[{"id":90029,"href":"https:\/\/vocesparalelas.com.ar\/sitio\/wp-json\/wp\/v2\/posts\/90026\/revisions\/90029"}],"wp:featuredmedia":[{"embeddable":true,"href":"https:\/\/vocesparalelas.com.ar\/sitio\/wp-json\/wp\/v2\/media\/89944"}],"wp:attachment":[{"href":"https:\/\/vocesparalelas.com.ar\/sitio\/wp-json\/wp\/v2\/media?parent=90026"}],"wp:term":[{"taxonomy":"category","embeddable":true,"href":"https:\/\/vocesparalelas.com.ar\/sitio\/wp-json\/wp\/v2\/categories?post=90026"},{"taxonomy":"post_tag","embeddable":true,"href":"https:\/\/vocesparalelas.com.ar\/sitio\/wp-json\/wp\/v2\/tags?post=90026"}],"curies":[{"name":"wp","href":"https:\/\/api.w.org\/{rel}","templated":true}]}}