{"id":90021,"date":"2025-08-18T19:12:13","date_gmt":"2025-08-18T22:12:13","guid":{"rendered":"https:\/\/vocesparalelas.com.ar\/sitio\/?p=90021"},"modified":"2025-08-19T23:18:45","modified_gmt":"2025-08-20T02:18:45","slug":"oferta-educactiva-2026-de-los-isfd-en-san-juan","status":"publish","type":"post","link":"https:\/\/vocesparalelas.com.ar\/sitio\/oferta-educactiva-2026-de-los-isfd-en-san-juan\/","title":{"rendered":"Oferta Educactiva 2026 de los ISFD en San Juan"},"content":{"rendered":"<p>El Ministerio de Educaci\u00f3n del Gobierno de San Juan ofrece a los interesados en seguir estudiando despu\u00e9s del secundario la Oferta Educativa 2026, el 18 y 19 de Agosto, de 9:30 a 17:30 hs.; en el Estadio Dr. Aldo Cantoni, en el marco de la Educaci\u00f3n Superior.<\/p>\n<p>En ella participan los Institutos Superiores de Formaci\u00f3n T\u00e9cnica e\u00a0 Institutos Superiores de Formaci\u00f3n Docente del Ministerio de Educaci\u00f3n del Gobierno de San Juan en beneficio de aquellos que puedan conocer y elegir una posibilidad de su futuro laboral.<\/p>\n<p><strong><span style=\"color: #ff6600;\">Gesti\u00f3n Estatal<\/span><\/strong><\/p>\n<ul>\n<li>INSTITUTO SUPERIOR DE SARMIENTO<\/li>\n<li>INSTITUTO SUPERIOR T\u00c9CNICO DE VALLE F\u00c9RTIL<\/li>\n<li>INSTITUTO SUPERIOR T\u00c9CNICO PROFESIONAL EN ENOLOG\u00cdA E INDUSTRIAS FRUTIHORT\u00cdCOLAS<\/li>\n<li>INSTITUTO SUPERIOR T\u00c9CNICO DE SAN MART\u00cdN<\/li>\n<li>INSTITUTO SUPERIOR T\u00c9CNIOCO DE ANGACO<\/li>\n<li>INSTITUTO SUPERIOR T\u00c9CNICO EN SEGURIDAD P\u00daBLICA<\/li>\n<li>PROFESORADO DE ENSE\u00d1ANZA SUPERIOR \u00abMONSENOR DR. SILVINO MART\u00cdNEZ\u00bb<\/li>\n<li>ESCUELA DE LA FAMILIA<\/li>\n<li>CENTRO EDUCATIVO NIVEL TERCIARIO N\u00b0 18<\/li>\n<li>ESCUELA DE BIBLIOTECOLOG\u00cdA DR. MARIANO MORENO<\/li>\n<li>INSTITUTO SUPERIOR DE FORMACI\u00d3N T\u00c9CNICA DE ULLUM<\/li>\n<li>INSTITUTO SUPERIOR DE SAN ISIDRO<\/li>\n<li>NORMAL SUPERIOR \u00abGRAL MANUEL BELGRANO\u00bb, FORMACI\u00d3N T\u00c9CNICA Y DOCENTE<\/li>\n<li>COLEGIO SUPERIOR N\u00b0 1 DE RAWSON \u00abPROF. IOLE LEVE PALMOLELLI DE MASCOTTI\u00bb<\/li>\n<li>COLEGIO SUPERIOR N\u00ba 1 \u00abFUERZA A\u00c9REA ARGENTINA\u00bb- VALLE F\u00c9RTIL<\/li>\n<li>ESCUELA NORMAL SUPERIOR \u00abFRAY JUSTO SANTA MAR\u00cdA DE ORO\u00bb J\u00c1CHAL<\/li>\n<li>ESCUELA NORMAL SUPERIOR \u00abGRAL. SAN MART\u00cdN\u201d<\/li>\n<li>ESCUELA NORMAL SUPERIOR \u00abSARMIENTO\u00bb<\/li>\n<li>INSTITUTO DE ENSE\u00d1ANZA SUPERIOR (I.N.E.S.) DRA. CARMEN PENALOZA\u00bb<\/li>\n<li>INSTITUTO SUPERIOR DE EDUCACI\u00d3N F\u00cdSICA<\/li>\n<\/ul>\n<p><strong><span style=\"color: #ff6600;\">Gesti\u00f3n Privada<\/span><\/strong><\/p>\n<ul>\n<li>INSTITUTO SUPERIOR NUESTRA SENORA DEL CARMEN<\/li>\n<li>INSTITUTO SUPERIOR DE PERIODISMO DEPORTIVO N\u00c9STOR \u0391\u039d\u03a4\u039f\u039d\u0399\u039f GAHONA<\/li>\n<li>INSTITUTO SARMIENTO CERVANTES<\/li>\n<li>INSTITUTO SUPERIOR DE FORMACI\u00d3N DOCENTE SANTA MAR\u00cdA<\/li>\n<li>INSTITUTO SUPERIOR SAGRADO CORAZ\u00d3N, FORMACI\u00d3N T\u00c9CNICA Y DOCENTE<\/li>\n<li>INSTITUTO SUPERIOR CIICAP, FORMACI\u00d3N T\u00c9CNICA Y DOCENTE<\/li>\n<li>INSTITUTO SARMIENTO DE ESTUDIOS SUPERIORES<\/li>\n<li>INSTITUTO SUPERIOR EN REDES &amp; INFORM\u00c1TICA &#8211; ISRI<\/li>\n<li>INSTITUTO SUPERIOR VIDA SILVESTRE, NATURALEZA Y AVENTURA<\/li>\n<li>INSTITUTO SUPERIOR AMBIENTE Y DESARROLLO SUSTENTABLE<\/li>\n<li>INSTITUTO SAN NICOL\u00c1S DE BARI<\/li>\n<li>INSTITUTO SUPEIROR CUYANO<\/li>\n<li>INSTITUTO DOMINGO FAUSTINO SARMIENTO -ISPE<\/li>\n<li>INSTITUTO SUPERIOR DE FORMACI\u00d3N DOCENTE \u00abASIC\u00bb<\/li>\n<li>INSTITUTO SUPERIOR DE FORMACI\u00d3N DOCENTE \u201cISADORA DUCAN\u00bb<\/li>\n<li>INSTITUTO SUPERIOR DE FORMACI\u00d3N DOCENTE \u00abANA PAVLOVA\u00bb<\/li>\n<li>INSTITUTO SUPERIOR DE FORMACI\u00d3N DOCENTE \u00abAMADEUS\u00bb<\/li>\n<li>ESCUELA DE FORMACI\u00d3N PEDAG\u00d3GICA Y SINDICAL MARINA VILTE<\/li>\n<li>INSTITUTO SUPERIOR CRECER<\/li>\n<\/ul>\n<p>&nbsp;<\/p>\n<p><img loading=\"lazy\" decoding=\"async\" class=\"alignnone size-full wp-image-90056\" src=\"https:\/\/vocesparalelas.com.ar\/sitio\/wp-content\/uploads\/2025\/08\/OFERTA-EDUCATIVA-01.jpg\" alt=\"\" width=\"800\" height=\"535\" srcset=\"https:\/\/vocesparalelas.com.ar\/sitio\/wp-content\/uploads\/2025\/08\/OFERTA-EDUCATIVA-01.jpg 800w, https:\/\/vocesparalelas.com.ar\/sitio\/wp-content\/uploads\/2025\/08\/OFERTA-EDUCATIVA-01-300x201.jpg 300w, https:\/\/vocesparalelas.com.ar\/sitio\/wp-content\/uploads\/2025\/08\/OFERTA-EDUCATIVA-01-768x514.jpg 768w\" sizes=\"auto, (max-width: 800px) 100vw, 800px\" \/><\/p>\n<p>En este contexto, el Gobernador de San Juan, el Vicegobernador, Dr. Fabi\u00e1n Mart\u00edn, la Ministra de Educaci\u00f3n, Lic. Silvia Fuentes y otros integrantes recorrieron la muestra y se quedaron impactandos por la gran cantidad de posibilidades de formaci\u00f3n.<\/p>\n<p><iframe loading=\"lazy\" title=\"Orrego recorri\u00f3 la muestra con la oferta acad\u00e9mica de Educaci\u00f3n Superior\" width=\"800\" height=\"450\" src=\"https:\/\/www.youtube.com\/embed\/CX-mb5lxneM?feature=oembed\" frameborder=\"0\" allow=\"accelerometer; autoplay; clipboard-write; encrypted-media; gyroscope; picture-in-picture; web-share\" referrerpolicy=\"strict-origin-when-cross-origin\" allowfullscreen><\/iframe><\/p>\n<p><strong><span style=\"color: #ff6600;\">Otras actividades<\/span><\/strong><\/p>\n<ul>\n<li>Mi\u00e9rcoles 20 de Agosto, Jornada recreativa y de vinculaci\u00f3n \u201cConectar y compartir desde el juego en el Nivel Superior\u201d, en el Instituto Superior de Educaci\u00f3n F\u00edsica.<\/li>\n<li>Jueves 21 de Agosto, 4\u00b0 Encuentro de Experiencias de Investigaci\u00f3n Educativa y Pr\u00e1cticas Pedag\u00f3gicas, tambi\u00e9n en el Instituto Superior de Educaci\u00f3n F\u00edsica.<\/li>\n<li>Viernes 22 de Agosto, 1\u00b0 Encuentro de Formaci\u00f3n Continua (por la ma\u00f1ana) y cierre de la Semana con un agasajo a docentes jubilados (por la tarde), en el mismo instituto.<\/li>\n<\/ul>\n<p><img loading=\"lazy\" decoding=\"async\" class=\"alignnone size-full wp-image-28629\" src=\"https:\/\/vocesparalelas.com.ar\/sitio\/wp-content\/uploads\/2020\/05\/MINISTERIO-EDUCACION-SJ.jpg\" alt=\"\" width=\"800\" height=\"533\" srcset=\"https:\/\/vocesparalelas.com.ar\/sitio\/wp-content\/uploads\/2020\/05\/MINISTERIO-EDUCACION-SJ.jpg 800w, https:\/\/vocesparalelas.com.ar\/sitio\/wp-content\/uploads\/2020\/05\/MINISTERIO-EDUCACION-SJ-300x200.jpg 300w, https:\/\/vocesparalelas.com.ar\/sitio\/wp-content\/uploads\/2020\/05\/MINISTERIO-EDUCACION-SJ-768x512.jpg 768w\" sizes=\"auto, (max-width: 800px) 100vw, 800px\" \/><\/p>\n","protected":false},"excerpt":{"rendered":"<p>El Ministerio de Educaci\u00f3n del Gobierno de San Juan ofrece a los interesados en seguir estudiando despu\u00e9s del secundario la<\/p>\n","protected":false},"author":3,"featured_media":90024,"comment_status":"closed","ping_status":"closed","sticky":false,"template":"","format":"standard","meta":{"_acf_changed":false,"_seopress_robots_primary_cat":"none","_seopress_titles_title":"","_seopress_titles_desc":"","_seopress_robots_index":"","colormag_page_container_layout":"default_layout","colormag_page_sidebar_layout":"default_layout","footnotes":""},"categories":[5,7],"tags":[],"class_list":["post-90021","post","type-post","status-publish","format-standard","has-post-thumbnail","hentry","category-ofrecimientos","category-videos"],"acf":[],"_links":{"self":[{"href":"https:\/\/vocesparalelas.com.ar\/sitio\/wp-json\/wp\/v2\/posts\/90021","targetHints":{"allow":["GET"]}}],"collection":[{"href":"https:\/\/vocesparalelas.com.ar\/sitio\/wp-json\/wp\/v2\/posts"}],"about":[{"href":"https:\/\/vocesparalelas.com.ar\/sitio\/wp-json\/wp\/v2\/types\/post"}],"author":[{"embeddable":true,"href":"https:\/\/vocesparalelas.com.ar\/sitio\/wp-json\/wp\/v2\/users\/3"}],"replies":[{"embeddable":true,"href":"https:\/\/vocesparalelas.com.ar\/sitio\/wp-json\/wp\/v2\/comments?post=90021"}],"version-history":[{"count":5,"href":"https:\/\/vocesparalelas.com.ar\/sitio\/wp-json\/wp\/v2\/posts\/90021\/revisions"}],"predecessor-version":[{"id":90057,"href":"https:\/\/vocesparalelas.com.ar\/sitio\/wp-json\/wp\/v2\/posts\/90021\/revisions\/90057"}],"wp:featuredmedia":[{"embeddable":true,"href":"https:\/\/vocesparalelas.com.ar\/sitio\/wp-json\/wp\/v2\/media\/90024"}],"wp:attachment":[{"href":"https:\/\/vocesparalelas.com.ar\/sitio\/wp-json\/wp\/v2\/media?parent=90021"}],"wp:term":[{"taxonomy":"category","embeddable":true,"href":"https:\/\/vocesparalelas.com.ar\/sitio\/wp-json\/wp\/v2\/categories?post=90021"},{"taxonomy":"post_tag","embeddable":true,"href":"https:\/\/vocesparalelas.com.ar\/sitio\/wp-json\/wp\/v2\/tags?post=90021"}],"curies":[{"name":"wp","href":"https:\/\/api.w.org\/{rel}","templated":true}]}}