{"id":89991,"date":"2025-08-17T21:11:16","date_gmt":"2025-08-18T00:11:16","guid":{"rendered":"https:\/\/vocesparalelas.com.ar\/sitio\/?p=89991"},"modified":"2025-08-20T19:41:15","modified_gmt":"2025-08-20T22:41:15","slug":"xv-encuentro-nacional-de-la-red-argentina-del-paisaje-y-1-congreso-latinoamericano-ciudades-verdes-y-paisajes-en-transformacion","status":"publish","type":"post","link":"https:\/\/vocesparalelas.com.ar\/sitio\/xv-encuentro-nacional-de-la-red-argentina-del-paisaje-y-1-congreso-latinoamericano-ciudades-verdes-y-paisajes-en-transformacion\/","title":{"rendered":"XV Encuentro Nacional de la Red Argentina del Paisaje \u00a0y\u00a01\u00b0 Congreso Latinoamericano \u201cCiudades Verdes y Paisajes en Transformaci\u00f3n\u201d"},"content":{"rendered":"<p>La Facultad de Arquitectura, Urbanismo y Dise\u00f1o de la Universidad Nacional de San Juan, a trav\u00e9s del Instituto de Teor\u00eda, Historia y Dise\u00f1o &#8211; IDIS &#8211; y el Observatorio y Laboratorio del Paisaje Patrimonial de los Valles Andinos Centrales &#8211; OPVAC &#8211; \u2014en el marco del convenio IDIS\/FAUD\/UNSJ \u2013 INCIHUSA\/CONICET\u2014 organiza, junto a la Red Argentina del Paisaje &#8211; RAP -, el Nodo San Juan de la RAP y con la colaboraci\u00f3n de la Secretar\u00eda de Ambiente y Desarrollo Sustentable \/ Anchipurac y otras instituciones auspiciantes, el: XV Encuentro Nacional de la Red Argentina del Paisaje (RAP)\u00a0y\u00a01\u00b0 Congreso Latinoamericano \u201cCiudades Verdes y Paisajes en Transformaci\u00f3n\u201d.<\/p>\n<p>El evento se realiza del 19 al 24 de Agosto, en el marco de \u201cLa Semana del Paisaje en San Juan\u201d y cuenta con aval acad\u00e9mico y auspicio institucional seg\u00fan Resoluci\u00f3n N\u00ba 450-FAUD\/25.<\/p>\n<p>El Instituto IDIS celebra en 2025 sus 20 a\u00f1os de trayectoria en la FAUD\/UNSJ, con diversas actividades que destacan sus l\u00edneas de investigaci\u00f3n y creaci\u00f3n.<\/p>\n<p>En este caso, se pone especial foco en los paisajes culturales en su categor\u00eda patrimonial y en la sostenibilidad. Por su parte, la Red Argentina del Paisaje, con 17 a\u00f1os de trayectoria, abordar\u00e1 en su XV Encuentro las m\u00faltiples dimensiones del paisaje, compartiendo con la comunidad universitaria reflexiones y preocupaciones sobre lo que ocurre en nuestros territorios, tanto a nivel local como latinoamericano y global.<\/p>\n<p>Bajo el lema \u00abCiudades Verdes y Paisajes en Transformaci\u00f3n\u00bb, el Congreso busca reflexionar sobre la necesidad de repensar nuestras ciudades, muchas veces desvinculadas de la naturaleza, para proyectar paisajes urbanos que sean habitables, sostenibles, amables con la naturaleza y justos. Se propone abordar el paisaje como una construcci\u00f3n social que refleja nuestras relaciones con el entorno y que configura, a su vez, la imagen que proyectamos como sociedad.<\/p>\n<p>Este encuentro propone un espacio de intercambio acad\u00e9mico, profesional y ciudadano para discutir, analizar y proponer estrategias integrales sobre ciudades verdes, paisajes urbanos en conflicto y soluciones basadas en la naturaleza, con una mirada multidisciplinar y multisensorial.<\/p>\n<p><span style=\"color: #ff6600;\"><strong>Programa<\/strong><\/span><\/p>\n<p><a href=\"https:\/\/vocesparalelas.com.ar\/sitio\/wp-content\/uploads\/2025\/08\/PROGRAMA-XV-RAP-1\u00b0-Congreso-Latinoamericano-de-Ciudades-Verdes-y-Paisajes-Transformacion.pdf\">PROGRAMA XV RAP &#8211; 1\u00b0 Congreso Latinoamericano de Ciudades Verdes y Paisajes Transformaci\u00f3n<\/a><\/p>\n<p>&nbsp;<\/p>\n<p>&nbsp;<\/p>\n<p><img loading=\"lazy\" decoding=\"async\" class=\"alignnone size-large wp-image-25833\" src=\"https:\/\/vocesparalelas.com.ar\/sitio\/wp-content\/uploads\/2019\/12\/SAN-JUAN-CIUDAD-800x600.jpg\" alt=\"\" width=\"800\" height=\"600\" srcset=\"https:\/\/vocesparalelas.com.ar\/sitio\/wp-content\/uploads\/2019\/12\/SAN-JUAN-CIUDAD.jpg 800w, https:\/\/vocesparalelas.com.ar\/sitio\/wp-content\/uploads\/2019\/12\/SAN-JUAN-CIUDAD-300x225.jpg 300w, https:\/\/vocesparalelas.com.ar\/sitio\/wp-content\/uploads\/2019\/12\/SAN-JUAN-CIUDAD-768x576.jpg 768w\" sizes=\"auto, (max-width: 800px) 100vw, 800px\" \/><\/p>\n<p><strong><span style=\"color: #ff6600;\">Ejes tem\u00e1ticos<\/span><\/strong><\/p>\n<ul>\n<li>Ciudades verdes y planeamiento urbano sostenible<\/li>\n<li>Paisaje en conflicto<\/li>\n<li>Estrategias y gesti\u00f3n del paisaje urbano<\/li>\n<li>Participaci\u00f3n ciudadana y gesti\u00f3n colaborativa<\/li>\n<\/ul>\n<p>Los coordinadores por parte de la FAUD\/UNSJ \u2013 IDIS y OPVAC son la Mgter. Arq. Cristina Monfort, el Esp. Arq. Fernando Giudici y la Dra. Arq. Lorena Manzini Marchesi.<\/p>\n<figure id=\"attachment_24036\" aria-describedby=\"caption-attachment-24036\" style=\"width: 800px\" class=\"wp-caption alignnone\"><img loading=\"lazy\" decoding=\"async\" class=\"size-large wp-image-24036\" src=\"https:\/\/vocesparalelas.com.ar\/sitio\/wp-content\/uploads\/2019\/10\/FAUD-EDIFICIO-BANDERA-01-800x528.jpg\" alt=\"\" width=\"800\" height=\"528\" srcset=\"https:\/\/vocesparalelas.com.ar\/sitio\/wp-content\/uploads\/2019\/10\/FAUD-EDIFICIO-BANDERA-01.jpg 800w, https:\/\/vocesparalelas.com.ar\/sitio\/wp-content\/uploads\/2019\/10\/FAUD-EDIFICIO-BANDERA-01-300x198.jpg 300w, https:\/\/vocesparalelas.com.ar\/sitio\/wp-content\/uploads\/2019\/10\/FAUD-EDIFICIO-BANDERA-01-768x507.jpg 768w\" sizes=\"auto, (max-width: 800px) 100vw, 800px\" \/><figcaption id=\"caption-attachment-24036\" class=\"wp-caption-text\">Facultad de Arquitectura, Urbanismo y Dise\u00f1o de la Universidad Nacional de San Juan, Rep\u00fablica Argentina<\/figcaption><\/figure>\n","protected":false},"excerpt":{"rendered":"<p>La Facultad de Arquitectura, Urbanismo y Dise\u00f1o de la Universidad Nacional de San Juan, a trav\u00e9s del Instituto de Teor\u00eda,<\/p>\n","protected":false},"author":3,"featured_media":1815,"comment_status":"closed","ping_status":"closed","sticky":false,"template":"","format":"standard","meta":{"_acf_changed":false,"_seopress_robots_primary_cat":"none","_seopress_titles_title":"","_seopress_titles_desc":"","_seopress_robots_index":"","colormag_page_container_layout":"default_layout","colormag_page_sidebar_layout":"default_layout","footnotes":""},"categories":[15],"tags":[],"class_list":["post-89991","post","type-post","status-publish","format-standard","has-post-thumbnail","hentry","category-posgrados"],"acf":[],"_links":{"self":[{"href":"https:\/\/vocesparalelas.com.ar\/sitio\/wp-json\/wp\/v2\/posts\/89991","targetHints":{"allow":["GET"]}}],"collection":[{"href":"https:\/\/vocesparalelas.com.ar\/sitio\/wp-json\/wp\/v2\/posts"}],"about":[{"href":"https:\/\/vocesparalelas.com.ar\/sitio\/wp-json\/wp\/v2\/types\/post"}],"author":[{"embeddable":true,"href":"https:\/\/vocesparalelas.com.ar\/sitio\/wp-json\/wp\/v2\/users\/3"}],"replies":[{"embeddable":true,"href":"https:\/\/vocesparalelas.com.ar\/sitio\/wp-json\/wp\/v2\/comments?post=89991"}],"version-history":[{"count":3,"href":"https:\/\/vocesparalelas.com.ar\/sitio\/wp-json\/wp\/v2\/posts\/89991\/revisions"}],"predecessor-version":[{"id":90109,"href":"https:\/\/vocesparalelas.com.ar\/sitio\/wp-json\/wp\/v2\/posts\/89991\/revisions\/90109"}],"wp:featuredmedia":[{"embeddable":true,"href":"https:\/\/vocesparalelas.com.ar\/sitio\/wp-json\/wp\/v2\/media\/1815"}],"wp:attachment":[{"href":"https:\/\/vocesparalelas.com.ar\/sitio\/wp-json\/wp\/v2\/media?parent=89991"}],"wp:term":[{"taxonomy":"category","embeddable":true,"href":"https:\/\/vocesparalelas.com.ar\/sitio\/wp-json\/wp\/v2\/categories?post=89991"},{"taxonomy":"post_tag","embeddable":true,"href":"https:\/\/vocesparalelas.com.ar\/sitio\/wp-json\/wp\/v2\/tags?post=89991"}],"curies":[{"name":"wp","href":"https:\/\/api.w.org\/{rel}","templated":true}]}}