{"id":89985,"date":"2025-08-17T20:52:12","date_gmt":"2025-08-17T23:52:12","guid":{"rendered":"https:\/\/vocesparalelas.com.ar\/sitio\/?p=89985"},"modified":"2025-08-19T22:01:47","modified_gmt":"2025-08-20T01:01:47","slug":"accion-catolica-argentina-renovo-sus-autoridades-y-definio-su-vision-institucional-hacia-2028","status":"publish","type":"post","link":"https:\/\/vocesparalelas.com.ar\/sitio\/accion-catolica-argentina-renovo-sus-autoridades-y-definio-su-vision-institucional-hacia-2028\/","title":{"rendered":"Acci\u00f3n Cat\u00f3lica Argentina renov\u00f3 sus autoridades y defini\u00f3 su visi\u00f3n institucional hacia 2028"},"content":{"rendered":"<p>Durante la 73\u00b0 Asamblea Nacional realizada en el marco de la 31 Asamblea Federal que se desarrolla en la ciudad de Tucum\u00e1n fueron presentadas las nuevas autoridades nacionales de la Acci\u00f3n Cat\u00f3lica Argentina para el trienio 2025-2028.<\/p>\n<p>El presidente de la Conferencia Episcopal Argentina, monse\u00f1or Marcelo Colombo, design\u00f3 a Claudia Carbajal (San Mart\u00edn) como presidenta nacional y a Cristian Bernachera (Corrientes) y Waler Errecalde (Mar del Plata) como vicepresidentes 1\u00b0 y 2\u00b0 respectivamente.<\/p>\n<p>Asimismo, design\u00f3 a monse\u00f1or Jorge Lozano, arzobispo de San Juan, como asesor general; y a monse\u00f1or Luis Fern\u00e1ndez, obispo em\u00e9rito de Rafaela, como viceasesor general; y para el equipo de Asesores a los presb\u00edteros Luis Zazano, Juan Jos\u00e9 Olivetto, Daniel Bossio y Arturo Pessagno.<\/p>\n<p>Por voto de los miembros de la Asamblea, fueron electos como miembros del Consejo Nacional<\/p>\n<ul>\n<li>Mar\u00eda Natalia Lescano (secretaria),<\/li>\n<li>Mar\u00eda Anah\u00ed Le\u00f3n (tesorera),<\/li>\n<li>Silvina Tau (responsable del Equipo de Formaci\u00f3n),<\/li>\n<li>Roc\u00edo Carolina R\u00edos y Nazareno Aguirre (responsables de la Comisi\u00f3n de Aspirantes),<\/li>\n<li>Gissel P\u00e9rez y Santiago S\u00e1nchez Agostini (responsables de la Comisi\u00f3n de J\u00f3venes),<\/li>\n<li>Mar\u00eda Laura N\u00f3brega y N\u00e9stor Caruso (responsables de la Comisi\u00f3n de Adultos), y<\/li>\n<li>Cecilia L\u00f3pez Puertas y Carlos Bulacios (responsables de la Comisi\u00f3n de Sectores).<\/li>\n<\/ul>\n<p>Tambi\u00e9n resultaron electos por el voto de los asamble\u00edstas los vocales de las cuatro comisiones nacionales: Aspirantes, J\u00f3venes, Adultos y Sectores.<\/p>\n<p>Integran la Comisi\u00f3n de Aspirantes: Mariana Arnaiz, Camilia Lettieri, Ariana Atala, Julieta Bialylew, Karina Baigorria, Daniela Fern\u00e1ndez, Carolina Ordo\u00f1ez, Mar\u00eda Daniela Verni, Luis Luna, Federico Romero, Siego S\u00e1nchez y El\u00edas Z\u00e1rate.<\/p>\n<p>La de J\u00f3venes qued\u00f3 conformada por Wanda Toledo, Clarisa Puyol, Carolina Cortez, Noelia Figueroa, Macarena Carbajal, Julios C\u00e9sar Mar\u00edn, Jorge Paz Abreg\u00fa, Iv\u00e1n Belloti, Leonardo Soraci, Nicol\u00e1s Cardarola, Lucas Bordona y Mariano Scelza.<\/p>\n<p>En Adultos fueron electos como vocales Agust\u00edn Merlo, Diego Garc\u00eda, Julia Bulacio, Raquel Aima, Claudio Cruz, Marcelo \u00c9rcoli, Eugenia Curcio, Jorge Rojas, Manuel Andrada, Jorge Ju\u00e1rez V\u00e9liz, Silvia Monsu\u00e1rez y Bel\u00e9n D\u00edaz.<\/p>\n<p>Como vocales de la Comisi\u00f3n de Sectores fueron elegidos ya Agust\u00edn Nieva, Virna Vinader, Cintya Fr\u00edas, Juan Jos\u00e9 Cortelezzi, Marcelo Romano, Jos\u00e9 \u00c1ngel Rodr\u00edguez, Rodolfo Brand\u00e1n, Mario Mendoza, Mauricio Fern\u00e1ndez, Daniel D\u00edaz, Dar\u00edo D\u00edaz y Mario Orellano.<\/p>\n<p>Asimismo, la Asamblea Nacional defini\u00f3 la Visi\u00f3n Institucional para el trienio: \u201cSer una Acci\u00f3n Cat\u00f3lica, comunidad de disc\u00edpulos misioneros, que desde el encuentro con Jes\u00fas, camina unida junto a otros, amando y sirviendo a todos,<br \/>\nsiendo profetas de esperanza, constructores de fraternidad y paz, contagiando en todas las realidades la alegr\u00eda del Evangelio que transforma, une y renueva\u201d.<\/p>\n<p>La segunda jornada de la Asamblea Federal, donde cada uno de los espacios vivi\u00f3 su momento, con catequesis, reflexiones, trabajos grupales y compartiendo la oraci\u00f3n, concluy\u00f3 con un festivo acto popular en la Plaza Independencia, en el que actuaron Coqui Sosa, Siempre Tucum\u00e1n, Los Int\u00e9rpretes y la popular banda cat\u00f3lica de cumbia Toco para Dios.<\/p>\n<p><img loading=\"lazy\" decoding=\"async\" class=\"alignnone size-full wp-image-89989\" src=\"https:\/\/vocesparalelas.com.ar\/sitio\/wp-content\/uploads\/2025\/08\/CATOLICA-COMISION-NACIONAL-01.jpg\" alt=\"\" width=\"800\" height=\"463\" srcset=\"https:\/\/vocesparalelas.com.ar\/sitio\/wp-content\/uploads\/2025\/08\/CATOLICA-COMISION-NACIONAL-01.jpg 800w, https:\/\/vocesparalelas.com.ar\/sitio\/wp-content\/uploads\/2025\/08\/CATOLICA-COMISION-NACIONAL-01-300x174.jpg 300w, https:\/\/vocesparalelas.com.ar\/sitio\/wp-content\/uploads\/2025\/08\/CATOLICA-COMISION-NACIONAL-01-768x444.jpg 768w\" sizes=\"auto, (max-width: 800px) 100vw, 800px\" \/><\/p>\n<p>&nbsp;<\/p>\n","protected":false},"excerpt":{"rendered":"<p>Durante la 73\u00b0 Asamblea Nacional realizada en el marco de la 31 Asamblea Federal que se desarrolla en la ciudad<\/p>\n","protected":false},"author":3,"featured_media":89988,"comment_status":"closed","ping_status":"closed","sticky":false,"template":"","format":"standard","meta":{"_acf_changed":false,"_seopress_robots_primary_cat":"none","_seopress_titles_title":"","_seopress_titles_desc":"","_seopress_robots_index":"","colormag_page_container_layout":"default_layout","colormag_page_sidebar_layout":"default_layout","footnotes":""},"categories":[10],"tags":[],"class_list":["post-89985","post","type-post","status-publish","format-standard","has-post-thumbnail","hentry","category-opiniones"],"acf":[],"_links":{"self":[{"href":"https:\/\/vocesparalelas.com.ar\/sitio\/wp-json\/wp\/v2\/posts\/89985","targetHints":{"allow":["GET"]}}],"collection":[{"href":"https:\/\/vocesparalelas.com.ar\/sitio\/wp-json\/wp\/v2\/posts"}],"about":[{"href":"https:\/\/vocesparalelas.com.ar\/sitio\/wp-json\/wp\/v2\/types\/post"}],"author":[{"embeddable":true,"href":"https:\/\/vocesparalelas.com.ar\/sitio\/wp-json\/wp\/v2\/users\/3"}],"replies":[{"embeddable":true,"href":"https:\/\/vocesparalelas.com.ar\/sitio\/wp-json\/wp\/v2\/comments?post=89985"}],"version-history":[{"count":1,"href":"https:\/\/vocesparalelas.com.ar\/sitio\/wp-json\/wp\/v2\/posts\/89985\/revisions"}],"predecessor-version":[{"id":89990,"href":"https:\/\/vocesparalelas.com.ar\/sitio\/wp-json\/wp\/v2\/posts\/89985\/revisions\/89990"}],"wp:featuredmedia":[{"embeddable":true,"href":"https:\/\/vocesparalelas.com.ar\/sitio\/wp-json\/wp\/v2\/media\/89988"}],"wp:attachment":[{"href":"https:\/\/vocesparalelas.com.ar\/sitio\/wp-json\/wp\/v2\/media?parent=89985"}],"wp:term":[{"taxonomy":"category","embeddable":true,"href":"https:\/\/vocesparalelas.com.ar\/sitio\/wp-json\/wp\/v2\/categories?post=89985"},{"taxonomy":"post_tag","embeddable":true,"href":"https:\/\/vocesparalelas.com.ar\/sitio\/wp-json\/wp\/v2\/tags?post=89985"}],"curies":[{"name":"wp","href":"https:\/\/api.w.org\/{rel}","templated":true}]}}