{"id":89863,"date":"2025-08-13T21:12:54","date_gmt":"2025-08-14T00:12:54","guid":{"rendered":"https:\/\/vocesparalelas.com.ar\/sitio\/?p=89863"},"modified":"2025-08-14T23:02:43","modified_gmt":"2025-08-15T02:02:43","slug":"capacitacion-salud-y-justicia-entrecruzamientos-de-sus-practicas-en-el-hospital-dr-marcial-quiroga-de-san-juan","status":"publish","type":"post","link":"https:\/\/vocesparalelas.com.ar\/sitio\/capacitacion-salud-y-justicia-entrecruzamientos-de-sus-practicas-en-el-hospital-dr-marcial-quiroga-de-san-juan\/","title":{"rendered":"Capacitaci\u00f3n \u201cSalud y Justicia entrecruzamientos de sus pr\u00e1cticas\u201d en el Hospital Dr. Marcial Quiroga de San Juan"},"content":{"rendered":"<p>Con el objetivo de mejorar el trabajo conjunto entre profesionales de la salud y de la justicia, el Hospital Dr. Marcial Quiroga comenz\u00f3 con la capacitaci\u00f3n \u201cSalud y Justicia: entrecruzamientos de sus pr\u00e1cticas\u201d, organizada por el equipo de Salud Mental Infanto Juvenil de la Instituci\u00f3n y se desarrolla en cuatro m\u00f3dulos.<\/p>\n<p data-start=\"727\" data-end=\"958\">El primer encuentro tuvo como tema principal la Organizaci\u00f3n del Poder Judicial Provincial y el Ministerio P\u00fablico Fiscal, a cargo de Dra. Patricia Sirera, asesora de menores y especialista en el tema.<\/p>\n<p data-start=\"960\" data-end=\"1242\">Esta capacitaci\u00f3n est\u00e1 destinada para personas que trabajan en salud para conocer c\u00f3mo se relacionan los dos sistemas cuando hay que intervenir en casos complejos, sobre todo relacionados con salud mental en ni\u00f1os, ni\u00f1as y adolescentes.<\/p>\n<p data-start=\"1244\" data-end=\"1385\">Adem\u00e1s, de dar herramientas pr\u00e1cticas, estos encuentros buscan abrir el di\u00e1logo entre distintos profesionales y fomentar el trabajo en equipo.<\/p>\n<p data-start=\"1387\" data-end=\"1505\">Los otros m\u00f3dulos tienen lugar en el Hospital Dr. Marcial Quiroga, el 3 y 24 de Septiembre, para concluir el 22 de Octubre.<\/p>\n<p data-start=\"1387\" data-end=\"1505\"><span style=\"color: #ff0000;\"><strong>Temas<\/strong><\/span><\/p>\n<ul>\n<li data-start=\"1387\" data-end=\"1505\">Sistema acusatorio, internaciones involuntarias en salud mental<\/li>\n<li data-start=\"1387\" data-end=\"1505\">Observaci\u00f3n de lesiones frecuentes en la admisi\u00f3n de pacientes en instituci\u00f3n hospitalaria.<\/li>\n<\/ul>\n<p>Con esta propuesta, el Hospital Dr. Marcial Quiroga contin\u00faa consolidando su compromiso con la formaci\u00f3n permanente y la promoci\u00f3n de pr\u00e1cticas integradas al servicio de la comunidad.<\/p>\n<p><img loading=\"lazy\" decoding=\"async\" class=\"alignnone size-full wp-image-50515\" src=\"https:\/\/vocesparalelas.com.ar\/sitio\/wp-content\/uploads\/2022\/07\/HMQ-FRENTE.jpg\" alt=\"\" width=\"800\" height=\"600\" srcset=\"https:\/\/vocesparalelas.com.ar\/sitio\/wp-content\/uploads\/2022\/07\/HMQ-FRENTE.jpg 800w, https:\/\/vocesparalelas.com.ar\/sitio\/wp-content\/uploads\/2022\/07\/HMQ-FRENTE-300x225.jpg 300w, https:\/\/vocesparalelas.com.ar\/sitio\/wp-content\/uploads\/2022\/07\/HMQ-FRENTE-768x576.jpg 768w\" sizes=\"auto, (max-width: 800px) 100vw, 800px\" \/><\/p>\n","protected":false},"excerpt":{"rendered":"<p>Con el objetivo de mejorar el trabajo conjunto entre profesionales de la salud y de la justicia, el Hospital Dr.<\/p>\n","protected":false},"author":3,"featured_media":89866,"comment_status":"closed","ping_status":"closed","sticky":false,"template":"","format":"standard","meta":{"_acf_changed":false,"_seopress_robots_primary_cat":"none","_seopress_titles_title":"","_seopress_titles_desc":"","_seopress_robots_index":"","colormag_page_container_layout":"default_layout","colormag_page_sidebar_layout":"default_layout","footnotes":""},"categories":[9],"tags":[],"class_list":["post-89863","post","type-post","status-publish","format-standard","has-post-thumbnail","hentry","category-cursos"],"acf":[],"_links":{"self":[{"href":"https:\/\/vocesparalelas.com.ar\/sitio\/wp-json\/wp\/v2\/posts\/89863","targetHints":{"allow":["GET"]}}],"collection":[{"href":"https:\/\/vocesparalelas.com.ar\/sitio\/wp-json\/wp\/v2\/posts"}],"about":[{"href":"https:\/\/vocesparalelas.com.ar\/sitio\/wp-json\/wp\/v2\/types\/post"}],"author":[{"embeddable":true,"href":"https:\/\/vocesparalelas.com.ar\/sitio\/wp-json\/wp\/v2\/users\/3"}],"replies":[{"embeddable":true,"href":"https:\/\/vocesparalelas.com.ar\/sitio\/wp-json\/wp\/v2\/comments?post=89863"}],"version-history":[{"count":1,"href":"https:\/\/vocesparalelas.com.ar\/sitio\/wp-json\/wp\/v2\/posts\/89863\/revisions"}],"predecessor-version":[{"id":89867,"href":"https:\/\/vocesparalelas.com.ar\/sitio\/wp-json\/wp\/v2\/posts\/89863\/revisions\/89867"}],"wp:featuredmedia":[{"embeddable":true,"href":"https:\/\/vocesparalelas.com.ar\/sitio\/wp-json\/wp\/v2\/media\/89866"}],"wp:attachment":[{"href":"https:\/\/vocesparalelas.com.ar\/sitio\/wp-json\/wp\/v2\/media?parent=89863"}],"wp:term":[{"taxonomy":"category","embeddable":true,"href":"https:\/\/vocesparalelas.com.ar\/sitio\/wp-json\/wp\/v2\/categories?post=89863"},{"taxonomy":"post_tag","embeddable":true,"href":"https:\/\/vocesparalelas.com.ar\/sitio\/wp-json\/wp\/v2\/tags?post=89863"}],"curies":[{"name":"wp","href":"https:\/\/api.w.org\/{rel}","templated":true}]}}