{"id":89858,"date":"2025-08-13T20:36:21","date_gmt":"2025-08-13T23:36:21","guid":{"rendered":"https:\/\/vocesparalelas.com.ar\/sitio\/?p=89858"},"modified":"2025-08-14T23:04:10","modified_gmt":"2025-08-15T02:04:10","slug":"charla-de-formacion-destinada-a-secretarios-y-personal-administrativo-de-los-cens-del-gran-san-juan","status":"publish","type":"post","link":"https:\/\/vocesparalelas.com.ar\/sitio\/charla-de-formacion-destinada-a-secretarios-y-personal-administrativo-de-los-cens-del-gran-san-juan\/","title":{"rendered":"Charla de formaci\u00f3n destinada a secretarios y personal administrativo de los CENS del Gran San Juan"},"content":{"rendered":"<p>El Ministerio de Educaci\u00f3n del Gobierno de San Juan, a trav\u00e9s de la Direcci\u00f3n de Educaci\u00f3n para J\u00f3venes y Adultos, desarroll\u00f3 en el CENS Rivadavia una charla de formaci\u00f3n destinada a secretarios y personal administrativo de los Centros Educativos de Nivel Secundario &#8211; CENS &#8211; del Gran San Juan.<\/p>\n<p>La instancia se gener\u00f3 por iniciativa de la ministra de Educaci\u00f3n, Lic. Silvia Fuentes, para que el personal de los CENS est\u00e9 al tanto de todos los procedimientos.<\/p>\n<p>La charla estuvo presidida por el supervisor de CENS, Prof. Fernando Palacio, quien ofreci\u00f3 orientaciones detalladas sobre la confecci\u00f3n de t\u00edtulos en l\u00ednea y el procedimiento administrativo correspondiente a los planes FinEs I, II y III.<\/p>\n<p>Luego, la directora de \u00e1rea, Prof. Gabriela Moreno, expuso sobre las funciones y responsabilidades espec\u00edficas del personal administrativo y de los secretarios, destacando su papel clave en el funcionamiento institucional de cada centro.<\/p>\n<p>Esta actividad presencial cont\u00f3 con la participaci\u00f3n exclusiva de personal de CENS del Gran San Juan, ya que luego se realiz\u00f3 una versi\u00f3n virtual destinada a quienes trabajan en zonas alejadas, para asegurar que todos reciban la misma informaci\u00f3n y lineamientos actualizados.<\/p>\n<p><img loading=\"lazy\" decoding=\"async\" class=\"alignnone size-full wp-image-28629\" src=\"https:\/\/vocesparalelas.com.ar\/sitio\/wp-content\/uploads\/2020\/05\/MINISTERIO-EDUCACION-SJ.jpg\" alt=\"\" width=\"800\" height=\"533\" srcset=\"https:\/\/vocesparalelas.com.ar\/sitio\/wp-content\/uploads\/2020\/05\/MINISTERIO-EDUCACION-SJ.jpg 800w, https:\/\/vocesparalelas.com.ar\/sitio\/wp-content\/uploads\/2020\/05\/MINISTERIO-EDUCACION-SJ-300x200.jpg 300w, https:\/\/vocesparalelas.com.ar\/sitio\/wp-content\/uploads\/2020\/05\/MINISTERIO-EDUCACION-SJ-768x512.jpg 768w\" sizes=\"auto, (max-width: 800px) 100vw, 800px\" \/><\/p>\n","protected":false},"excerpt":{"rendered":"<p>El Ministerio de Educaci\u00f3n del Gobierno de San Juan, a trav\u00e9s de la Direcci\u00f3n de Educaci\u00f3n para J\u00f3venes y Adultos,<\/p>\n","protected":false},"author":3,"featured_media":89862,"comment_status":"closed","ping_status":"closed","sticky":false,"template":"","format":"standard","meta":{"_acf_changed":false,"_seopress_robots_primary_cat":"none","_seopress_titles_title":"","_seopress_titles_desc":"","_seopress_robots_index":"","colormag_page_container_layout":"default_layout","colormag_page_sidebar_layout":"default_layout","footnotes":""},"categories":[9],"tags":[],"class_list":["post-89858","post","type-post","status-publish","format-standard","has-post-thumbnail","hentry","category-cursos"],"acf":[],"_links":{"self":[{"href":"https:\/\/vocesparalelas.com.ar\/sitio\/wp-json\/wp\/v2\/posts\/89858","targetHints":{"allow":["GET"]}}],"collection":[{"href":"https:\/\/vocesparalelas.com.ar\/sitio\/wp-json\/wp\/v2\/posts"}],"about":[{"href":"https:\/\/vocesparalelas.com.ar\/sitio\/wp-json\/wp\/v2\/types\/post"}],"author":[{"embeddable":true,"href":"https:\/\/vocesparalelas.com.ar\/sitio\/wp-json\/wp\/v2\/users\/3"}],"replies":[{"embeddable":true,"href":"https:\/\/vocesparalelas.com.ar\/sitio\/wp-json\/wp\/v2\/comments?post=89858"}],"version-history":[{"count":2,"href":"https:\/\/vocesparalelas.com.ar\/sitio\/wp-json\/wp\/v2\/posts\/89858\/revisions"}],"predecessor-version":[{"id":89868,"href":"https:\/\/vocesparalelas.com.ar\/sitio\/wp-json\/wp\/v2\/posts\/89858\/revisions\/89868"}],"wp:featuredmedia":[{"embeddable":true,"href":"https:\/\/vocesparalelas.com.ar\/sitio\/wp-json\/wp\/v2\/media\/89862"}],"wp:attachment":[{"href":"https:\/\/vocesparalelas.com.ar\/sitio\/wp-json\/wp\/v2\/media?parent=89858"}],"wp:term":[{"taxonomy":"category","embeddable":true,"href":"https:\/\/vocesparalelas.com.ar\/sitio\/wp-json\/wp\/v2\/categories?post=89858"},{"taxonomy":"post_tag","embeddable":true,"href":"https:\/\/vocesparalelas.com.ar\/sitio\/wp-json\/wp\/v2\/tags?post=89858"}],"curies":[{"name":"wp","href":"https:\/\/api.w.org\/{rel}","templated":true}]}}