{"id":89853,"date":"2025-08-13T20:06:58","date_gmt":"2025-08-13T23:06:58","guid":{"rendered":"https:\/\/vocesparalelas.com.ar\/sitio\/?p=89853"},"modified":"2025-08-14T23:05:50","modified_gmt":"2025-08-15T02:05:50","slug":"san-juan-fue-1-9-la-inflacion-de-julio-2025","status":"publish","type":"post","link":"https:\/\/vocesparalelas.com.ar\/sitio\/san-juan-fue-1-9-la-inflacion-de-julio-2025\/","title":{"rendered":"San Juan fue 1.9% la inflaci\u00f3n de Julio 2025"},"content":{"rendered":"<p>De acuerdo con el informe del Instituto de Investigaciones Econ\u00f3micas y Estad\u00edsticas de la provincia, la comparaci\u00f3n interanual registr\u00f3 un incremento del 32,4%.<\/p>\n<p>El Ministerio de Econom\u00eda, Finanzas y Hacienda del Gobierno de San Juan, a trav\u00e9s del Instituto de Investigaciones Econ\u00f3micas y Estad\u00edsticas -IIEE- de San Juan, inform\u00f3 que el nivel general del \u00cdndice de precios al consumidor registr\u00f3 un alza mensual de 1,9% en Julio de 2025, y acumul\u00f3 en el a\u00f1o una variaci\u00f3n de 16,0%.<\/p>\n<p>En la comparaci\u00f3n interanual, el incremento alcanz\u00f3 el 32,4%. Cabe destacar que la variaci\u00f3n de los precios al consumidor de la Regi\u00f3n de Cuyo alcanz\u00f3 tambi\u00e9n un valor de 1,9%.<\/p>\n<p>Las divisiones que registraron menores variaciones fueron<\/p>\n<ul>\n<li>Educaci\u00f3n (0,8%),<\/li>\n<li>Bebidas alcoh\u00f3licas y tabaco (1,4%),<\/li>\n<li>Equipamiento y mantenimiento del hogar (1,5%) y<\/li>\n<li>Vivienda, agua, electricidad y otros combustibles (1,5%).<\/li>\n<li>Salud (1,6%),<\/li>\n<li>Bienes y servicios varios (1,7%) y<\/li>\n<li>Alimentos y bebidas no alcoh\u00f3licas (1,7%).<\/li>\n<li>Recreaci\u00f3n y cultura y Comunicaciones tuvieron similar variaci\u00f3n (1,9%).<\/li>\n<\/ul>\n<p>Por otro lado, las divisiones con mayor aumento en el mes fueron<\/p>\n<ul>\n<li>Transporte (3,8%), con subas en Servicios de transporte a\u00e9reo y Servicios de transporte por carretera<\/li>\n<li>Restaurantes y hoteles (2,4%) principalmente por incrementos en Hoteles y otros servicios de alojamiento, y<\/li>\n<li>Prendas de vestir y calzado (2,0%).<\/li>\n<\/ul>\n<p>Cabe resaltar en cuanto a las caracter\u00edsticas del relevamiento de precios: el IPC de San Juan se obtiene del relevamiento de una Canasta de 557 productos, en 914 informantes distribuidos en el Gran San Juan, lo que permite recolectar 19.000 aproximadamente, al mes.<\/p>\n<p><img loading=\"lazy\" decoding=\"async\" class=\"alignnone size-full wp-image-65642\" src=\"https:\/\/vocesparalelas.com.ar\/sitio\/wp-content\/uploads\/2023\/11\/GOBIERNO-SAN-JUAN.jpg\" alt=\"\" width=\"800\" height=\"600\" srcset=\"https:\/\/vocesparalelas.com.ar\/sitio\/wp-content\/uploads\/2023\/11\/GOBIERNO-SAN-JUAN.jpg 800w, https:\/\/vocesparalelas.com.ar\/sitio\/wp-content\/uploads\/2023\/11\/GOBIERNO-SAN-JUAN-300x225.jpg 300w, https:\/\/vocesparalelas.com.ar\/sitio\/wp-content\/uploads\/2023\/11\/GOBIERNO-SAN-JUAN-768x576.jpg 768w\" sizes=\"auto, (max-width: 800px) 100vw, 800px\" \/><\/p>\n","protected":false},"excerpt":{"rendered":"<p>De acuerdo con el informe del Instituto de Investigaciones Econ\u00f3micas y Estad\u00edsticas de la provincia, la comparaci\u00f3n interanual registr\u00f3 un<\/p>\n","protected":false},"author":3,"featured_media":28397,"comment_status":"closed","ping_status":"closed","sticky":false,"template":"","format":"standard","meta":{"_acf_changed":false,"_seopress_robots_primary_cat":"none","_seopress_titles_title":"","_seopress_titles_desc":"","_seopress_robots_index":"","colormag_page_container_layout":"default_layout","colormag_page_sidebar_layout":"default_layout","footnotes":""},"categories":[10],"tags":[],"class_list":["post-89853","post","type-post","status-publish","format-standard","has-post-thumbnail","hentry","category-opiniones"],"acf":[],"_links":{"self":[{"href":"https:\/\/vocesparalelas.com.ar\/sitio\/wp-json\/wp\/v2\/posts\/89853","targetHints":{"allow":["GET"]}}],"collection":[{"href":"https:\/\/vocesparalelas.com.ar\/sitio\/wp-json\/wp\/v2\/posts"}],"about":[{"href":"https:\/\/vocesparalelas.com.ar\/sitio\/wp-json\/wp\/v2\/types\/post"}],"author":[{"embeddable":true,"href":"https:\/\/vocesparalelas.com.ar\/sitio\/wp-json\/wp\/v2\/users\/3"}],"replies":[{"embeddable":true,"href":"https:\/\/vocesparalelas.com.ar\/sitio\/wp-json\/wp\/v2\/comments?post=89853"}],"version-history":[{"count":2,"href":"https:\/\/vocesparalelas.com.ar\/sitio\/wp-json\/wp\/v2\/posts\/89853\/revisions"}],"predecessor-version":[{"id":89857,"href":"https:\/\/vocesparalelas.com.ar\/sitio\/wp-json\/wp\/v2\/posts\/89853\/revisions\/89857"}],"wp:featuredmedia":[{"embeddable":true,"href":"https:\/\/vocesparalelas.com.ar\/sitio\/wp-json\/wp\/v2\/media\/28397"}],"wp:attachment":[{"href":"https:\/\/vocesparalelas.com.ar\/sitio\/wp-json\/wp\/v2\/media?parent=89853"}],"wp:term":[{"taxonomy":"category","embeddable":true,"href":"https:\/\/vocesparalelas.com.ar\/sitio\/wp-json\/wp\/v2\/categories?post=89853"},{"taxonomy":"post_tag","embeddable":true,"href":"https:\/\/vocesparalelas.com.ar\/sitio\/wp-json\/wp\/v2\/tags?post=89853"}],"curies":[{"name":"wp","href":"https:\/\/api.w.org\/{rel}","templated":true}]}}