{"id":89814,"date":"2025-08-12T22:00:16","date_gmt":"2025-08-13T01:00:16","guid":{"rendered":"https:\/\/vocesparalelas.com.ar\/sitio\/?p=89814"},"modified":"2025-08-14T00:12:43","modified_gmt":"2025-08-14T03:12:43","slug":"se-desarrollo-la-jornada-despertar-a-las-vocaciones-cientificas-en-la-faud-de-la-unsj","status":"publish","type":"post","link":"https:\/\/vocesparalelas.com.ar\/sitio\/se-desarrollo-la-jornada-despertar-a-las-vocaciones-cientificas-en-la-faud-de-la-unsj\/","title":{"rendered":"Se desarroll\u00f3 la Jornada \u00abDespertar a las vocaciones cient\u00edficas\u00bb en la FAUD de la UNSJ"},"content":{"rendered":"<p>La Secretar\u00eda de Investigaci\u00f3n y Creaci\u00f3n de la Facultad de Arquitectura, Urbanismo y Dise\u00f1o de la Universidad Nacional de San Juan convoc\u00f3 a los alumnos avanzados de grado, Posgrado y egresados recientes de la Unidad Acad\u00e9mica y de otras a una Jornada \u00abDespertar a las vocaciones cient\u00edficas\u00bb.<\/p>\n<p>Asistieron una gran cantidad de interesados para conocen las distintas posibilidades para integrarse a los equipos de investigaci\u00f3n.<\/p>\n<p><strong><span style=\"color: #ff6600;\">Institutos<\/span><\/strong><\/p>\n<ul>\n<li>IRPHa<\/li>\n<li>IDIS<\/li>\n<li>INEAA<\/li>\n<\/ul>\n<p><strong><span style=\"color: #ff6600;\">\u00a0Gabinetes<\/span><\/strong><\/p>\n<ul>\n<li>GIP<\/li>\n<li>GIUR<\/li>\n<li>FORMAS<\/li>\n<li>GAMA<\/li>\n<\/ul>\n<p><strong><span style=\"color: #ff6600;\">Expusieron sus experiencias<\/span><\/strong><\/p>\n<ul>\n<li>Santiago Barrera, becario estudiante<\/li>\n<li>Arq. Ivone Quispe, becaria Doctoral de CONICET<\/li>\n<li>Dra. Arq. Alci\u00f3n Alonso Frank, investigadora de CONICET<\/li>\n<li>Mg. Arq. Amelia Scognamillo<\/li>\n<\/ul>\n<p>La investigadora de CONICET, Dra. Arq. Alci\u00f3n Alonso Frank describi\u00f3 los trabajos que realizan siempre pensando a la entrega de la sociedad.<\/p>\n<p><iframe loading=\"lazy\" title=\"FAUD UNSJ DRA. ALCI\u00d3N ALONSO FRANK\" width=\"800\" height=\"450\" src=\"https:\/\/www.youtube.com\/embed\/8mZGzQNcjDk?feature=oembed\" frameborder=\"0\" allow=\"accelerometer; autoplay; clipboard-write; encrypted-media; gyroscope; picture-in-picture; web-share\" referrerpolicy=\"strict-origin-when-cross-origin\" allowfullscreen><\/iframe><\/p>\n<p>&nbsp;<\/p>\n<p>Posteriormente, la Secretaria de Investigaci\u00f3n y Creaci\u00f3n de la FAUD de la UNSJ, Mg. Arq. Amelia Scognamillo explic\u00f3 las posibilidades de ingresar al equipo de investigaci\u00f3n. Adem\u00e1s, el Decano de la FAUD de la UNSJ, Mg. Arq. Carlos Herrera realiz\u00f3 una intervenci\u00f3n muy interesante para describir esta tarea tan interesante en el \u00e1mbito de la investigaci\u00f3n.<\/p>\n<p><iframe loading=\"lazy\" title=\"FAUD UNSJ ARQ AMELIA SCOGNAMILLO Y DECANO ARQ. CARLOS HERRERA\" width=\"800\" height=\"450\" src=\"https:\/\/www.youtube.com\/embed\/GwcO7PGg3E8?feature=oembed\" frameborder=\"0\" allow=\"accelerometer; autoplay; clipboard-write; encrypted-media; gyroscope; picture-in-picture; web-share\" referrerpolicy=\"strict-origin-when-cross-origin\" allowfullscreen><\/iframe><\/p>\n<p>La propuesta continu\u00f3 para mostrar el abanico de posibilidades para ingresar al espacio de investigaci\u00f3n donde se transforma en un crecimiento profesional.<\/p>\n<p><iframe loading=\"lazy\" title=\"FAUD UNSJ ARQ AMELIA SCOGNAMILLO \" width=\"800\" height=\"450\" src=\"https:\/\/www.youtube.com\/embed\/vEKb59vJYm4?feature=oembed\" frameborder=\"0\" allow=\"accelerometer; autoplay; clipboard-write; encrypted-media; gyroscope; picture-in-picture; web-share\" referrerpolicy=\"strict-origin-when-cross-origin\" allowfullscreen><\/iframe><\/p>\n<p>El mundo cient\u00edfico y el transitar no es f\u00e1cil pero si tiene grandes fortalezas gracias a la red de investigaci\u00f3n para transformarse en una carrera importante.<\/p>\n<p><iframe loading=\"lazy\" title=\"FAUD UNSJ ARQ AMELIA SCOGNAMILLO \" width=\"800\" height=\"450\" src=\"https:\/\/www.youtube.com\/embed\/_OiNZRmdyxE?feature=oembed\" frameborder=\"0\" allow=\"accelerometer; autoplay; clipboard-write; encrypted-media; gyroscope; picture-in-picture; web-share\" referrerpolicy=\"strict-origin-when-cross-origin\" allowfullscreen><\/iframe><\/p>\n<p>&nbsp;<\/p>\n<p><img loading=\"lazy\" decoding=\"async\" class=\"alignnone size-full wp-image-52042\" src=\"https:\/\/vocesparalelas.com.ar\/sitio\/wp-content\/uploads\/2022\/08\/FAUD-CUIM-07.jpg\" alt=\"\" width=\"800\" height=\"533\" srcset=\"https:\/\/vocesparalelas.com.ar\/sitio\/wp-content\/uploads\/2022\/08\/FAUD-CUIM-07.jpg 800w, https:\/\/vocesparalelas.com.ar\/sitio\/wp-content\/uploads\/2022\/08\/FAUD-CUIM-07-300x200.jpg 300w, https:\/\/vocesparalelas.com.ar\/sitio\/wp-content\/uploads\/2022\/08\/FAUD-CUIM-07-768x512.jpg 768w\" sizes=\"auto, (max-width: 800px) 100vw, 800px\" \/><\/p>\n","protected":false},"excerpt":{"rendered":"<p>La Secretar\u00eda de Investigaci\u00f3n y Creaci\u00f3n de la Facultad de Arquitectura, Urbanismo y Dise\u00f1o de la Universidad Nacional de San<\/p>\n","protected":false},"author":3,"featured_media":89817,"comment_status":"closed","ping_status":"closed","sticky":false,"template":"","format":"standard","meta":{"_acf_changed":false,"_seopress_robots_primary_cat":"none","_seopress_titles_title":"","_seopress_titles_desc":"","_seopress_robots_index":"","colormag_page_container_layout":"default_layout","colormag_page_sidebar_layout":"default_layout","footnotes":""},"categories":[15,7],"tags":[],"class_list":["post-89814","post","type-post","status-publish","format-standard","has-post-thumbnail","hentry","category-posgrados","category-videos"],"acf":[],"_links":{"self":[{"href":"https:\/\/vocesparalelas.com.ar\/sitio\/wp-json\/wp\/v2\/posts\/89814","targetHints":{"allow":["GET"]}}],"collection":[{"href":"https:\/\/vocesparalelas.com.ar\/sitio\/wp-json\/wp\/v2\/posts"}],"about":[{"href":"https:\/\/vocesparalelas.com.ar\/sitio\/wp-json\/wp\/v2\/types\/post"}],"author":[{"embeddable":true,"href":"https:\/\/vocesparalelas.com.ar\/sitio\/wp-json\/wp\/v2\/users\/3"}],"replies":[{"embeddable":true,"href":"https:\/\/vocesparalelas.com.ar\/sitio\/wp-json\/wp\/v2\/comments?post=89814"}],"version-history":[{"count":1,"href":"https:\/\/vocesparalelas.com.ar\/sitio\/wp-json\/wp\/v2\/posts\/89814\/revisions"}],"predecessor-version":[{"id":89818,"href":"https:\/\/vocesparalelas.com.ar\/sitio\/wp-json\/wp\/v2\/posts\/89814\/revisions\/89818"}],"wp:featuredmedia":[{"embeddable":true,"href":"https:\/\/vocesparalelas.com.ar\/sitio\/wp-json\/wp\/v2\/media\/89817"}],"wp:attachment":[{"href":"https:\/\/vocesparalelas.com.ar\/sitio\/wp-json\/wp\/v2\/media?parent=89814"}],"wp:term":[{"taxonomy":"category","embeddable":true,"href":"https:\/\/vocesparalelas.com.ar\/sitio\/wp-json\/wp\/v2\/categories?post=89814"},{"taxonomy":"post_tag","embeddable":true,"href":"https:\/\/vocesparalelas.com.ar\/sitio\/wp-json\/wp\/v2\/tags?post=89814"}],"curies":[{"name":"wp","href":"https:\/\/api.w.org\/{rel}","templated":true}]}}