{"id":89809,"date":"2025-08-12T21:41:35","date_gmt":"2025-08-13T00:41:35","guid":{"rendered":"https:\/\/vocesparalelas.com.ar\/sitio\/?p=89809"},"modified":"2025-08-14T00:13:21","modified_gmt":"2025-08-14T03:13:21","slug":"feria-agroproductiva-en-el-marco-del-dia-del-nino-en-san-juan","status":"publish","type":"post","link":"https:\/\/vocesparalelas.com.ar\/sitio\/feria-agroproductiva-en-el-marco-del-dia-del-nino-en-san-juan\/","title":{"rendered":"Feria Agroproductiva en el marco del d\u00eda del Ni\u00f1o en San Juan"},"content":{"rendered":"<p>La Feria Agroproductiva vuelve a instalarse el S\u00e1bado, 16 de Agosto, de 10 a 14 horas, en el Paseo de las Palmeras del Parque de Mayo, con una propuesta especial en el marco del d\u00eda de los m\u00e1s chicos, donde m\u00e1s de 120 expositores ofrecer\u00e1n productos locales, mientras que el p\u00fablico puede disfrutar de espect\u00e1culos, sorteos y servicios gratuitos.<\/p>\n<p>Esta previsto que a las 11 hs.; se presente la Compa\u00f1\u00eda Circo Aventura, con un show pensado para los m\u00e1s peque\u00f1os. Adem\u00e1s, hay sorteos destinados a ni\u00f1os y ni\u00f1as.<\/p>\n<p><img loading=\"lazy\" decoding=\"async\" class=\"alignnone size-full wp-image-37706\" src=\"https:\/\/vocesparalelas.com.ar\/sitio\/wp-content\/uploads\/2021\/05\/NINOS-AYUDA.jpg\" alt=\"\" width=\"800\" height=\"462\" srcset=\"https:\/\/vocesparalelas.com.ar\/sitio\/wp-content\/uploads\/2021\/05\/NINOS-AYUDA.jpg 800w, https:\/\/vocesparalelas.com.ar\/sitio\/wp-content\/uploads\/2021\/05\/NINOS-AYUDA-300x173.jpg 300w, https:\/\/vocesparalelas.com.ar\/sitio\/wp-content\/uploads\/2021\/05\/NINOS-AYUDA-768x444.jpg 768w\" sizes=\"auto, (max-width: 800px) 100vw, 800px\" \/><\/p>\n<p>Adem\u00e1s, como en cada edici\u00f3n, distintos organismos provinciales estar\u00e1n presentes para brindar atenci\u00f3n y asesoramiento. El Ministerio de Salud, a trav\u00e9s de la Divisi\u00f3n Epidemiolog\u00eda y el Vacunatorio Central, dispone del Vacunatorio M\u00f3vil para la actualizaci\u00f3n gratuita del calendario de vacunaci\u00f3n.<\/p>\n<p><img loading=\"lazy\" decoding=\"async\" class=\"alignnone size-full wp-image-88638\" src=\"https:\/\/vocesparalelas.com.ar\/sitio\/wp-content\/uploads\/2025\/07\/SAN-JUAN-UNIDAD-SOLAR.jpg\" alt=\"\" width=\"800\" height=\"533\" srcset=\"https:\/\/vocesparalelas.com.ar\/sitio\/wp-content\/uploads\/2025\/07\/SAN-JUAN-UNIDAD-SOLAR.jpg 800w, https:\/\/vocesparalelas.com.ar\/sitio\/wp-content\/uploads\/2025\/07\/SAN-JUAN-UNIDAD-SOLAR-300x200.jpg 300w, https:\/\/vocesparalelas.com.ar\/sitio\/wp-content\/uploads\/2025\/07\/SAN-JUAN-UNIDAD-SOLAR-768x512.jpg 768w\" sizes=\"auto, (max-width: 800px) 100vw, 800px\" \/><\/p>\n<p>La Secretar\u00eda de Tr\u00e1nsito y Transporte instala un stand informativo sobre la Tarjeta SUBE, ofreciendo asesoramiento y entrega de tarjetas para facilitar el acceso al transporte p\u00fablico.<\/p>\n<p><img loading=\"lazy\" decoding=\"async\" class=\"alignnone size-large wp-image-18849\" src=\"https:\/\/vocesparalelas.com.ar\/sitio\/wp-content\/uploads\/2019\/02\/TARJETA-SUBE-800x445.jpg\" alt=\"\" width=\"800\" height=\"445\" srcset=\"https:\/\/vocesparalelas.com.ar\/sitio\/wp-content\/uploads\/2019\/02\/TARJETA-SUBE-800x445.jpg 800w, https:\/\/vocesparalelas.com.ar\/sitio\/wp-content\/uploads\/2019\/02\/TARJETA-SUBE-300x167.jpg 300w, https:\/\/vocesparalelas.com.ar\/sitio\/wp-content\/uploads\/2019\/02\/TARJETA-SUBE-768x427.jpg 768w, https:\/\/vocesparalelas.com.ar\/sitio\/wp-content\/uploads\/2019\/02\/TARJETA-SUBE.jpg 1000w\" sizes=\"auto, (max-width: 800px) 100vw, 800px\" \/><\/p>\n<p>Por su parte, la Direcci\u00f3n de Sanidad Vegetal, Animal y Alimentos realiza el canje de una botella pl\u00e1stica con tapa por una botella \u201cmatadora\u201d para la mosca de los frutos, que incluye atrayente y elementos para su instalaci\u00f3n.<\/p>\n<p>Tambi\u00e9n, se brinda informaci\u00f3n sobre manejo integrado de plagas, t\u00e9cnicas de control sustentables e insectos biocontroladores producidos en la BioPlanta San Juan.<\/p>\n<p><img loading=\"lazy\" decoding=\"async\" class=\"alignnone size-full wp-image-71555\" src=\"https:\/\/vocesparalelas.com.ar\/sitio\/wp-content\/uploads\/2024\/04\/FERIA-AGROPRODUCTIVA-02.jpg\" alt=\"\" width=\"800\" height=\"533\" srcset=\"https:\/\/vocesparalelas.com.ar\/sitio\/wp-content\/uploads\/2024\/04\/FERIA-AGROPRODUCTIVA-02.jpg 800w, https:\/\/vocesparalelas.com.ar\/sitio\/wp-content\/uploads\/2024\/04\/FERIA-AGROPRODUCTIVA-02-300x200.jpg 300w, https:\/\/vocesparalelas.com.ar\/sitio\/wp-content\/uploads\/2024\/04\/FERIA-AGROPRODUCTIVA-02-768x512.jpg 768w\" sizes=\"auto, (max-width: 800px) 100vw, 800px\" \/><\/p>\n<p><img loading=\"lazy\" decoding=\"async\" class=\"alignnone size-full wp-image-65642\" src=\"https:\/\/vocesparalelas.com.ar\/sitio\/wp-content\/uploads\/2023\/11\/GOBIERNO-SAN-JUAN.jpg\" alt=\"\" width=\"800\" height=\"600\" srcset=\"https:\/\/vocesparalelas.com.ar\/sitio\/wp-content\/uploads\/2023\/11\/GOBIERNO-SAN-JUAN.jpg 800w, https:\/\/vocesparalelas.com.ar\/sitio\/wp-content\/uploads\/2023\/11\/GOBIERNO-SAN-JUAN-300x225.jpg 300w, https:\/\/vocesparalelas.com.ar\/sitio\/wp-content\/uploads\/2023\/11\/GOBIERNO-SAN-JUAN-768x576.jpg 768w\" sizes=\"auto, (max-width: 800px) 100vw, 800px\" \/><\/p>\n<p>&nbsp;<\/p>\n","protected":false},"excerpt":{"rendered":"<p>La Feria Agroproductiva vuelve a instalarse el S\u00e1bado, 16 de Agosto, de 10 a 14 horas, en el Paseo de<\/p>\n","protected":false},"author":3,"featured_media":71556,"comment_status":"closed","ping_status":"closed","sticky":false,"template":"","format":"standard","meta":{"_acf_changed":false,"_seopress_robots_primary_cat":"none","_seopress_titles_title":"","_seopress_titles_desc":"","_seopress_robots_index":"","colormag_page_container_layout":"default_layout","colormag_page_sidebar_layout":"default_layout","footnotes":""},"categories":[6],"tags":[],"class_list":["post-89809","post","type-post","status-publish","format-standard","has-post-thumbnail","hentry","category-eventos"],"acf":[],"_links":{"self":[{"href":"https:\/\/vocesparalelas.com.ar\/sitio\/wp-json\/wp\/v2\/posts\/89809","targetHints":{"allow":["GET"]}}],"collection":[{"href":"https:\/\/vocesparalelas.com.ar\/sitio\/wp-json\/wp\/v2\/posts"}],"about":[{"href":"https:\/\/vocesparalelas.com.ar\/sitio\/wp-json\/wp\/v2\/types\/post"}],"author":[{"embeddable":true,"href":"https:\/\/vocesparalelas.com.ar\/sitio\/wp-json\/wp\/v2\/users\/3"}],"replies":[{"embeddable":true,"href":"https:\/\/vocesparalelas.com.ar\/sitio\/wp-json\/wp\/v2\/comments?post=89809"}],"version-history":[{"count":2,"href":"https:\/\/vocesparalelas.com.ar\/sitio\/wp-json\/wp\/v2\/posts\/89809\/revisions"}],"predecessor-version":[{"id":89813,"href":"https:\/\/vocesparalelas.com.ar\/sitio\/wp-json\/wp\/v2\/posts\/89809\/revisions\/89813"}],"wp:featuredmedia":[{"embeddable":true,"href":"https:\/\/vocesparalelas.com.ar\/sitio\/wp-json\/wp\/v2\/media\/71556"}],"wp:attachment":[{"href":"https:\/\/vocesparalelas.com.ar\/sitio\/wp-json\/wp\/v2\/media?parent=89809"}],"wp:term":[{"taxonomy":"category","embeddable":true,"href":"https:\/\/vocesparalelas.com.ar\/sitio\/wp-json\/wp\/v2\/categories?post=89809"},{"taxonomy":"post_tag","embeddable":true,"href":"https:\/\/vocesparalelas.com.ar\/sitio\/wp-json\/wp\/v2\/tags?post=89809"}],"curies":[{"name":"wp","href":"https:\/\/api.w.org\/{rel}","templated":true}]}}