{"id":89793,"date":"2025-08-12T18:57:14","date_gmt":"2025-08-12T21:57:14","guid":{"rendered":"https:\/\/vocesparalelas.com.ar\/sitio\/?p=89793"},"modified":"2025-08-12T18:57:14","modified_gmt":"2025-08-12T21:57:14","slug":"se-analizaron-proyectos-durante-la-labor-parlamentaria-de-san-juan","status":"publish","type":"post","link":"https:\/\/vocesparalelas.com.ar\/sitio\/se-analizaron-proyectos-durante-la-labor-parlamentaria-de-san-juan\/","title":{"rendered":"Se analizaron Proyectos durante la Labor Parlamentaria de San Juan"},"content":{"rendered":"<p>El Martes, 12 de Agosto, los legisladores titulares de los bloques que conforman la C\u00e1mara de Diputados de San Juan definieron el temario que se trata en la S\u00e9ptima Sesi\u00f3n del periodo ordinario, a realizarse el Jueves, 14 de Agosto, a las 10.30 horas.<\/p>\n<p>La reuni\u00f3n de labor parlamentaria estuvo presidida por el vicepresidente primero del Poder Legislativo, diputado Enzo Cornejo. Particip\u00f3 el secretario Legislativo, Dr. Gustavo Velert; el vicepresidente alterno, diputado Gustavo Deguer; los presidentes de los bloques Producci\u00f3n y Trabajo, Juan de la Cruz C\u00f3rdoba; Bloquista, legislador Luis Rueda; bloque San Juan Vuelve \u2013 P.T.P., Mario Herrero; bloque UCR, Alejandra Leonardo; Actuar, legislador Gustavo Usin; La Libertad Avanza \u2013 ADN, Fernando Patinella;\u00a0 bloque San Juan Te Quiero, diputado Gabriel S\u00e1nchez; bloque Crecer, Marta Gramajo; bloque Mejor Nosotros, Leopoldo Soler; y bloque Frente Renovador, diputado Franco Aranda; Bloque del Este, diputado Marcelo Mallea; y en representaci\u00f3n del bloque Justicialista asisti\u00f3 el legislador Miguel Vega.<\/p>\n<p>En la ocasi\u00f3n, definieron tratar un despacho de las comisiones de Legislaci\u00f3n y Asuntos Constitucionales y Salud y Discapacidad del expediente n\u00ba 761, Proyecto de Ley remitido por el Poder Ejecutivo que propone ratificar el convenio suscripto el 12 de diciembre de 2024, entre el Ministerio de Salud de la provincia de San Juan y la Iglesia de los Santos de los \u00daltimos D\u00edas.<\/p>\n<p>Por otro lado, ponen a consideraci\u00f3n Sobre Tablas los siguientes proyectos de Resoluci\u00f3n que proponen declarar de inter\u00e9s:<\/p>\n<ul>\n<li><span style=\"color: #800080;\"><strong>Cultural y Educativo<\/strong>,\u00a0<strong>la Muestra Hist\u00f3rica organizada por el Museo Provincial de Bellas Artes Franklin<\/strong>,<\/span> a desarrollarse a partir del 22 de agosto del a\u00f1o en curso en el marco del 66\u00b0 aniversario de la creaci\u00f3n del Instituto Superior de las Artes (ISA), con el objeto de poner en valor obras y archivos de docentes y fundadores cuyos aportes sentaron las bases de la ense\u00f1anza y ejercicio art\u00edstico en la Provincia de San Juan. (Autora: diputada Cristina L\u00f3pez)<\/li>\n<li><span style=\"color: #800080;\"><strong>Cultural, Educativo y Tur\u00edstico, las exposiciones art\u00edsticas programadas en el Museo Provincial de Bellas Artes Franklin Rawson<\/strong><\/span>\u00a0en el marco de la BIENALSUR, a desarrollarse a partir del 22 de agosto del a\u00f1o en curso. (Autora: diputada Cristina L\u00f3pez)<\/li>\n<li><span style=\"color: #800080;\"><strong>Religioso, social y solidario, al 23\u00b0 Encuentro Nacional de Manos Abiertas<\/strong>,<\/span> organizado por la Fundaci\u00f3n Manos Abiertas, a realizarse los d\u00edas 15 y 16 de agosto de 2025 en la provincia de San Juan. (Autores: diputados Luis Rueda y Federico Rizo)<\/li>\n<li><span style=\"color: #800080;\"><strong>Social, educativo y sanitario, la \u00abJornada de actualizaci\u00f3n abordajes actuales de las conductas suicidas: Enfoques cl\u00ednicos y comunitarios\u00bb y la muestra Fotogr\u00e1fica \u00abdel silencio a la esperanza\u00bb<\/strong>,<\/span> ambas bajo el lema \u00abcambiar la narrativa\u00bb que se llevaran a cabo entre el d\u00eda 10 y 12 de septiembre en la provincia de San Juan\u00bb. (Autores: interbloque Cambia San Juan)<\/li>\n<li><span style=\"color: #800080;\"><strong>Social y deportivo la carrera \u00abTierra de Gigantes 2025\u00bb,<\/strong>\u00a0<\/span>que se llevar\u00e1 a cabo los d\u00edas 15,16 y 17 de agosto del corriente, en la provincia de San Juan. (Autor: interbloque Cambia San Juan)<\/li>\n<li><span style=\"color: #800080;\"><strong>Social, educativo y econ\u00f3mico el \u00abIV Seminario sobre Competitividad en Trasporte y Log\u00edstica Nacional e Internacional\u00bb<\/strong><\/span>\u00a0a desarrollarse el d\u00eda 22 de agosto de 2025 en la provincia de San Juan. (Autor: interbloque Cambia San Juan)<\/li>\n<\/ul>\n<p><span style=\"color: #800080;\"><strong>Asimismo, ingresan a sus respectivas comisiones los siguientes proyectos:<\/strong><\/span><\/p>\n<ul>\n<li>Comunicaci\u00f3n Oficial remitida por el Poder Ejecutivo, mediante mensaje N\u00b0 48, por la que se env\u00eda para su aprobaci\u00f3n el Convenio para la Vinculaci\u00f3n al Sistema Unificado de Administraci\u00f3n Tributaria Subnacional (SUATS), suscripto entre el Centro de Administraciones Tributarias Subnacionales (CEATS) y el Ministerio de Econom\u00eda, Finanzas y Hacienda de la provincia de San Juan. (Comisiones: Legislaci\u00f3n y Asuntos Constitucionales\/ Hacienda y Presupuesto)<\/li>\n<li>Comunicaci\u00f3n Oficial remitida por el EPRE, por la que presenta Resoluci\u00f3n 658\/2025. (A conocimiento)<\/li>\n<li>Comunicaci\u00f3n particular presentada por el CPN Alfredo Nahuel Basualdo Rivas, por la que eleva informe de auditor\u00eda dando cumplimiento a los dispuesto por el art\u00edculo 123 de la Ley N\u00ba 1100-E.<\/li>\n<li>Proyecto de Ley presentado por el bloque Bloquista, que tiene por objeto garantizar en todo el territorio de la provincia de San Juan, el acceso p\u00fablico, libre y gratuito a la ribera de los r\u00edos, diques y espejos de agua de dominio p\u00fablico provincial, con fines recreativos, tur\u00edsticos, sociales, deportivos y ambientales. (Comisiones: Legislaci\u00f3n y Asuntos Constitucionales\/ Ambiente y Desarrollo Sostenible\/ Turismo y Deporte)<\/li>\n<li>Proyecto de Ley presentado por el interbloque Cambia San Juan, por el que se proh\u00edbe la exhibici\u00f3n de carteles que anuncien la exenci\u00f3n de responsabilidad por los da\u00f1os y delitos en playas de estacionamiento. (Comisiones: Legislaci\u00f3n y Asuntos Constitucionales\/ Econom\u00eda y Defensa de Consumidores)<\/li>\n<li>Proyecto de Resoluci\u00f3n presentado por el bloque Justicialista, por el que se declara de inter\u00e9s el 10\u00ba Encuentro de Investigadores en Ciencias Sociales de la Regi\u00f3n Oeste y el 7\u00b0 Binacional con la IV Regi\u00f3n de la Rep\u00fablica de Chile. (Comisi\u00f3n: Educaci\u00f3n, Ciencia, T\u00e9cnica y Cultura)<\/li>\n<li>Proyecto de Resoluci\u00f3n presentado por el interbloque Cambia San Juan, por el que se declara de inter\u00e9s las 42\u00b0 Jornadas simult\u00e1neas de estudiantes de ingenier\u00eda industrial y a fines. (Comisi\u00f3n: Educaci\u00f3n, Ciencia, T\u00e9cnica y Cultura)<\/li>\n<li>Proyecto de Comunicaci\u00f3n presentado por el bloque Bloquista, por el que solicita al Poder Ejecutivo, a trav\u00e9s del Ministerio de Salud arbitre los mecanismos para implementar el servicio de atenci\u00f3n de partos en el Departamento de Iglesia. (Comisi\u00f3n: Salud y Discapacidad)<\/li>\n<li>Proyecto de Resoluci\u00f3n presentado por el bloque Justicialista por el que se declara de inter\u00e9s la Feria Agroproductiva de Albard\u00f3n. (Comisi\u00f3n: Agricultura y Ganader\u00eda)<\/li>\n<li>Proyecto de Resoluci\u00f3n presentado por el bloque Justicialista, por el que se declara de inter\u00e9s el proyecto educativo \u00abLa Huella de Sarmiento, sin educaci\u00f3n no hay progreso\u00bb. (Comisi\u00f3n: Educaci\u00f3n, Ciencia, T\u00e9cnica y Cultura)<\/li>\n<\/ul>\n<figure id=\"attachment_37951\" aria-describedby=\"caption-attachment-37951\" style=\"width: 800px\" class=\"wp-caption alignnone\"><img loading=\"lazy\" decoding=\"async\" class=\"size-full wp-image-37951\" src=\"https:\/\/vocesparalelas.com.ar\/sitio\/wp-content\/uploads\/2021\/05\/CAMARA-EDIFICIO.jpg\" alt=\"\" width=\"800\" height=\"515\" srcset=\"https:\/\/vocesparalelas.com.ar\/sitio\/wp-content\/uploads\/2021\/05\/CAMARA-EDIFICIO.jpg 800w, https:\/\/vocesparalelas.com.ar\/sitio\/wp-content\/uploads\/2021\/05\/CAMARA-EDIFICIO-300x193.jpg 300w, https:\/\/vocesparalelas.com.ar\/sitio\/wp-content\/uploads\/2021\/05\/CAMARA-EDIFICIO-768x494.jpg 768w\" sizes=\"auto, (max-width: 800px) 100vw, 800px\" \/><figcaption id=\"caption-attachment-37951\" class=\"wp-caption-text\">Legislatura Provincial de San Juan, Rep\u00fablica Argentina<\/figcaption><\/figure>\n","protected":false},"excerpt":{"rendered":"<p>El Martes, 12 de Agosto, los legisladores titulares de los bloques que conforman la C\u00e1mara de Diputados de San Juan<\/p>\n","protected":false},"author":3,"featured_media":89796,"comment_status":"closed","ping_status":"closed","sticky":false,"template":"","format":"standard","meta":{"_acf_changed":false,"_seopress_robots_primary_cat":"none","_seopress_titles_title":"","_seopress_titles_desc":"","_seopress_robots_index":"","colormag_page_container_layout":"default_layout","colormag_page_sidebar_layout":"default_layout","footnotes":""},"categories":[1],"tags":[],"class_list":["post-89793","post","type-post","status-publish","format-standard","has-post-thumbnail","hentry","category-destacadas"],"acf":[],"_links":{"self":[{"href":"https:\/\/vocesparalelas.com.ar\/sitio\/wp-json\/wp\/v2\/posts\/89793","targetHints":{"allow":["GET"]}}],"collection":[{"href":"https:\/\/vocesparalelas.com.ar\/sitio\/wp-json\/wp\/v2\/posts"}],"about":[{"href":"https:\/\/vocesparalelas.com.ar\/sitio\/wp-json\/wp\/v2\/types\/post"}],"author":[{"embeddable":true,"href":"https:\/\/vocesparalelas.com.ar\/sitio\/wp-json\/wp\/v2\/users\/3"}],"replies":[{"embeddable":true,"href":"https:\/\/vocesparalelas.com.ar\/sitio\/wp-json\/wp\/v2\/comments?post=89793"}],"version-history":[{"count":1,"href":"https:\/\/vocesparalelas.com.ar\/sitio\/wp-json\/wp\/v2\/posts\/89793\/revisions"}],"predecessor-version":[{"id":89797,"href":"https:\/\/vocesparalelas.com.ar\/sitio\/wp-json\/wp\/v2\/posts\/89793\/revisions\/89797"}],"wp:featuredmedia":[{"embeddable":true,"href":"https:\/\/vocesparalelas.com.ar\/sitio\/wp-json\/wp\/v2\/media\/89796"}],"wp:attachment":[{"href":"https:\/\/vocesparalelas.com.ar\/sitio\/wp-json\/wp\/v2\/media?parent=89793"}],"wp:term":[{"taxonomy":"category","embeddable":true,"href":"https:\/\/vocesparalelas.com.ar\/sitio\/wp-json\/wp\/v2\/categories?post=89793"},{"taxonomy":"post_tag","embeddable":true,"href":"https:\/\/vocesparalelas.com.ar\/sitio\/wp-json\/wp\/v2\/tags?post=89793"}],"curies":[{"name":"wp","href":"https:\/\/api.w.org\/{rel}","templated":true}]}}