{"id":89771,"date":"2025-08-11T20:34:37","date_gmt":"2025-08-11T23:34:37","guid":{"rendered":"https:\/\/vocesparalelas.com.ar\/sitio\/?p=89771"},"modified":"2025-08-12T22:16:59","modified_gmt":"2025-08-13T01:16:59","slug":"jornada-de-capacitacion-prevencion-y-asistencia-de-consumos-problematicos-en-el-ambito-laboral-en-san-juan","status":"publish","type":"post","link":"https:\/\/vocesparalelas.com.ar\/sitio\/jornada-de-capacitacion-prevencion-y-asistencia-de-consumos-problematicos-en-el-ambito-laboral-en-san-juan\/","title":{"rendered":"Jornada de Capacitaci\u00f3n \u00abPrevenci\u00f3n y Asistencia de Consumos Problem\u00e1ticos en el \u00c1mbito Laboral\u00bb en San Juan"},"content":{"rendered":"<p>El Ministerio de Gobierno de San Juan, a trav\u00e9s de la Subsecretar\u00eda de Trabajo, dependiente de la Secretar\u00eda de Gobierno, Justicia y Derechos Humanos, lleva adelante la jornada de Capacitaci\u00f3n \u00abPrevenci\u00f3n y Asistencia de Consumos Problem\u00e1ticos en el \u00c1mbito Laboral\u00bb, el Jueves, 21 de Agosto, de 10 a 13 horas, en el Auditorio \u201cEmar Acosta\u201d del anexo de la Legislatura Provincial.<\/p>\n<p><img loading=\"lazy\" decoding=\"async\" class=\"alignnone size-full wp-image-44316\" src=\"https:\/\/vocesparalelas.com.ar\/sitio\/wp-content\/uploads\/2021\/11\/CDSJ-ANEXO-10.jpg\" alt=\"\" width=\"736\" height=\"409\" srcset=\"https:\/\/vocesparalelas.com.ar\/sitio\/wp-content\/uploads\/2021\/11\/CDSJ-ANEXO-10.jpg 736w, https:\/\/vocesparalelas.com.ar\/sitio\/wp-content\/uploads\/2021\/11\/CDSJ-ANEXO-10-300x167.jpg 300w\" sizes=\"auto, (max-width: 736px) 100vw, 736px\" \/><\/p>\n<p>La propuesta est\u00e1 destinada a c\u00e1maras empresarias, colegios profesionales, sindicatos, trabajadores y p\u00fablico en general, y busca brindar herramientas para la detecci\u00f3n, prevenci\u00f3n y abordaje de consumos problem\u00e1ticos en entornos laborales.<\/p>\n<p>La participaci\u00f3n es libre y gratuita, y no requiere inscripci\u00f3n previa con l\u00edmite de tiempo.<\/p>\n<p>Durante la jornada, disertar\u00e1n especialistas de la Direcci\u00f3n de Prevenci\u00f3n y Asistencia de Consumos Problem\u00e1ticos, as\u00ed como tambi\u00e9n del equipo t\u00e9cnico de la Direcci\u00f3n de Pol\u00edticas Laborales. El cronograma ser\u00e1 el siguiente:<\/p>\n<p><span style=\"color: #ff6600;\"><strong>Daniela Merlo, Directora de Prevenci\u00f3n y Asistencia de Consumos Problem\u00e1ticos<\/strong><\/span><\/p>\n<ul>\n<li>Presentaci\u00f3n de la direcci\u00f3n La importancia de desarrollar pol\u00edticas de prevenci\u00f3n en el \u00e1mbito laboral<\/li>\n<li>\u00bfQu\u00e9 entendemos por consumo problem\u00e1tico?<\/li>\n<li>Representaciones sociales sobre los consumos<\/li>\n<\/ul>\n<p><span style=\"color: #ff6600;\"><strong>Carolina Quiroga, Licenciada en Trabajo Social<\/strong><\/span><\/p>\n<ul>\n<li>Efectos del consumo en la salud, el rendimiento y el clima laboral<\/li>\n<li>Se\u00f1ales de alerta<\/li>\n<li>Estrategias de prevenci\u00f3n en entornos laborales<\/li>\n<\/ul>\n<p><span style=\"color: #ff6600;\"><strong>Leandro R\u00edos, Licenciado en Psicolog\u00eda<\/strong><\/span><\/p>\n<ul>\n<li>Protocolos de actuaci\u00f3n<\/li>\n<li>\u00bfC\u00f3mo acompa\u00f1amos a un compa\u00f1ero de trabajo? Armado de circuito de acompa\u00f1amiento<\/li>\n<li>Buenas pr\u00e1cticas empresariales en salud mental y adicciones<\/li>\n<\/ul>\n<p><span style=\"color: #ff6600;\"><strong>Agust\u00edn Gatica, Director de Pol\u00edticas Laborales, Subsecretar\u00eda de Trabajo<\/strong><\/span><\/p>\n<ul>\n<li>Marco normativo: derechos y obligaciones de las partes<\/li>\n<li>Prohibici\u00f3n del despido discriminatorio<\/li>\n<li>Jurisprudencia y herramientas jur\u00eddicas e institucionales para la intervenci\u00f3n<\/li>\n<\/ul>\n<p>Como cierre, se ofrecer\u00e1 una jornada de capacitaci\u00f3n espec\u00edfica para equipos institucionales, coordinada en conjunto con la Secretar\u00eda de Pol\u00edticas Integrales sobre Drogas de la Naci\u00f3n Argentina (SEDRONAR).<\/p>\n<p>Esta iniciativa se enmarca en una pol\u00edtica p\u00fablica integral de promoci\u00f3n de la salud mental, la inclusi\u00f3n social y el respeto por los derechos laborales.<\/p>\n<p><img loading=\"lazy\" decoding=\"async\" class=\"alignnone size-full wp-image-65642\" src=\"https:\/\/vocesparalelas.com.ar\/sitio\/wp-content\/uploads\/2023\/11\/GOBIERNO-SAN-JUAN.jpg\" alt=\"\" width=\"800\" height=\"600\" srcset=\"https:\/\/vocesparalelas.com.ar\/sitio\/wp-content\/uploads\/2023\/11\/GOBIERNO-SAN-JUAN.jpg 800w, https:\/\/vocesparalelas.com.ar\/sitio\/wp-content\/uploads\/2023\/11\/GOBIERNO-SAN-JUAN-300x225.jpg 300w, https:\/\/vocesparalelas.com.ar\/sitio\/wp-content\/uploads\/2023\/11\/GOBIERNO-SAN-JUAN-768x576.jpg 768w\" sizes=\"auto, (max-width: 800px) 100vw, 800px\" \/><\/p>\n<p>&nbsp;<\/p>\n","protected":false},"excerpt":{"rendered":"<p>El Ministerio de Gobierno de San Juan, a trav\u00e9s de la Subsecretar\u00eda de Trabajo, dependiente de la Secretar\u00eda de Gobierno,<\/p>\n","protected":false},"author":3,"featured_media":30577,"comment_status":"closed","ping_status":"closed","sticky":false,"template":"","format":"standard","meta":{"_acf_changed":false,"_seopress_robots_primary_cat":"none","_seopress_titles_title":"","_seopress_titles_desc":"","_seopress_robots_index":"","colormag_page_container_layout":"default_layout","colormag_page_sidebar_layout":"default_layout","footnotes":""},"categories":[9],"tags":[],"class_list":["post-89771","post","type-post","status-publish","format-standard","has-post-thumbnail","hentry","category-cursos"],"acf":[],"_links":{"self":[{"href":"https:\/\/vocesparalelas.com.ar\/sitio\/wp-json\/wp\/v2\/posts\/89771","targetHints":{"allow":["GET"]}}],"collection":[{"href":"https:\/\/vocesparalelas.com.ar\/sitio\/wp-json\/wp\/v2\/posts"}],"about":[{"href":"https:\/\/vocesparalelas.com.ar\/sitio\/wp-json\/wp\/v2\/types\/post"}],"author":[{"embeddable":true,"href":"https:\/\/vocesparalelas.com.ar\/sitio\/wp-json\/wp\/v2\/users\/3"}],"replies":[{"embeddable":true,"href":"https:\/\/vocesparalelas.com.ar\/sitio\/wp-json\/wp\/v2\/comments?post=89771"}],"version-history":[{"count":1,"href":"https:\/\/vocesparalelas.com.ar\/sitio\/wp-json\/wp\/v2\/posts\/89771\/revisions"}],"predecessor-version":[{"id":89774,"href":"https:\/\/vocesparalelas.com.ar\/sitio\/wp-json\/wp\/v2\/posts\/89771\/revisions\/89774"}],"wp:featuredmedia":[{"embeddable":true,"href":"https:\/\/vocesparalelas.com.ar\/sitio\/wp-json\/wp\/v2\/media\/30577"}],"wp:attachment":[{"href":"https:\/\/vocesparalelas.com.ar\/sitio\/wp-json\/wp\/v2\/media?parent=89771"}],"wp:term":[{"taxonomy":"category","embeddable":true,"href":"https:\/\/vocesparalelas.com.ar\/sitio\/wp-json\/wp\/v2\/categories?post=89771"},{"taxonomy":"post_tag","embeddable":true,"href":"https:\/\/vocesparalelas.com.ar\/sitio\/wp-json\/wp\/v2\/tags?post=89771"}],"curies":[{"name":"wp","href":"https:\/\/api.w.org\/{rel}","templated":true}]}}