{"id":89766,"date":"2025-08-11T20:12:42","date_gmt":"2025-08-11T23:12:42","guid":{"rendered":"https:\/\/vocesparalelas.com.ar\/sitio\/?p=89766"},"modified":"2025-08-14T00:15:59","modified_gmt":"2025-08-14T03:15:59","slug":"congreso-argentino-de-jazz-2025-en-san-juan","status":"publish","type":"post","link":"https:\/\/vocesparalelas.com.ar\/sitio\/congreso-argentino-de-jazz-2025-en-san-juan\/","title":{"rendered":"Congreso Argentino de Jazz 2025 en San Juan"},"content":{"rendered":"<p>En un marco de gran convocatoria, se llev\u00f3 adelante en la\u00a0Ciudad Aut\u00f3noma de Buenos Aires, la\u00a0presentaci\u00f3n oficial de la segunda edici\u00f3n del Congreso Argentino de Jazz 2025.<\/p>\n<p>Los presentes pudieron disfrutar de un show de jazz\u00a0a cargo del destacado trompetista Elmer Meza en d\u00fao con el gran pianista porte\u00f1o Lucas Ferrari. La puesta se complement\u00f3 con una\u00a0propuesta gastron\u00f3mica\u00a0que incluy\u00f3 productos t\u00edpicos locales como vinos y el tradicional membrillo elaborado por un productor local, que dieron un toque distintivo a la cita.<\/p>\n<p>La ceremonia\u00a0cont\u00f3 con la presencia del gobernador de San Juan, Dr. Marcelo Orrego, acompa\u00f1ado por altos funcionarios provinciales como el ministro de Cultura, Turismo y Deporte, Dr. Guido Romero; el subsecretario de Turismo, Juan Casta\u00f1ares; el director ejecutivo del Bureau, Mariano Carmona; el secretario de Deporte, Dr. Pablo Tabachnik; la directora de la Casa de San Juan, Gabriela Forconesi; y autoridades de MICA Mercado de Industrias Culturales Argentinas\u00a0y la presidente de Fundaci\u00f3n Circuito Argentino de Jazz, Natacha Cruz.<\/p>\n<p>Adem\u00e1s,\u00a0el evento reuni\u00f3 a destacados artistas argentinos, m\u00fasicos de jazz, escritores, periodistas y referentes del \u00e1mbito cultural.<\/p>\n<p>De esta manera, el Congreso Argentino de Jazz se consolida as\u00ed como un espacio de encuentro, di\u00e1logo y proyecci\u00f3n cultural, reafirmando el compromiso de la provincia de San Juan con el desarrollo de las industrias culturales y el fomento del arte en todas sus expresiones.<\/p>\n<p><strong><span style=\"color: #ff6600;\">Caracter\u00edsticas del Congreso<\/span><\/strong><\/p>\n<p>Organizado por la\u00a0Fundaci\u00f3n Circuito Argentino de Jazz,\u00a0el Congreso Argentino de Jazz convoca a los hacedores del g\u00e9nero de todas las provincias y pa\u00edses lim\u00edtrofes, con el objetivo de intercambiar saberes, generar redes de colaboraci\u00f3n, debatir en torno a las problem\u00e1ticas comunes y construir colectivamente estrategias para afrontarlas.<\/p>\n<p>El evento\u00a0tendr\u00e1 lugar en el Museo Provincial Franklin Rawson, el 12 y 13 de septiembre\u00a0y promete ser un punto de encuentro para todos los que hacen jazz. Cabe destacar que el congreso, declarado de inter\u00e9s educativo, cultural y tur\u00edstico por la C\u00e1mara de Diputados de San Juan, est\u00e1 estructurado con\u00a0paneles de debate, presentaci\u00f3n de libros, \u00e1reas de conexi\u00f3n, master class y shows en vivo.<\/p>\n<p><span style=\"color: #ff6600;\"><strong>Inscripci\u00f3n<\/strong><\/span><\/p>\n<p>Es gratuita y se puede hacer a trav\u00e9s<\/p>\n<p><a href=\"https:\/\/docs.google.com\/forms\/d\/e\/1FAIpQLSfgLE5O_aB1oL_6olEoFeQkBm0EvaVtaNLwFplI7dSoHV0KDw\/viewform\">https:\/\/docs.google.com\/forms\/d\/e\/1FAIpQLSfgLE5O_aB1oL_6olEoFeQkBm0EvaVtaNLwFplI7dSoHV0KDw\/viewform<\/a><\/p>\n<p><img loading=\"lazy\" decoding=\"async\" class=\"alignnone size-full wp-image-63056\" src=\"https:\/\/vocesparalelas.com.ar\/sitio\/wp-content\/uploads\/2023\/09\/CASA-SAN-JUAN-BUENOS-AIRES.jpg\" alt=\"\" width=\"800\" height=\"504\" srcset=\"https:\/\/vocesparalelas.com.ar\/sitio\/wp-content\/uploads\/2023\/09\/CASA-SAN-JUAN-BUENOS-AIRES.jpg 800w, https:\/\/vocesparalelas.com.ar\/sitio\/wp-content\/uploads\/2023\/09\/CASA-SAN-JUAN-BUENOS-AIRES-300x189.jpg 300w, https:\/\/vocesparalelas.com.ar\/sitio\/wp-content\/uploads\/2023\/09\/CASA-SAN-JUAN-BUENOS-AIRES-768x484.jpg 768w\" sizes=\"auto, (max-width: 800px) 100vw, 800px\" \/><\/p>\n<p>&nbsp;<\/p>\n","protected":false},"excerpt":{"rendered":"<p>En un marco de gran convocatoria, se llev\u00f3 adelante en la\u00a0Ciudad Aut\u00f3noma de Buenos Aires, la\u00a0presentaci\u00f3n oficial de la segunda<\/p>\n","protected":false},"author":3,"featured_media":89769,"comment_status":"closed","ping_status":"closed","sticky":false,"template":"","format":"standard","meta":{"_acf_changed":false,"_seopress_robots_primary_cat":"none","_seopress_titles_title":"","_seopress_titles_desc":"","_seopress_robots_index":"","colormag_page_container_layout":"default_layout","colormag_page_sidebar_layout":"default_layout","footnotes":""},"categories":[2],"tags":[],"class_list":["post-89766","post","type-post","status-publish","format-standard","has-post-thumbnail","hentry","category-convocatorias"],"acf":[],"_links":{"self":[{"href":"https:\/\/vocesparalelas.com.ar\/sitio\/wp-json\/wp\/v2\/posts\/89766","targetHints":{"allow":["GET"]}}],"collection":[{"href":"https:\/\/vocesparalelas.com.ar\/sitio\/wp-json\/wp\/v2\/posts"}],"about":[{"href":"https:\/\/vocesparalelas.com.ar\/sitio\/wp-json\/wp\/v2\/types\/post"}],"author":[{"embeddable":true,"href":"https:\/\/vocesparalelas.com.ar\/sitio\/wp-json\/wp\/v2\/users\/3"}],"replies":[{"embeddable":true,"href":"https:\/\/vocesparalelas.com.ar\/sitio\/wp-json\/wp\/v2\/comments?post=89766"}],"version-history":[{"count":1,"href":"https:\/\/vocesparalelas.com.ar\/sitio\/wp-json\/wp\/v2\/posts\/89766\/revisions"}],"predecessor-version":[{"id":89770,"href":"https:\/\/vocesparalelas.com.ar\/sitio\/wp-json\/wp\/v2\/posts\/89766\/revisions\/89770"}],"wp:featuredmedia":[{"embeddable":true,"href":"https:\/\/vocesparalelas.com.ar\/sitio\/wp-json\/wp\/v2\/media\/89769"}],"wp:attachment":[{"href":"https:\/\/vocesparalelas.com.ar\/sitio\/wp-json\/wp\/v2\/media?parent=89766"}],"wp:term":[{"taxonomy":"category","embeddable":true,"href":"https:\/\/vocesparalelas.com.ar\/sitio\/wp-json\/wp\/v2\/categories?post=89766"},{"taxonomy":"post_tag","embeddable":true,"href":"https:\/\/vocesparalelas.com.ar\/sitio\/wp-json\/wp\/v2\/tags?post=89766"}],"curies":[{"name":"wp","href":"https:\/\/api.w.org\/{rel}","templated":true}]}}