{"id":89755,"date":"2025-08-11T19:42:36","date_gmt":"2025-08-11T22:42:36","guid":{"rendered":"https:\/\/vocesparalelas.com.ar\/sitio\/?p=89755"},"modified":"2025-08-11T19:42:36","modified_gmt":"2025-08-11T22:42:36","slug":"banco-san-juan-desembarca-en-calingasta-con-una-nueva-sucursal-estrategica-en-barreal","status":"publish","type":"post","link":"https:\/\/vocesparalelas.com.ar\/sitio\/banco-san-juan-desembarca-en-calingasta-con-una-nueva-sucursal-estrategica-en-barreal\/","title":{"rendered":"Banco San Juan desembarca en Calingasta con una nueva sucursal estrat\u00e9gica en Barreal"},"content":{"rendered":"<p>La flamante sede ofrece tecnolog\u00eda de \u00faltima generaci\u00f3n, atenci\u00f3n personalizada y un fuerte respaldo a la actividad minera de la regi\u00f3n.<\/p>\n<p>En el marco de su compromiso con el crecimiento econ\u00f3mico y la inclusi\u00f3n financiera de todos los sanjuaninos, Banco San Juan inaugur\u00f3 una moderna sucursal en Barreal, ubicada sobre calle Presidente Roca S\/N, en el departamento de Calingasta.<\/p>\n<p>La flamante nueva sucursal llega para prestar servicios a toda la comunidad local y se destaca por su enfoque moderno e innovador ocupando una superficie de 300 metros cuadrados. Con espacios c\u00f3modos y flexibles, el objetivo es brindar atenci\u00f3n personalizada, sumando equipamiento tecnol\u00f3gico para que todos los clientes puedan operar de manera \u00e1gil, segura y sencilla, accediendo a todos los productos y servicios financieros que ofrece el banco, durante las 24 horas todos los d\u00edas del a\u00f1o.<\/p>\n<p>Este nuevo punto de contacto se suma a la amplia red que Banco San Juan tiene en toda la provincia, reafirmando la cercan\u00eda con sus clientes como un valor esencial y fortaleciendo su compromiso con el acompa\u00f1amiento constante a las actividades productivas, especialmente en el departamento Calingasta. No solo busca respaldar el presente de la econom\u00eda local, sino tambi\u00e9n \u2014y sobre todo\u2014 impulsar el desarrollo del sector minero y de toda su cadena de valor. Este posicionamiento forma parte de la estrategia del banco de estar cada vez m\u00e1s cerca de los proyectos mineros y sus comunidades, con una fuerte inversi\u00f3n en infraestructura y servicios dise\u00f1ados para acompa\u00f1ar a las empresas, trabajadores y actores clave vinculados a esta actividad.<\/p>\n<p>Esta sucursal se consolida como un punto focal de atenci\u00f3n especializada para el sector minero, ubicada en el primer anillo de impacto de los principales proyectos. En sus amplios espacios, se desarrollar\u00e1n acciones de capacitaci\u00f3n y formaci\u00f3n destinadas a promover y potenciar las vocaciones productivas y los oficios en la zona.<\/p>\n<p>Con una trayectoria de muchos a\u00f1os acompa\u00f1ando al sector, el banco renueva su compromiso con una visi\u00f3n de largo plazo: ser un aliado estrat\u00e9gico para impulsar el desarrollo sostenible en cada etapa del ciclo minero.<\/p>\n<p>\u201cEsta inauguraci\u00f3n representa mucho m\u00e1s que una nueva sucursal: es un paso clave en nuestro plan estrat\u00e9gico para brindar m\u00e1s y mejores servicios donde est\u00e1n las oportunidades de crecimiento. Queremos estar presentes con soluciones concretas para las personas, las empresas y las comunidades que hacen el San Juan productivo\u201d, se\u00f1alaron autoridades de la entidad.<\/p>\n<p><strong><span style=\"color: #ff9900;\">Programa de capacitaci\u00f3n para la industria minera<\/span><\/strong><\/p>\n<p>Desde Fundaci\u00f3n Banco San Juan, en el marco de sus acciones para el desarrollo de las comunidades, anticiparon el lanzamiento de un nuevo programa integral de entrenamiento y manejo de primeras herramientas para el ingreso a la industria minera que comenzar\u00e1 en septiembre en el Centro Cultural de Barreal, el cual buscar\u00e1 potenciar habilidades y fortalecer capacidades locales para dicha industria.<\/p>\n<p><strong><span style=\"color: #ff9900;\">Firma de convenio con la Municipalidad<\/span><\/strong><\/p>\n<p><img loading=\"lazy\" decoding=\"async\" class=\"alignnone size-full wp-image-89758\" src=\"https:\/\/vocesparalelas.com.ar\/sitio\/wp-content\/uploads\/2025\/08\/BSJ-CALINGASTA-01.jpg\" alt=\"\" width=\"800\" height=\"533\" srcset=\"https:\/\/vocesparalelas.com.ar\/sitio\/wp-content\/uploads\/2025\/08\/BSJ-CALINGASTA-01.jpg 800w, https:\/\/vocesparalelas.com.ar\/sitio\/wp-content\/uploads\/2025\/08\/BSJ-CALINGASTA-01-300x200.jpg 300w, https:\/\/vocesparalelas.com.ar\/sitio\/wp-content\/uploads\/2025\/08\/BSJ-CALINGASTA-01-768x512.jpg 768w\" sizes=\"auto, (max-width: 800px) 100vw, 800px\" \/><\/p>\n<p>Adem\u00e1s, durante el evento de inauguraci\u00f3n de la sucursal, se firm\u00f3 el Convenio de Agente Financiero con el Municipio de Calingasta, fortaleciendo as\u00ed la articulaci\u00f3n institucional para brindar soluciones integrales tanto a la gesti\u00f3n p\u00fablica como a los ciudadanos.<\/p>\n<p>Del evento participaron Sebasti\u00e1n Carabajal, intendente de la Municipalidad de Calingasta; Andr\u00e9s Escuela, secretario de Gobierno; Diego Ossa, secretario de Obras, Servicios P\u00fablicos y Medio Ambiente; Patricia Castillo, presidenta del Concejo Deliberante; y Jorge Casta\u00f1eda, Diputado del Departamento Calingasta. Por parte de la entidad financiera estuvieron presentes Silvina Bellantig, gerente general de Banco San Juan y l\u00edder de la Unidad Minera del Grupo Petersen; Alberto Rositano, gerente corporativo de Miner\u00eda del Grupo Petersen; Marcelo Zunino, gerente de Sector P\u00fablico de Banco San Juan; Federico Heiss, gerente de Banca Minorista del banco; Cecilia L\u00f3pez Montanari, gerente de Banca Mayorista de la entidad; Laura R\u00f3polo, asesora de la Unidad Minera GP; y Laura Adamoli, secretaria ejecutiva de la Fundaci\u00f3n Banco San Juan.<\/p>\n<p>Banco San Juan ratifica su prop\u00f3sito de impulsar el crecimiento para el desarrollo regional, promoviendo la inclusi\u00f3n financiera, la inversi\u00f3n en tecnolog\u00eda y la cercan\u00eda con sus clientes en cada rinc\u00f3n de la provincia.<\/p>\n<p><img loading=\"lazy\" decoding=\"async\" class=\"alignnone size-full wp-image-89760\" src=\"https:\/\/vocesparalelas.com.ar\/sitio\/wp-content\/uploads\/2025\/08\/BSJ-CALINGASTA-02.jpg\" alt=\"\" width=\"800\" height=\"534\" srcset=\"https:\/\/vocesparalelas.com.ar\/sitio\/wp-content\/uploads\/2025\/08\/BSJ-CALINGASTA-02.jpg 800w, https:\/\/vocesparalelas.com.ar\/sitio\/wp-content\/uploads\/2025\/08\/BSJ-CALINGASTA-02-300x200.jpg 300w, https:\/\/vocesparalelas.com.ar\/sitio\/wp-content\/uploads\/2025\/08\/BSJ-CALINGASTA-02-768x513.jpg 768w\" sizes=\"auto, (max-width: 800px) 100vw, 800px\" \/><\/p>\n<p>&nbsp;<\/p>\n","protected":false},"excerpt":{"rendered":"<p>La flamante sede ofrece tecnolog\u00eda de \u00faltima generaci\u00f3n, atenci\u00f3n personalizada y un fuerte respaldo a la actividad minera de la<\/p>\n","protected":false},"author":3,"featured_media":89759,"comment_status":"closed","ping_status":"closed","sticky":false,"template":"","format":"standard","meta":{"_acf_changed":false,"_seopress_robots_primary_cat":"none","_seopress_titles_title":"","_seopress_titles_desc":"","_seopress_robots_index":"","colormag_page_container_layout":"default_layout","colormag_page_sidebar_layout":"default_layout","footnotes":""},"categories":[1],"tags":[],"class_list":["post-89755","post","type-post","status-publish","format-standard","has-post-thumbnail","hentry","category-destacadas"],"acf":[],"_links":{"self":[{"href":"https:\/\/vocesparalelas.com.ar\/sitio\/wp-json\/wp\/v2\/posts\/89755","targetHints":{"allow":["GET"]}}],"collection":[{"href":"https:\/\/vocesparalelas.com.ar\/sitio\/wp-json\/wp\/v2\/posts"}],"about":[{"href":"https:\/\/vocesparalelas.com.ar\/sitio\/wp-json\/wp\/v2\/types\/post"}],"author":[{"embeddable":true,"href":"https:\/\/vocesparalelas.com.ar\/sitio\/wp-json\/wp\/v2\/users\/3"}],"replies":[{"embeddable":true,"href":"https:\/\/vocesparalelas.com.ar\/sitio\/wp-json\/wp\/v2\/comments?post=89755"}],"version-history":[{"count":1,"href":"https:\/\/vocesparalelas.com.ar\/sitio\/wp-json\/wp\/v2\/posts\/89755\/revisions"}],"predecessor-version":[{"id":89761,"href":"https:\/\/vocesparalelas.com.ar\/sitio\/wp-json\/wp\/v2\/posts\/89755\/revisions\/89761"}],"wp:featuredmedia":[{"embeddable":true,"href":"https:\/\/vocesparalelas.com.ar\/sitio\/wp-json\/wp\/v2\/media\/89759"}],"wp:attachment":[{"href":"https:\/\/vocesparalelas.com.ar\/sitio\/wp-json\/wp\/v2\/media?parent=89755"}],"wp:term":[{"taxonomy":"category","embeddable":true,"href":"https:\/\/vocesparalelas.com.ar\/sitio\/wp-json\/wp\/v2\/categories?post=89755"},{"taxonomy":"post_tag","embeddable":true,"href":"https:\/\/vocesparalelas.com.ar\/sitio\/wp-json\/wp\/v2\/tags?post=89755"}],"curies":[{"name":"wp","href":"https:\/\/api.w.org\/{rel}","templated":true}]}}