{"id":8964,"date":"2018-01-02T20:42:31","date_gmt":"2018-01-02T23:42:31","guid":{"rendered":"http:\/\/vocesparalelas.com.ar\/sitio\/?p=8964"},"modified":"2018-01-02T20:42:31","modified_gmt":"2018-01-02T23:42:31","slug":"avances-de-la-construccion-del-edificio-de-la-secretaria-de-gestion-ambiental-y-control-minero","status":"publish","type":"post","link":"https:\/\/vocesparalelas.com.ar\/sitio\/avances-de-la-construccion-del-edificio-de-la-secretaria-de-gestion-ambiental-y-control-minero\/","title":{"rendered":"Avances de la construcci\u00f3n del edificio de la Secretar\u00eda de Gesti\u00f3n Ambiental y Control Minero"},"content":{"rendered":"<p>En la esquina de calle Espa\u00f1a y Circunvalaci\u00f3n empiezan a asomarse las paredes que albergar\u00e1n a los empleados de la Secretar\u00eda de Gesti\u00f3n Ambiental y Control Minero.<\/p>\n<p>Es una obra que cuenta con una inversi\u00f3n de unos 52 millones de pesos obtenidos de fondos mineros. Es que desde los materiales y hasta la mano de obra es costeada con recursos provenientes de la actividad minera.<\/p>\n<p>El edificio que est\u00e1 en manos de la empresa Senda SRL cuenta con un dise\u00f1o que ofrece mejores condiciones de trabajo al personal encargado de las tareas de los controles mineros.<\/p>\n<p>Si bien est\u00e1 al lado del actual edificio donde funciona la Secretar\u00eda, ubicado en Espa\u00f1a y Circunvalaci\u00f3n, el ingreso a las nuevas oficinas son por Agust\u00edn G\u00f3mez y Catamarca.<\/p>\n<p>La estructura contar\u00e1 con un subsuelo para instalar dependencias donde se realizar\u00e1n capacitaciones. En la planta baja funcionar\u00e1\u00a0 Polic\u00eda Minera y en un segundo piso alojar\u00e1n todo lo referido a trabajos de evaluaci\u00f3n ambiental, asesor\u00eda letrada y administraci\u00f3n. Desde all\u00ed saldr\u00e1n las inspecciones necesarias para que la miner\u00eda siga siendo una pol\u00edtica de estado\u00a0 y un eje del desarrollo econ\u00f3mico de la provincia.<\/p>\n<p>&nbsp;<\/p>\n","protected":false},"excerpt":{"rendered":"<p>En la esquina de calle Espa\u00f1a y Circunvalaci\u00f3n empiezan a asomarse las paredes que albergar\u00e1n a los empleados de la<\/p>\n","protected":false},"author":3,"featured_media":8965,"comment_status":"closed","ping_status":"closed","sticky":false,"template":"","format":"standard","meta":{"_acf_changed":false,"_seopress_robots_primary_cat":"","_seopress_titles_title":"","_seopress_titles_desc":"","_seopress_robots_index":"","colormag_page_container_layout":"default_layout","colormag_page_sidebar_layout":"default_layout","footnotes":""},"categories":[1],"tags":[],"class_list":["post-8964","post","type-post","status-publish","format-standard","has-post-thumbnail","hentry","category-destacadas"],"acf":[],"_links":{"self":[{"href":"https:\/\/vocesparalelas.com.ar\/sitio\/wp-json\/wp\/v2\/posts\/8964","targetHints":{"allow":["GET"]}}],"collection":[{"href":"https:\/\/vocesparalelas.com.ar\/sitio\/wp-json\/wp\/v2\/posts"}],"about":[{"href":"https:\/\/vocesparalelas.com.ar\/sitio\/wp-json\/wp\/v2\/types\/post"}],"author":[{"embeddable":true,"href":"https:\/\/vocesparalelas.com.ar\/sitio\/wp-json\/wp\/v2\/users\/3"}],"replies":[{"embeddable":true,"href":"https:\/\/vocesparalelas.com.ar\/sitio\/wp-json\/wp\/v2\/comments?post=8964"}],"version-history":[{"count":0,"href":"https:\/\/vocesparalelas.com.ar\/sitio\/wp-json\/wp\/v2\/posts\/8964\/revisions"}],"wp:featuredmedia":[{"embeddable":true,"href":"https:\/\/vocesparalelas.com.ar\/sitio\/wp-json\/wp\/v2\/media\/8965"}],"wp:attachment":[{"href":"https:\/\/vocesparalelas.com.ar\/sitio\/wp-json\/wp\/v2\/media?parent=8964"}],"wp:term":[{"taxonomy":"category","embeddable":true,"href":"https:\/\/vocesparalelas.com.ar\/sitio\/wp-json\/wp\/v2\/categories?post=8964"},{"taxonomy":"post_tag","embeddable":true,"href":"https:\/\/vocesparalelas.com.ar\/sitio\/wp-json\/wp\/v2\/tags?post=8964"}],"curies":[{"name":"wp","href":"https:\/\/api.w.org\/{rel}","templated":true}]}}