{"id":89635,"date":"2025-08-06T22:49:11","date_gmt":"2025-08-07T01:49:11","guid":{"rendered":"https:\/\/vocesparalelas.com.ar\/sitio\/?p=89635"},"modified":"2025-08-07T22:46:04","modified_gmt":"2025-08-08T01:46:04","slug":"el-orgullo-de-formar-parte-de-la-escuela-agrotecnica-cornelio-saavedra-departamento-iglesia-de-san-juan","status":"publish","type":"post","link":"https:\/\/vocesparalelas.com.ar\/sitio\/el-orgullo-de-formar-parte-de-la-escuela-agrotecnica-cornelio-saavedra-departamento-iglesia-de-san-juan\/","title":{"rendered":"El orgullo de formar parte de la Escuela Agrot\u00e9cnica Cornelio Saavedra, Departamento Iglesia de San Juan"},"content":{"rendered":"<p>La Direcci\u00f3n de Educaci\u00f3n T\u00e9cnica y Formaci\u00f3n Profesional del Ministerio de Educaci\u00f3n del Gobierno de San Juan organiz\u00f3 y desarroll\u00f3 el II Encuentro Provincial de Escuelas Agrot\u00e9cnicas y Agroindustriales \u00a0\u201cLa educaci\u00f3n agropecuaria, el sue\u00f1o de Sarmiento\u201d, una propuesta que combin\u00f3 educaci\u00f3n, producci\u00f3n e innovaci\u00f3n en un solo espacio, en el anexo de la Escuela de Enolog\u00eda, predio donde habitualmente se realizan la parte pr\u00e1ctica de los alumnos con la gu\u00eda de sus docentes.<\/p>\n<p><img loading=\"lazy\" decoding=\"async\" class=\"alignnone size-full wp-image-89616\" src=\"https:\/\/vocesparalelas.com.ar\/sitio\/wp-content\/uploads\/2025\/08\/AGROTECNICA-ENOLOGIA-04.jpg\" alt=\"\" width=\"800\" height=\"533\" srcset=\"https:\/\/vocesparalelas.com.ar\/sitio\/wp-content\/uploads\/2025\/08\/AGROTECNICA-ENOLOGIA-04.jpg 800w, https:\/\/vocesparalelas.com.ar\/sitio\/wp-content\/uploads\/2025\/08\/AGROTECNICA-ENOLOGIA-04-300x200.jpg 300w, https:\/\/vocesparalelas.com.ar\/sitio\/wp-content\/uploads\/2025\/08\/AGROTECNICA-ENOLOGIA-04-768x512.jpg 768w\" sizes=\"auto, (max-width: 800px) 100vw, 800px\" \/><\/p>\n<p><span style=\"color: #ff6600;\"><strong>Escuelas participantes<\/strong><\/span><\/p>\n<p><span style=\"color: #ff6600;\"><strong>Gesti\u00f3n estatal<\/strong><\/span><\/p>\n<ul>\n<li>Departamento Rawson: Agrot\u00e9cnica Los Pioneros<\/li>\n<li>Departamento Capital: Escuela de Fruticultura y Enolog\u00eda<\/li>\n<li>Departamento Caucete: Agrot\u00e9cnica Gonzalo Doblas<\/li>\n<li>Departamento J\u00e1chal: Agrot\u00e9cnica de Huaco<\/li>\n<li>Departamento J\u00e1chal: Agroindustrial Monse\u00f1or Juan V. Cuello<\/li>\n<li>Departamento J\u00e1chal: Agrot\u00e9cnica Manuel Belgrano<\/li>\n<li>Departamento 25 De Mayo: Agroindustrial 25 de Mayo<\/li>\n<li>Departamento Zonda: Agrot\u00e9cnica de Zonda<\/li>\n<li>Departamento Iglesia: Agrot\u00e9cnica Cornelio Saavedra<\/li>\n<li>Departamento Sarmiento: Agrot\u00e9cnica Sarmiento<\/li>\n<li>Departamento Valle F\u00e9rtil: Agrot\u00e9cnica Ej\u00e9rcito Argentino<\/li>\n<li>Departamento 9 de Julio: Agrot\u00e9cnica Ana P\u00e9rez Ciani<\/li>\n<\/ul>\n<p><span style=\"color: #ff6600;\"><strong>Gesti\u00f3n privada<\/strong><\/span><\/p>\n<ul>\n<li>Departamento Calingasta: Colegio Jes\u00fas de la Buena Esperanza<\/li>\n<li>Departamento San Mart\u00edn: Parroquial San Juan Bosco<\/li>\n<\/ul>\n<p>En el recorrido de Voces Paralelas se cruz\u00f3 con alumnos y docentes que apuestan a la Educaci\u00f3n T\u00e9cnica espec\u00edficamente Agrot\u00e9cnicas y Agroindustriales de San Juan. Por ello muestra el trabajo de formaci\u00f3n de los alumnos de la Escuela Agrot\u00e9cnica Cornelio Saavedra, del Departamento Iglesia y que forma parte a la Zona Alejada,<\/p>\n<p>En este contexto, el equipo de exposici\u00f3n integrada por la alumna Luj\u00e1n Silva, a la Prof. Yamila Diaz, a la Prof. Gabriela Poblete\u00a0 y la Prof. Mercedes Morales, quienes explicaron el trabajo que desarrollan para el bienestar de sus alumnos.<\/p>\n<p>Entonces, la alumna Luj\u00e1n Silva subray\u00f3 que est\u00e1 orgullosa de sus profesores y de la Escuela Agrot\u00e9cnica Cornelio Saavedra que le permite aprender para su futuro y dentro del departamento Iglesia donde vivie con su familia.<\/p>\n<p><iframe loading=\"lazy\" title=\"LUJ\u00c1N \" width=\"800\" height=\"450\" src=\"https:\/\/www.youtube.com\/embed\/qhqjKW2BqZY?feature=oembed\" frameborder=\"0\" allow=\"accelerometer; autoplay; clipboard-write; encrypted-media; gyroscope; picture-in-picture; web-share\" referrerpolicy=\"strict-origin-when-cross-origin\" allowfullscreen><\/iframe><\/p>\n<p>Posteriormente, las Prof. Yamila Diaz, a la Prof. Gabriela Poblete\u00a0 y la Prof. Mercedes Morales, expresaron el gran desaf\u00edo de ense\u00f1ar cuando fueron ex alumnas de la instituci\u00f3n educativa y que tuvieron la oportunidad de transmitir lo que le transmitieron sus docentes en su \u00e9poca.<\/p>\n<p><iframe loading=\"lazy\" title=\"IGLESIAS \" width=\"800\" height=\"450\" src=\"https:\/\/www.youtube.com\/embed\/YBpJfCErkZk?feature=oembed\" frameborder=\"0\" allow=\"accelerometer; autoplay; clipboard-write; encrypted-media; gyroscope; picture-in-picture; web-share\" referrerpolicy=\"strict-origin-when-cross-origin\" allowfullscreen><\/iframe><\/p>\n<p>Lo importante de estos encuentros permiten mostrar los trabajos de los alumnos mirando el futuro laboral de cada uno de ellos cuando son actividades que se van perdiendo pero ellas se encargan de reanimarlas para que no se pierdan en el tiempo.<\/p>\n<p><img loading=\"lazy\" decoding=\"async\" class=\"alignnone size-full wp-image-89616\" src=\"https:\/\/vocesparalelas.com.ar\/sitio\/wp-content\/uploads\/2025\/08\/AGROTECNICA-ENOLOGIA-04.jpg\" alt=\"\" width=\"800\" height=\"533\" srcset=\"https:\/\/vocesparalelas.com.ar\/sitio\/wp-content\/uploads\/2025\/08\/AGROTECNICA-ENOLOGIA-04.jpg 800w, https:\/\/vocesparalelas.com.ar\/sitio\/wp-content\/uploads\/2025\/08\/AGROTECNICA-ENOLOGIA-04-300x200.jpg 300w, https:\/\/vocesparalelas.com.ar\/sitio\/wp-content\/uploads\/2025\/08\/AGROTECNICA-ENOLOGIA-04-768x512.jpg 768w\" sizes=\"auto, (max-width: 800px) 100vw, 800px\" \/><\/p>\n","protected":false},"excerpt":{"rendered":"<p>La Direcci\u00f3n de Educaci\u00f3n T\u00e9cnica y Formaci\u00f3n Profesional del Ministerio de Educaci\u00f3n del Gobierno de San Juan organiz\u00f3 y desarroll\u00f3<\/p>\n","protected":false},"author":3,"featured_media":89612,"comment_status":"closed","ping_status":"closed","sticky":false,"template":"","format":"standard","meta":{"_acf_changed":false,"_seopress_robots_primary_cat":"none","_seopress_titles_title":"","_seopress_titles_desc":"","_seopress_robots_index":"","colormag_page_container_layout":"default_layout","colormag_page_sidebar_layout":"default_layout","footnotes":""},"categories":[10,7],"tags":[],"class_list":["post-89635","post","type-post","status-publish","format-standard","has-post-thumbnail","hentry","category-opiniones","category-videos"],"acf":[],"_links":{"self":[{"href":"https:\/\/vocesparalelas.com.ar\/sitio\/wp-json\/wp\/v2\/posts\/89635","targetHints":{"allow":["GET"]}}],"collection":[{"href":"https:\/\/vocesparalelas.com.ar\/sitio\/wp-json\/wp\/v2\/posts"}],"about":[{"href":"https:\/\/vocesparalelas.com.ar\/sitio\/wp-json\/wp\/v2\/types\/post"}],"author":[{"embeddable":true,"href":"https:\/\/vocesparalelas.com.ar\/sitio\/wp-json\/wp\/v2\/users\/3"}],"replies":[{"embeddable":true,"href":"https:\/\/vocesparalelas.com.ar\/sitio\/wp-json\/wp\/v2\/comments?post=89635"}],"version-history":[{"count":1,"href":"https:\/\/vocesparalelas.com.ar\/sitio\/wp-json\/wp\/v2\/posts\/89635\/revisions"}],"predecessor-version":[{"id":89638,"href":"https:\/\/vocesparalelas.com.ar\/sitio\/wp-json\/wp\/v2\/posts\/89635\/revisions\/89638"}],"wp:featuredmedia":[{"embeddable":true,"href":"https:\/\/vocesparalelas.com.ar\/sitio\/wp-json\/wp\/v2\/media\/89612"}],"wp:attachment":[{"href":"https:\/\/vocesparalelas.com.ar\/sitio\/wp-json\/wp\/v2\/media?parent=89635"}],"wp:term":[{"taxonomy":"category","embeddable":true,"href":"https:\/\/vocesparalelas.com.ar\/sitio\/wp-json\/wp\/v2\/categories?post=89635"},{"taxonomy":"post_tag","embeddable":true,"href":"https:\/\/vocesparalelas.com.ar\/sitio\/wp-json\/wp\/v2\/tags?post=89635"}],"curies":[{"name":"wp","href":"https:\/\/api.w.org\/{rel}","templated":true}]}}