{"id":8959,"date":"2018-01-02T20:37:04","date_gmt":"2018-01-02T23:37:04","guid":{"rendered":"http:\/\/vocesparalelas.com.ar\/sitio\/?p=8959"},"modified":"2018-01-02T20:37:04","modified_gmt":"2018-01-02T23:37:04","slug":"comenzaron-las-colonias-de-verano-2018","status":"publish","type":"post","link":"https:\/\/vocesparalelas.com.ar\/sitio\/comenzaron-las-colonias-de-verano-2018\/","title":{"rendered":"Comenzaron las Colonias de Verano 2018"},"content":{"rendered":"<p>El vicegobernador en ejercicio del Poder Ejecutivo de la provincia de San Juan, Dr. Marcelo Lima presidi\u00f3 el acto de inicio de las Colonias de Verano 2018, en el departamento Angaco, en el Plideportivo Municipal.<\/p>\n<p>Estas Colonias se distribuyen en 82 sedes en los 19 departamentos, que dse desarrollan desde el Martes a Viernes hasta la primera quincena de Febrero, organizadas por el Ministerio de Desarrollo Humano y Promoci\u00f3n Social.<\/p>\n<p><img loading=\"lazy\" decoding=\"async\" class=\"alignnone size-medium wp-image-8960\" src=\"https:\/\/vocesparalelas.com.ar\/sitio\/wp-content\/uploads\/2018\/01\/COLONIAS-01-300x188.jpg\" alt=\"\" width=\"300\" height=\"188\" srcset=\"https:\/\/vocesparalelas.com.ar\/sitio\/wp-content\/uploads\/2018\/01\/COLONIAS-01-300x188.jpg 300w, https:\/\/vocesparalelas.com.ar\/sitio\/wp-content\/uploads\/2018\/01\/COLONIAS-01-768x481.jpg 768w, https:\/\/vocesparalelas.com.ar\/sitio\/wp-content\/uploads\/2018\/01\/COLONIAS-01-800x501.jpg 800w, https:\/\/vocesparalelas.com.ar\/sitio\/wp-content\/uploads\/2018\/01\/COLONIAS-01.jpg 1024w\" sizes=\"auto, (max-width: 300px) 100vw, 300px\" \/> <img loading=\"lazy\" decoding=\"async\" class=\"alignnone size-medium wp-image-8962\" src=\"https:\/\/vocesparalelas.com.ar\/sitio\/wp-content\/uploads\/2018\/01\/COLONIAS-03-300x185.jpg\" alt=\"\" width=\"300\" height=\"185\" srcset=\"https:\/\/vocesparalelas.com.ar\/sitio\/wp-content\/uploads\/2018\/01\/COLONIAS-03-300x185.jpg 300w, https:\/\/vocesparalelas.com.ar\/sitio\/wp-content\/uploads\/2018\/01\/COLONIAS-03-768x474.jpg 768w, https:\/\/vocesparalelas.com.ar\/sitio\/wp-content\/uploads\/2018\/01\/COLONIAS-03-800x494.jpg 800w, https:\/\/vocesparalelas.com.ar\/sitio\/wp-content\/uploads\/2018\/01\/COLONIAS-03.jpg 1024w\" sizes=\"auto, (max-width: 300px) 100vw, 300px\" \/><\/p>\n<p>En la oportunidad estuvieron presentes los diputados nacionales Walberto Allende y Graciela Caselles y el legislador provincial Carlos Maza Pez\u00e9; el ministro de Desarrollo Humano y Promoci\u00f3n Social, Armando S\u00e1nchez; el intendente municipal de Angaco, Jos\u00e9 Castro; concejales del departamento; representantes de las distintas \u00e1reas de la cartera de Desarrollo Humano.<\/p>\n<p>Mientras una gran cantidad de ni\u00f1os, adultos mayores y personas con discapacidad del departamento inscriptos en las colonias de verano bailaban y desplegaban distintas actividades al comp\u00e1s de la m\u00fasica, en primer t\u00e9rmino se dirigi\u00f3 a los presentes el intendente de Angaco, Jos\u00e9 Castro y luego hizo lo propio el ministro de Desarrollo Humano, Armando S\u00e1nchez, quien destac\u00f3 la trascendencia de las colonias de verano.<\/p>\n<p>Por ello, el Dr. Lima puntualiz\u00f3 la importancia de las Colonias de Verano que cada a\u00f1o incluye m\u00e1s participantes que disfrutan este espacio.<\/p>\n<p>Es importante, que se involucran profesores de Educaci\u00f3n F\u00edsica, aproximadamente cuatrocientos, nutricionistas, psic\u00f3logos, van a haber personas especializadas con una log\u00edstica muy bien planteada para atender 17 mil personas.<\/p>\n<p><iframe loading=\"lazy\" width=\"800\" height=\"450\" src=\"https:\/\/www.youtube.com\/embed\/S0W-fQuJ8pI?feature=oembed\" frameborder=\"0\" gesture=\"media\" allow=\"encrypted-media\" allowfullscreen><\/iframe><\/p>\n<p>&nbsp;<\/p>\n<p>&nbsp;<\/p>\n","protected":false},"excerpt":{"rendered":"<p>El vicegobernador en ejercicio del Poder Ejecutivo de la provincia de San Juan, Dr. Marcelo Lima presidi\u00f3 el acto de<\/p>\n","protected":false},"author":3,"featured_media":8960,"comment_status":"closed","ping_status":"closed","sticky":false,"template":"","format":"video","meta":{"_acf_changed":false,"_seopress_robots_primary_cat":"","_seopress_titles_title":"","_seopress_titles_desc":"","_seopress_robots_index":"","colormag_page_container_layout":"default_layout","colormag_page_sidebar_layout":"default_layout","footnotes":""},"categories":[1,7],"tags":[],"class_list":["post-8959","post","type-post","status-publish","format-video","has-post-thumbnail","hentry","category-destacadas","category-videos","post_format-post-format-video"],"acf":[],"_links":{"self":[{"href":"https:\/\/vocesparalelas.com.ar\/sitio\/wp-json\/wp\/v2\/posts\/8959","targetHints":{"allow":["GET"]}}],"collection":[{"href":"https:\/\/vocesparalelas.com.ar\/sitio\/wp-json\/wp\/v2\/posts"}],"about":[{"href":"https:\/\/vocesparalelas.com.ar\/sitio\/wp-json\/wp\/v2\/types\/post"}],"author":[{"embeddable":true,"href":"https:\/\/vocesparalelas.com.ar\/sitio\/wp-json\/wp\/v2\/users\/3"}],"replies":[{"embeddable":true,"href":"https:\/\/vocesparalelas.com.ar\/sitio\/wp-json\/wp\/v2\/comments?post=8959"}],"version-history":[{"count":0,"href":"https:\/\/vocesparalelas.com.ar\/sitio\/wp-json\/wp\/v2\/posts\/8959\/revisions"}],"wp:featuredmedia":[{"embeddable":true,"href":"https:\/\/vocesparalelas.com.ar\/sitio\/wp-json\/wp\/v2\/media\/8960"}],"wp:attachment":[{"href":"https:\/\/vocesparalelas.com.ar\/sitio\/wp-json\/wp\/v2\/media?parent=8959"}],"wp:term":[{"taxonomy":"category","embeddable":true,"href":"https:\/\/vocesparalelas.com.ar\/sitio\/wp-json\/wp\/v2\/categories?post=8959"},{"taxonomy":"post_tag","embeddable":true,"href":"https:\/\/vocesparalelas.com.ar\/sitio\/wp-json\/wp\/v2\/tags?post=8959"}],"curies":[{"name":"wp","href":"https:\/\/api.w.org\/{rel}","templated":true}]}}