{"id":89583,"date":"2025-08-05T20:06:26","date_gmt":"2025-08-05T23:06:26","guid":{"rendered":"https:\/\/vocesparalelas.com.ar\/sitio\/?p=89583"},"modified":"2025-08-08T22:27:45","modified_gmt":"2025-08-09T01:27:45","slug":"exitosa-escuela-de-oficios-de-rivadavia-en-san-juan","status":"publish","type":"post","link":"https:\/\/vocesparalelas.com.ar\/sitio\/exitosa-escuela-de-oficios-de-rivadavia-en-san-juan\/","title":{"rendered":"Exitosa Escuela de Oficios de Rivadavia en San Juan"},"content":{"rendered":"<p>La Municipalidad de la Ciudad de Rivadavia organiz\u00f3 y realiz\u00f3 la inscripci\u00f3n para formar parte de la Escuela de Oficio en el marco del programa \u00abRivadavia Capacita.<\/p>\n<p>Por ello, Voces Paralelas desarroll\u00f3 una entrevista period\u00edstica al\u00a0Director de Educaci\u00f3n, Empleo y Juventud Municipal, Franco Pe\u00f1aloza, quien describi\u00f3 la posibilidad de los vecinos adquirir del conocimiento del oficio que eligen. la convocatoria satur\u00f3 las expectativas porque lleg\u00f3 mucha gente interesada en sumarse a la propuesta.<\/p>\n<p><iframe loading=\"lazy\" title=\"RIVADAVIA ESCUELA OFICIO FRANCO PE\u00d1ALOZA\" width=\"800\" height=\"450\" src=\"https:\/\/www.youtube.com\/embed\/P1R71NQ5LXg?feature=oembed\" frameborder=\"0\" allow=\"accelerometer; autoplay; clipboard-write; encrypted-media; gyroscope; picture-in-picture; web-share\" referrerpolicy=\"strict-origin-when-cross-origin\" allowfullscreen><\/iframe><\/p>\n<p>Adem\u00e1s, al finalizar la capacitaci\u00f3n los alumnos hacen una devoluci\u00f3n solidaria por ejemplo los que conforman el curso de pasteler\u00eda se unen para hacer tortas o facturas para agasajar a los ni\u00f1os en la Jura de la Bandera Argentina o par el D\u00eda del ni\u00f1o o para el egreso de los alumnos de distas escuelas del departamento. La municipalidad les entrega los ingredientes y ellos preparan las tortas y es como una devoluci\u00f3n solidaria. los cursos de oficio son gratuitas y se dictan en la Escuela Provincia de Salta o en otros lugares de acuerdo a las caracter\u00edsticas del mismo.<\/p>\n<p>&nbsp;<\/p>\n<p><iframe loading=\"lazy\" title=\"RIVADAVIA ESCUELA OFICIOS FRANCO PE\u00d1ALOZA \" width=\"800\" height=\"450\" src=\"https:\/\/www.youtube.com\/embed\/PD_YaHfI_9w?feature=oembed\" frameborder=\"0\" allow=\"accelerometer; autoplay; clipboard-write; encrypted-media; gyroscope; picture-in-picture; web-share\" referrerpolicy=\"strict-origin-when-cross-origin\" allowfullscreen><\/iframe><\/p>\n<p>&nbsp;<\/p>\n<p><img loading=\"lazy\" decoding=\"async\" class=\"alignnone size-full wp-image-66896\" src=\"https:\/\/vocesparalelas.com.ar\/sitio\/wp-content\/uploads\/2023\/12\/RIVADAVIA-LOGO-NUEVO.jpg\" alt=\"\" width=\"800\" height=\"533\" srcset=\"https:\/\/vocesparalelas.com.ar\/sitio\/wp-content\/uploads\/2023\/12\/RIVADAVIA-LOGO-NUEVO.jpg 800w, https:\/\/vocesparalelas.com.ar\/sitio\/wp-content\/uploads\/2023\/12\/RIVADAVIA-LOGO-NUEVO-300x200.jpg 300w, https:\/\/vocesparalelas.com.ar\/sitio\/wp-content\/uploads\/2023\/12\/RIVADAVIA-LOGO-NUEVO-768x512.jpg 768w\" sizes=\"auto, (max-width: 800px) 100vw, 800px\" \/><\/p>\n","protected":false},"excerpt":{"rendered":"<p>La Municipalidad de la Ciudad de Rivadavia organiz\u00f3 y realiz\u00f3 la inscripci\u00f3n para formar parte de la Escuela de Oficio<\/p>\n","protected":false},"author":3,"featured_media":89586,"comment_status":"closed","ping_status":"closed","sticky":false,"template":"","format":"standard","meta":{"_acf_changed":false,"_seopress_robots_primary_cat":"none","_seopress_titles_title":"","_seopress_titles_desc":"","_seopress_robots_index":"","colormag_page_container_layout":"default_layout","colormag_page_sidebar_layout":"default_layout","footnotes":""},"categories":[9,7],"tags":[],"class_list":["post-89583","post","type-post","status-publish","format-standard","has-post-thumbnail","hentry","category-cursos","category-videos"],"acf":[],"_links":{"self":[{"href":"https:\/\/vocesparalelas.com.ar\/sitio\/wp-json\/wp\/v2\/posts\/89583","targetHints":{"allow":["GET"]}}],"collection":[{"href":"https:\/\/vocesparalelas.com.ar\/sitio\/wp-json\/wp\/v2\/posts"}],"about":[{"href":"https:\/\/vocesparalelas.com.ar\/sitio\/wp-json\/wp\/v2\/types\/post"}],"author":[{"embeddable":true,"href":"https:\/\/vocesparalelas.com.ar\/sitio\/wp-json\/wp\/v2\/users\/3"}],"replies":[{"embeddable":true,"href":"https:\/\/vocesparalelas.com.ar\/sitio\/wp-json\/wp\/v2\/comments?post=89583"}],"version-history":[{"count":1,"href":"https:\/\/vocesparalelas.com.ar\/sitio\/wp-json\/wp\/v2\/posts\/89583\/revisions"}],"predecessor-version":[{"id":89587,"href":"https:\/\/vocesparalelas.com.ar\/sitio\/wp-json\/wp\/v2\/posts\/89583\/revisions\/89587"}],"wp:featuredmedia":[{"embeddable":true,"href":"https:\/\/vocesparalelas.com.ar\/sitio\/wp-json\/wp\/v2\/media\/89586"}],"wp:attachment":[{"href":"https:\/\/vocesparalelas.com.ar\/sitio\/wp-json\/wp\/v2\/media?parent=89583"}],"wp:term":[{"taxonomy":"category","embeddable":true,"href":"https:\/\/vocesparalelas.com.ar\/sitio\/wp-json\/wp\/v2\/categories?post=89583"},{"taxonomy":"post_tag","embeddable":true,"href":"https:\/\/vocesparalelas.com.ar\/sitio\/wp-json\/wp\/v2\/tags?post=89583"}],"curies":[{"name":"wp","href":"https:\/\/api.w.org\/{rel}","templated":true}]}}