{"id":89577,"date":"2025-08-05T23:37:06","date_gmt":"2025-08-06T02:37:06","guid":{"rendered":"https:\/\/vocesparalelas.com.ar\/sitio\/?p=89577"},"modified":"2025-08-07T02:16:53","modified_gmt":"2025-08-07T05:16:53","slug":"jornada-con-cabalgata-infantil-jineteada-y-espectaculos-gratuitos-en-rivadavia","status":"publish","type":"post","link":"https:\/\/vocesparalelas.com.ar\/sitio\/jornada-con-cabalgata-infantil-jineteada-y-espectaculos-gratuitos-en-rivadavia\/","title":{"rendered":"Jornada con cabalgata infantil, jineteada y espect\u00e1culos gratuitos en Rivadavia"},"content":{"rendered":"<p>En el marco del 117\u00b0 aniversario del Departamento de Rivadavia, en San Juan, el Domingo, 31 de Agosto, desde las 10 hs.; en el predio del Centro Tradicionalista El Mangrullo vive una Jornada a pura tradici\u00f3n y folclore con la Cabalgata Infantil y Jineteada, organizada en conjunto por la Municipalidad de la Ciudad de Rivadavia y la Federaci\u00f3n Gaucha Sanjuanina.<\/p>\n<p>El anuncio fue realizado por el intendente Sergio Miodowsky, acompa\u00f1ado por representantes de la federaci\u00f3n, funcionarios municipales y concejales. El evento incluye actividades para la familia, con entrada libre y gratuita.<\/p>\n<p>En este contexto, el intendente de la Municipalidad de la Ciudad de Rivadavia, Sergio Miodowsky explic\u00f3 que \u00abes un trabajo conjunto con la Federaci\u00f3n. Cre\u00edamos necesario poder realizar esto tan lindo en nuestro departamento, para que esas tradiciones tan valiosas no se pierdan\u201d.<\/p>\n<p><iframe loading=\"lazy\" title=\"RIVADAVIA INTENDENTE SERGIO MIODOWSKY \" width=\"800\" height=\"450\" src=\"https:\/\/www.youtube.com\/embed\/HLSgnPm2rns?feature=oembed\" frameborder=\"0\" allow=\"accelerometer; autoplay; clipboard-write; encrypted-media; gyroscope; picture-in-picture; web-share\" referrerpolicy=\"strict-origin-when-cross-origin\" allowfullscreen><\/iframe><\/p>\n<p>La jornada comienza a las 10 hs.; con la concentraci\u00f3n en la Zona Oeste del polideportivo Marcelino Quiroga, desde donde parte la cabalgata con ni\u00f1os montando sus caballos, acompa\u00f1ados por adultos y supervisados por el equipo de la Federaci\u00f3n Gaucha Sanjuanina.<\/p>\n<p>Luego, el secretario de Organizaci\u00f3n de la Federaci\u00f3n Gaucha Sanjuanina, Ariel Caik destac\u00f3 que \u00abvamos a recorrer las calles del departamento y terminar en el predio del Centro Tradicionalista El Mangrullo, en Marquesado, donde se realizar\u00e1n jineteadas, destrezas criollas, juegos y un espect\u00e1culo art\u00edstico de renombre\u201d,<\/p>\n<p>Se invita a las familias disfrutar de una verdadera fiesta con esp\u00edritu tradicionalista y premios<\/p>\n<p>Alrededor de las 11:30, los participantes arriban al predio del Centro Tradicionalista El Mangrullo, en Marquesado, donde se desarrolla una gran jornada con jineteadas, destrezas criollas, juegos infantiles y un espect\u00e1culo art\u00edstico de renombre.<\/p>\n<p><img loading=\"lazy\" decoding=\"async\" class=\"alignnone size-full wp-image-89581\" src=\"https:\/\/vocesparalelas.com.ar\/sitio\/wp-content\/uploads\/2025\/08\/RIVADAVIA-JUNETES-02.jpg\" alt=\"\" width=\"800\" height=\"533\" srcset=\"https:\/\/vocesparalelas.com.ar\/sitio\/wp-content\/uploads\/2025\/08\/RIVADAVIA-JUNETES-02.jpg 800w, https:\/\/vocesparalelas.com.ar\/sitio\/wp-content\/uploads\/2025\/08\/RIVADAVIA-JUNETES-02-300x200.jpg 300w, https:\/\/vocesparalelas.com.ar\/sitio\/wp-content\/uploads\/2025\/08\/RIVADAVIA-JUNETES-02-768x512.jpg 768w\" sizes=\"auto, (max-width: 800px) 100vw, 800px\" \/><\/p>\n<p><strong><span style=\"color: #ff6600;\">El evento incluye<\/span><\/strong><\/p>\n<ul>\n<li>Jineteada de petisos<\/li>\n<li>Destrezas libres<\/li>\n<li>Carreras por el campeonato de la Federaci\u00f3n Gaucha Sanjuanina<\/li>\n<li>Minicampeonato por agrupaciones<\/li>\n<li>Encuentro de tropillas<\/li>\n<\/ul>\n<p>Se reparten $1.500.000 en premios por categor\u00eda Clina, Grupa y Basto, lo que convierte al festival en uno de los m\u00e1s destacados del calendario tradicionalista provincial.<\/p>\n<p>&nbsp;<\/p>\n<p><img loading=\"lazy\" decoding=\"async\" class=\"alignnone size-full wp-image-66896\" src=\"https:\/\/vocesparalelas.com.ar\/sitio\/wp-content\/uploads\/2023\/12\/RIVADAVIA-LOGO-NUEVO.jpg\" alt=\"\" width=\"800\" height=\"533\" srcset=\"https:\/\/vocesparalelas.com.ar\/sitio\/wp-content\/uploads\/2023\/12\/RIVADAVIA-LOGO-NUEVO.jpg 800w, https:\/\/vocesparalelas.com.ar\/sitio\/wp-content\/uploads\/2023\/12\/RIVADAVIA-LOGO-NUEVO-300x200.jpg 300w, https:\/\/vocesparalelas.com.ar\/sitio\/wp-content\/uploads\/2023\/12\/RIVADAVIA-LOGO-NUEVO-768x512.jpg 768w\" sizes=\"auto, (max-width: 800px) 100vw, 800px\" \/><\/p>\n<p>&nbsp;<\/p>\n","protected":false},"excerpt":{"rendered":"<p>En el marco del 117\u00b0 aniversario del Departamento de Rivadavia, en San Juan, el Domingo, 31 de Agosto, desde las<\/p>\n","protected":false},"author":3,"featured_media":89580,"comment_status":"closed","ping_status":"closed","sticky":false,"template":"","format":"standard","meta":{"_acf_changed":false,"_seopress_robots_primary_cat":"none","_seopress_titles_title":"","_seopress_titles_desc":"","_seopress_robots_index":"","colormag_page_container_layout":"default_layout","colormag_page_sidebar_layout":"default_layout","footnotes":""},"categories":[6,7],"tags":[],"class_list":["post-89577","post","type-post","status-publish","format-standard","has-post-thumbnail","hentry","category-eventos","category-videos"],"acf":[],"_links":{"self":[{"href":"https:\/\/vocesparalelas.com.ar\/sitio\/wp-json\/wp\/v2\/posts\/89577","targetHints":{"allow":["GET"]}}],"collection":[{"href":"https:\/\/vocesparalelas.com.ar\/sitio\/wp-json\/wp\/v2\/posts"}],"about":[{"href":"https:\/\/vocesparalelas.com.ar\/sitio\/wp-json\/wp\/v2\/types\/post"}],"author":[{"embeddable":true,"href":"https:\/\/vocesparalelas.com.ar\/sitio\/wp-json\/wp\/v2\/users\/3"}],"replies":[{"embeddable":true,"href":"https:\/\/vocesparalelas.com.ar\/sitio\/wp-json\/wp\/v2\/comments?post=89577"}],"version-history":[{"count":1,"href":"https:\/\/vocesparalelas.com.ar\/sitio\/wp-json\/wp\/v2\/posts\/89577\/revisions"}],"predecessor-version":[{"id":89582,"href":"https:\/\/vocesparalelas.com.ar\/sitio\/wp-json\/wp\/v2\/posts\/89577\/revisions\/89582"}],"wp:featuredmedia":[{"embeddable":true,"href":"https:\/\/vocesparalelas.com.ar\/sitio\/wp-json\/wp\/v2\/media\/89580"}],"wp:attachment":[{"href":"https:\/\/vocesparalelas.com.ar\/sitio\/wp-json\/wp\/v2\/media?parent=89577"}],"wp:term":[{"taxonomy":"category","embeddable":true,"href":"https:\/\/vocesparalelas.com.ar\/sitio\/wp-json\/wp\/v2\/categories?post=89577"},{"taxonomy":"post_tag","embeddable":true,"href":"https:\/\/vocesparalelas.com.ar\/sitio\/wp-json\/wp\/v2\/tags?post=89577"}],"curies":[{"name":"wp","href":"https:\/\/api.w.org\/{rel}","templated":true}]}}