{"id":89559,"date":"2025-08-05T18:52:00","date_gmt":"2025-08-05T21:52:00","guid":{"rendered":"https:\/\/vocesparalelas.com.ar\/sitio\/?p=89559"},"modified":"2025-08-05T18:52:00","modified_gmt":"2025-08-05T21:52:00","slug":"san-juan-se-ubico-entre-los-destinos-mas-elegidos-durante-las-vacaciones-de-invierno-2025","status":"publish","type":"post","link":"https:\/\/vocesparalelas.com.ar\/sitio\/san-juan-se-ubico-entre-los-destinos-mas-elegidos-durante-las-vacaciones-de-invierno-2025\/","title":{"rendered":"San Juan se ubic\u00f3 entre los destinos m\u00e1s elegidos durante las Vacaciones de Invierno 2025"},"content":{"rendered":"<p>Turismo en vacaciones: pese a la ca\u00edda nacional, San Juan se ubic\u00f3 entre los destinos m\u00e1s elegidos<br \/>\nInformes de la C\u00e1mara Argentina de Turismo y de la CAME confirmaron que, durante las vacaciones de invierno, el movimiento tur\u00edstico en el pa\u00eds cay\u00f3 en comparaci\u00f3n con 2024. Sin embargo, San Juan logr\u00f3 posicionarse entre las provincias m\u00e1s visitadas.<\/p>\n<p>A nivel nacional, la cantidad de turistas se redujo un 10,9% y el impacto econ\u00f3mico baj\u00f3 un 11,2% en t\u00e9rminos reales. En total, se registraron 4,3 millones de viajes, en un contexto marcado por menor poder adquisitivo, aumento de viajes al exterior y estad\u00edas m\u00e1s cortas. El gasto diario promedio fue de $89.236, un 4,8% m\u00e1s que el a\u00f1o pasado, pero con menor permanencia: de 4,1 d\u00edas en 2024 a 3,9 este a\u00f1o.<\/p>\n<p>Pese a este panorama, San Juan figur\u00f3 entre los destinos m\u00e1s elegidos junto a Cataratas del Iguaz\u00fa, Bariloche, Mendoza, Salta y la Quebrada de Humahuaca, entre otros. Seg\u00fan datos de ocupaci\u00f3n hotelera correspondientes a la semana del 21 de julio, la provincia registr\u00f3 un promedio general del 70%. Calingasta alcanz\u00f3 el 80%, el Gran San Juan un 75%, Iglesia 60%, Valle F\u00e9rtil 58% y J\u00e1chal 55%.<\/p>\n<p>El escalonamiento de las vacaciones escolares, que distribuy\u00f3 los recesos a lo largo de julio, permiti\u00f3 sostener el flujo tur\u00edstico y evitar la saturaci\u00f3n de rutas y alojamientos. A nivel nacional, este esquema favoreci\u00f3 que las provincias mantuvieran un movimiento constante, aunque no logr\u00f3 revertir la ca\u00edda general en la actividad.<\/p>\n<p><img loading=\"lazy\" decoding=\"async\" class=\"alignnone size-full wp-image-29343\" src=\"https:\/\/vocesparalelas.com.ar\/sitio\/wp-content\/uploads\/2020\/06\/PARADOR-PUNTA-NEGRA.jpg\" alt=\"\" width=\"800\" height=\"601\" srcset=\"https:\/\/vocesparalelas.com.ar\/sitio\/wp-content\/uploads\/2020\/06\/PARADOR-PUNTA-NEGRA.jpg 800w, https:\/\/vocesparalelas.com.ar\/sitio\/wp-content\/uploads\/2020\/06\/PARADOR-PUNTA-NEGRA-300x225.jpg 300w, https:\/\/vocesparalelas.com.ar\/sitio\/wp-content\/uploads\/2020\/06\/PARADOR-PUNTA-NEGRA-768x577.jpg 768w\" sizes=\"auto, (max-width: 800px) 100vw, 800px\" \/><\/p>\n<p>&nbsp;<\/p>\n","protected":false},"excerpt":{"rendered":"<p>Turismo en vacaciones: pese a la ca\u00edda nacional, San Juan se ubic\u00f3 entre los destinos m\u00e1s elegidos Informes de la<\/p>\n","protected":false},"author":3,"featured_media":24322,"comment_status":"closed","ping_status":"closed","sticky":false,"template":"","format":"standard","meta":{"_acf_changed":false,"_seopress_robots_primary_cat":"none","_seopress_titles_title":"","_seopress_titles_desc":"","_seopress_robots_index":"","colormag_page_container_layout":"default_layout","colormag_page_sidebar_layout":"default_layout","footnotes":""},"categories":[1],"tags":[],"class_list":["post-89559","post","type-post","status-publish","format-standard","has-post-thumbnail","hentry","category-destacadas"],"acf":[],"_links":{"self":[{"href":"https:\/\/vocesparalelas.com.ar\/sitio\/wp-json\/wp\/v2\/posts\/89559","targetHints":{"allow":["GET"]}}],"collection":[{"href":"https:\/\/vocesparalelas.com.ar\/sitio\/wp-json\/wp\/v2\/posts"}],"about":[{"href":"https:\/\/vocesparalelas.com.ar\/sitio\/wp-json\/wp\/v2\/types\/post"}],"author":[{"embeddable":true,"href":"https:\/\/vocesparalelas.com.ar\/sitio\/wp-json\/wp\/v2\/users\/3"}],"replies":[{"embeddable":true,"href":"https:\/\/vocesparalelas.com.ar\/sitio\/wp-json\/wp\/v2\/comments?post=89559"}],"version-history":[{"count":1,"href":"https:\/\/vocesparalelas.com.ar\/sitio\/wp-json\/wp\/v2\/posts\/89559\/revisions"}],"predecessor-version":[{"id":89562,"href":"https:\/\/vocesparalelas.com.ar\/sitio\/wp-json\/wp\/v2\/posts\/89559\/revisions\/89562"}],"wp:featuredmedia":[{"embeddable":true,"href":"https:\/\/vocesparalelas.com.ar\/sitio\/wp-json\/wp\/v2\/media\/24322"}],"wp:attachment":[{"href":"https:\/\/vocesparalelas.com.ar\/sitio\/wp-json\/wp\/v2\/media?parent=89559"}],"wp:term":[{"taxonomy":"category","embeddable":true,"href":"https:\/\/vocesparalelas.com.ar\/sitio\/wp-json\/wp\/v2\/categories?post=89559"},{"taxonomy":"post_tag","embeddable":true,"href":"https:\/\/vocesparalelas.com.ar\/sitio\/wp-json\/wp\/v2\/tags?post=89559"}],"curies":[{"name":"wp","href":"https:\/\/api.w.org\/{rel}","templated":true}]}}