{"id":89542,"date":"2025-08-04T20:32:18","date_gmt":"2025-08-04T23:32:18","guid":{"rendered":"https:\/\/vocesparalelas.com.ar\/sitio\/?p=89542"},"modified":"2025-08-06T00:08:42","modified_gmt":"2025-08-06T03:08:42","slug":"declaraciones-del-dr-rodolfo-colombo","status":"publish","type":"post","link":"https:\/\/vocesparalelas.com.ar\/sitio\/declaraciones-del-dr-rodolfo-colombo\/","title":{"rendered":"Declaraciones del Dr. Rodolfo Colombo"},"content":{"rendered":"<p>En San Juan presenta movimientos hacia las Elecciones 2025 para definir Diputados Nacionales y en Agosto los distintas voces pol\u00edticas deben presentar sus listas. Las mismas se desarrollan en Octubre de 2025.<\/p>\n<p>Por ello, los Periodistas San Juan desarroll\u00f3 una entrevista al referente Dr. Rodolfo Colombo, quien describi\u00f3 lo que est\u00e1 sucediendo en San Juan porque hay muchos partidos pero lo m\u00e1s importante es que en esta movida es reconocer lo que est\u00e1 fortaleciendo la gesti\u00f3n del Dr. Marcelo Orrego.<\/p>\n<p><iframe loading=\"lazy\" title=\"SAN JUAN DR. RODOLFO COLOMBO\" width=\"800\" height=\"450\" src=\"https:\/\/www.youtube.com\/embed\/6h5kRxYn9u4?feature=oembed\" frameborder=\"0\" allow=\"accelerometer; autoplay; clipboard-write; encrypted-media; gyroscope; picture-in-picture; web-share\" referrerpolicy=\"strict-origin-when-cross-origin\" allowfullscreen><\/iframe><\/p>\n<p>&nbsp;<\/p>\n","protected":false},"excerpt":{"rendered":"<p>En San Juan presenta movimientos hacia las Elecciones 2025 para definir Diputados Nacionales y en Agosto los distintas voces pol\u00edticas<\/p>\n","protected":false},"author":3,"featured_media":89545,"comment_status":"closed","ping_status":"closed","sticky":false,"template":"","format":"standard","meta":{"_acf_changed":false,"_seopress_robots_primary_cat":"none","_seopress_titles_title":"","_seopress_titles_desc":"","_seopress_robots_index":"","colormag_page_container_layout":"default_layout","colormag_page_sidebar_layout":"default_layout","footnotes":""},"categories":[10],"tags":[],"class_list":["post-89542","post","type-post","status-publish","format-standard","has-post-thumbnail","hentry","category-opiniones"],"acf":[],"_links":{"self":[{"href":"https:\/\/vocesparalelas.com.ar\/sitio\/wp-json\/wp\/v2\/posts\/89542","targetHints":{"allow":["GET"]}}],"collection":[{"href":"https:\/\/vocesparalelas.com.ar\/sitio\/wp-json\/wp\/v2\/posts"}],"about":[{"href":"https:\/\/vocesparalelas.com.ar\/sitio\/wp-json\/wp\/v2\/types\/post"}],"author":[{"embeddable":true,"href":"https:\/\/vocesparalelas.com.ar\/sitio\/wp-json\/wp\/v2\/users\/3"}],"replies":[{"embeddable":true,"href":"https:\/\/vocesparalelas.com.ar\/sitio\/wp-json\/wp\/v2\/comments?post=89542"}],"version-history":[{"count":1,"href":"https:\/\/vocesparalelas.com.ar\/sitio\/wp-json\/wp\/v2\/posts\/89542\/revisions"}],"predecessor-version":[{"id":89546,"href":"https:\/\/vocesparalelas.com.ar\/sitio\/wp-json\/wp\/v2\/posts\/89542\/revisions\/89546"}],"wp:featuredmedia":[{"embeddable":true,"href":"https:\/\/vocesparalelas.com.ar\/sitio\/wp-json\/wp\/v2\/media\/89545"}],"wp:attachment":[{"href":"https:\/\/vocesparalelas.com.ar\/sitio\/wp-json\/wp\/v2\/media?parent=89542"}],"wp:term":[{"taxonomy":"category","embeddable":true,"href":"https:\/\/vocesparalelas.com.ar\/sitio\/wp-json\/wp\/v2\/categories?post=89542"},{"taxonomy":"post_tag","embeddable":true,"href":"https:\/\/vocesparalelas.com.ar\/sitio\/wp-json\/wp\/v2\/tags?post=89542"}],"curies":[{"name":"wp","href":"https:\/\/api.w.org\/{rel}","templated":true}]}}