{"id":8948,"date":"2018-01-02T20:14:47","date_gmt":"2018-01-02T23:14:47","guid":{"rendered":"http:\/\/vocesparalelas.com.ar\/sitio\/?p=8948"},"modified":"2018-01-03T23:02:28","modified_gmt":"2018-01-04T02:02:28","slug":"inti-huama-con-tonos-de-recuerdos-y-agradecimiento-a-los-amigos","status":"publish","type":"post","link":"https:\/\/vocesparalelas.com.ar\/sitio\/inti-huama-con-tonos-de-recuerdos-y-agradecimiento-a-los-amigos\/","title":{"rendered":"INTI HUAMA con tonos de recuerdos y agradecimiento a los amigos"},"content":{"rendered":"<p>El 7 de Abril, sube al escenario del Teatro del Bicentenario el Conjunto Inti Huama con tonos de recuerdos y agradecimiento a los amigos en homenaje a los que ya no est\u00e1n y los que cosecharon en el camino art\u00edstico. Est\u00e1n para decir gracias a San Juan para cantar temas que son parte del repertorio cancionero de aquella \u00e9poca y que hicieron furor en todos los escenarios sanjuaninos, nacionales e internacionales.<\/p>\n<p>Sus voces van a trasmitir el sentir de esta tierra \u00e1rida, sus riquezas del coraz\u00f3n para envolverlos en los recuerdos de grandes hacedores del cancionero sanjuanino.<\/p>\n<p><strong>Una producci\u00f3n memoriosa de los Inti Huama en sus primeros L.P.<\/strong><\/p>\n<p>El primer disco que Inti Huama, Halc\u00f3n del Sol, lanz\u00f3 al mercado el L.P. \u201cPara Todos\u201d, conjunto integrado por:<\/p>\n<p><img loading=\"lazy\" decoding=\"async\" class=\"alignnone wp-image-8955\" src=\"https:\/\/vocesparalelas.com.ar\/sitio\/wp-content\/uploads\/2018\/01\/INTI-07-300x169.jpg\" alt=\"\" width=\"399\" height=\"225\" srcset=\"https:\/\/vocesparalelas.com.ar\/sitio\/wp-content\/uploads\/2018\/01\/INTI-07-300x169.jpg 300w, https:\/\/vocesparalelas.com.ar\/sitio\/wp-content\/uploads\/2018\/01\/INTI-07-768x432.jpg 768w, https:\/\/vocesparalelas.com.ar\/sitio\/wp-content\/uploads\/2018\/01\/INTI-07-800x450.jpg 800w, https:\/\/vocesparalelas.com.ar\/sitio\/wp-content\/uploads\/2018\/01\/INTI-07.jpg 1000w\" sizes=\"auto, (max-width: 399px) 100vw, 399px\" \/> <img loading=\"lazy\" decoding=\"async\" class=\"alignnone size-medium wp-image-8950\" src=\"https:\/\/vocesparalelas.com.ar\/sitio\/wp-content\/uploads\/2018\/01\/INTI-01-300x224.jpg\" alt=\"\" width=\"300\" height=\"224\" srcset=\"https:\/\/vocesparalelas.com.ar\/sitio\/wp-content\/uploads\/2018\/01\/INTI-01-300x224.jpg 300w, https:\/\/vocesparalelas.com.ar\/sitio\/wp-content\/uploads\/2018\/01\/INTI-01-768x572.jpg 768w, https:\/\/vocesparalelas.com.ar\/sitio\/wp-content\/uploads\/2018\/01\/INTI-01-800x596.jpg 800w, https:\/\/vocesparalelas.com.ar\/sitio\/wp-content\/uploads\/2018\/01\/INTI-01.jpg 1000w\" sizes=\"auto, (max-width: 300px) 100vw, 300px\" \/><\/p>\n<ul>\n<li>Mario Zaguirre: Tenor 2\u00ba Guitarra<\/li>\n<li>Juan Manuel Mas 1\u00ba Baritono 1\u00ba Guitarra<\/li>\n<li>Alfonso Velasco 2\u00ba Bar\u00edtono &#8211; Ritmo y Bajo<\/li>\n<\/ul>\n<p>El L. P. \u201cPara todos\u201d posee el Lado A y el Lado B cada uno con temas muy significativos de una trayectoria.<\/p>\n<p><img loading=\"lazy\" decoding=\"async\" class=\"alignnone size-medium wp-image-8952\" src=\"https:\/\/vocesparalelas.com.ar\/sitio\/wp-content\/uploads\/2018\/01\/INTI-03-300x277.jpg\" alt=\"\" width=\"300\" height=\"277\" srcset=\"https:\/\/vocesparalelas.com.ar\/sitio\/wp-content\/uploads\/2018\/01\/INTI-03-300x277.jpg 300w, https:\/\/vocesparalelas.com.ar\/sitio\/wp-content\/uploads\/2018\/01\/INTI-03-768x708.jpg 768w, https:\/\/vocesparalelas.com.ar\/sitio\/wp-content\/uploads\/2018\/01\/INTI-03-800x738.jpg 800w, https:\/\/vocesparalelas.com.ar\/sitio\/wp-content\/uploads\/2018\/01\/INTI-03.jpg 1000w\" sizes=\"auto, (max-width: 300px) 100vw, 300px\" \/> <img loading=\"lazy\" decoding=\"async\" class=\"alignnone wp-image-8957\" src=\"https:\/\/vocesparalelas.com.ar\/sitio\/wp-content\/uploads\/2018\/01\/INTI-05-300x265.jpg\" alt=\"\" width=\"312\" height=\"276\" srcset=\"https:\/\/vocesparalelas.com.ar\/sitio\/wp-content\/uploads\/2018\/01\/INTI-05-300x265.jpg 300w, https:\/\/vocesparalelas.com.ar\/sitio\/wp-content\/uploads\/2018\/01\/INTI-05-768x679.jpg 768w, https:\/\/vocesparalelas.com.ar\/sitio\/wp-content\/uploads\/2018\/01\/INTI-05-800x707.jpg 800w, https:\/\/vocesparalelas.com.ar\/sitio\/wp-content\/uploads\/2018\/01\/INTI-05.jpg 1000w\" sizes=\"auto, (max-width: 312px) 100vw, 312px\" \/><\/p>\n<p><strong>Lado A<\/strong><\/p>\n<ul>\n<li>Desde que no est\u00e1s Pap\u00e1; Mario Zaguirre \u2013 canci\u00f3n<\/li>\n<li>Patios de la Casa Vieja; Ram\u00f3n Navarro \u2013 Zamba<\/li>\n<li>La Pollerita; Sa\u00fal Quiroga \u2013 Cueca<\/li>\n<li>De all\u00e1 E Ite; Antonio Tarrago Ross \u2013 Chamam\u00e9<\/li>\n<li>Cantor de Oficio; Miguel A. Morelli \u2013 Canci\u00f3n<\/li>\n<\/ul>\n<p><strong>Lado B<\/strong><\/p>\n<ul>\n<li>Nostalgias de Provincia;\u00a0Alberto Rodr\u00edguez \u2013 Vals<\/li>\n<li>Regreso a la Tonada;\u00a0Adri\u00e1n Tejada G\u00f3mez &#8211; T. Francia \u2013 Tonada<\/li>\n<li>A Juan Vicente Moncho; Mario Zaguirre \u2013 Zamba<\/li>\n<li>De Cacharpaya; Chango Nieto y O. Valles \u2013 Cueca<\/li>\n<li>La Flor Azul; Gallo y Villar \u2013 Chacarera<\/li>\n<\/ul>\n<p><strong>Para Todos<\/strong><\/p>\n<p>\u00abHace casi exactamente diez a\u00f1os, en m\u00e9rito a una constante dedicaci\u00f3n y a una siempre necesaria cuota de suerte, nos toc\u00f3 vivir y disfrutar intensamente de la magia que para todo artista significa la aparici\u00f3n\u00a0 de su primera grabaci\u00f3n a nivel profesional, que no es otra cosa que el fruto de esa dedicaci\u00f3n no exenta de sacrificio y esfuerzo.<\/p>\n<p>Muchas esperanzas estaban cifradas en este L.P. Algunas se cristalizaron y otras no pero la m\u00e1s importante sin duda lograda plenamente, fue la cantidad de amigos que cosechamos a trav\u00e9s de \u00e9l y que han perdurado durante una d\u00e9cada a pesar del silencio en que Inti Huama, involuntariamente, se sumi\u00f3 durante cinco a\u00f1os.<\/p>\n<p>Por eso este nuevo L.P. est\u00e1 dedicado con todo nuestro sincero y profundo cari\u00f1o:<\/p>\n<p>\u201cPara Todos\u201d los viejos amigos que siguen estando a nuestro lado, para los que ya no est\u00e1n y para los nuevos que logremos cosechar a partir de ahora\u00bb.<\/p>\n<p style=\"text-align: right\">Para Todos<\/p>\n<p style=\"text-align: right\">Inti Huama<\/p>\n<ul>\n<li>Agradecemos la colaboraci\u00f3n de Pocoro Castro<\/li>\n<li>T\u00e9cnico de grabaci\u00f3n: Daniel Zanessi<\/li>\n<li>Corte de acetatos 8 Matriz): Arrigo Zanessi<\/li>\n<li>Dise\u00f1o de contratapa: In\u00e9s Lalanne de Velasco<\/li>\n<li>Grabado en los Estudios Zanessi, Mendoza, en el mes de Febrero de 1984<\/li>\n<\/ul>\n<p>El segundo disco que Inti Huama laz\u00f3 al mercado fue una producci\u00f3n destinada a los hacedores del cancionero cuyano, cuya prosodia escrita por Sa\u00fal Quiroga.<\/p>\n<p><img loading=\"lazy\" decoding=\"async\" class=\"alignnone size-medium wp-image-8953\" src=\"https:\/\/vocesparalelas.com.ar\/sitio\/wp-content\/uploads\/2018\/01\/INTI-06-300x263.jpg\" alt=\"\" width=\"300\" height=\"263\" srcset=\"https:\/\/vocesparalelas.com.ar\/sitio\/wp-content\/uploads\/2018\/01\/INTI-06-300x263.jpg 300w, https:\/\/vocesparalelas.com.ar\/sitio\/wp-content\/uploads\/2018\/01\/INTI-06-768x673.jpg 768w, https:\/\/vocesparalelas.com.ar\/sitio\/wp-content\/uploads\/2018\/01\/INTI-06-800x701.jpg 800w, https:\/\/vocesparalelas.com.ar\/sitio\/wp-content\/uploads\/2018\/01\/INTI-06.jpg 1000w\" sizes=\"auto, (max-width: 300px) 100vw, 300px\" \/> <img loading=\"lazy\" decoding=\"async\" class=\"alignnone size-medium wp-image-8951\" src=\"https:\/\/vocesparalelas.com.ar\/sitio\/wp-content\/uploads\/2018\/01\/INTI-02-300x261.jpg\" alt=\"\" width=\"300\" height=\"261\" srcset=\"https:\/\/vocesparalelas.com.ar\/sitio\/wp-content\/uploads\/2018\/01\/INTI-02-300x261.jpg 300w, https:\/\/vocesparalelas.com.ar\/sitio\/wp-content\/uploads\/2018\/01\/INTI-02-768x669.jpg 768w, https:\/\/vocesparalelas.com.ar\/sitio\/wp-content\/uploads\/2018\/01\/INTI-02-800x697.jpg 800w, https:\/\/vocesparalelas.com.ar\/sitio\/wp-content\/uploads\/2018\/01\/INTI-02.jpg 1000w\" sizes=\"auto, (max-width: 300px) 100vw, 300px\" \/><\/p>\n<p>\u201cDespu\u00e9s de la partida sin regreso de nuestro inolvidable Sa\u00fal Salinas, Buena Aventura Luna, Carlos M. Ocampo, D\u00fao Videla Flores, Agust\u00edn Cornejo, entre otros, dej\u00e1ndonos para siempre su cuota de indiscutible valor folkl\u00f3rico art\u00edstico y por sobre todo humano, San Juan se sumi\u00f3 en un largo sue\u00f1o de silencio y espera de m\u00fasica y canto. Pero no pod\u00eda durar demasiado, pues la \u00e1spera piel de nuestra tierra cantora, segu\u00eda viva en las entra\u00f1as de nuestra gente sanjuanina que la ama, que la vive y que la bebe en la sangre entradora de su vino. Y es as\u00ed que hoy en su bostezo definitivo de trinos, tonadas, cuecas, gatos y valses con sabor nuevo y olor a cosa guardada en el tiempo, se puebla el aire con la fresca y sincera voz de este tr\u00edo enamorado de las cosas que nos da esta tierra y este sol sanjuanino: Inti Huama es el nombre de este conjunto que viene empujando fuerte desde adentro \u00a0de este suelo que hoy florece en cantos netamente cuyanos para la consideraci\u00f3n de quienes, como argentinos, saben dar el justo valor a las cosas verdaderas y leg\u00edtimas\u201d.<\/p>\n<p style=\"text-align: right\">Sa\u00fal Quiroga<\/p>\n<p><strong>Lado 1<\/strong><\/p>\n<ul>\n<li>Cuando miran tus ojos (Vals) Cad\u00edcamo \u2013Aguilar<\/li>\n<li>El Marucho (Gato) H. Cuadros \u2013 Morales<\/li>\n<li>A Don Ra\u00fal Oro (Cueca) Sa\u00fal Quiroga<\/li>\n<li>Nochecitas de San Juan (Vals) F\u00e9lix Blanco<\/li>\n<li>Guitarra de Minero (Tonada) Aguado Castro<\/li>\n<li>Al Volver (Zamba) B. Bustos<\/li>\n<\/ul>\n<p><strong>Lado 2<\/strong><\/p>\n<ul>\n<li>As\u00ed es mi Rancho (Cueca) Sa\u00fal Quiroga<\/li>\n<li>Sangre Extranjera (Vals) Sa\u00fal Quiroga<\/li>\n<li>Entre Cuyanos (Gato) Arancibia \u2013Laborda<\/li>\n<li>Volverme con un cantor (Zamba) Mario Flores<\/li>\n<li>Cuequita Cordillerana (Cueca) Chango Rodr\u00edguez<\/li>\n<li>Zamba para mi Patria (Zamba) F\u00e9lix Luna \u2013 Ariel Ram\u00edrez<\/li>\n<\/ul>\n<p>Por ello, Voces Paralelas entrevist\u00f3 a Mario Zaguirre, un integrante del Conjunto Inti Huama.<\/p>\n<p><iframe loading=\"lazy\" width=\"800\" height=\"450\" src=\"https:\/\/www.youtube.com\/embed\/bOnxYdiphSQ?feature=oembed\" frameborder=\"0\" gesture=\"media\" allow=\"encrypted-media\" allowfullscreen><\/iframe><\/p>\n<p>&nbsp;<\/p>\n","protected":false},"excerpt":{"rendered":"<p>El 7 de Abril, sube al escenario del Teatro del Bicentenario el Conjunto Inti Huama con tonos de recuerdos y<\/p>\n","protected":false},"author":3,"featured_media":8949,"comment_status":"closed","ping_status":"closed","sticky":false,"template":"","format":"video","meta":{"_acf_changed":false,"_seopress_robots_primary_cat":"","_seopress_titles_title":"","_seopress_titles_desc":"","_seopress_robots_index":"","colormag_page_container_layout":"default_layout","colormag_page_sidebar_layout":"default_layout","footnotes":""},"categories":[20,7],"tags":[],"class_list":["post-8948","post","type-post","status-publish","format-video","has-post-thumbnail","hentry","category-cartelera","category-videos","post_format-post-format-video"],"acf":[],"_links":{"self":[{"href":"https:\/\/vocesparalelas.com.ar\/sitio\/wp-json\/wp\/v2\/posts\/8948","targetHints":{"allow":["GET"]}}],"collection":[{"href":"https:\/\/vocesparalelas.com.ar\/sitio\/wp-json\/wp\/v2\/posts"}],"about":[{"href":"https:\/\/vocesparalelas.com.ar\/sitio\/wp-json\/wp\/v2\/types\/post"}],"author":[{"embeddable":true,"href":"https:\/\/vocesparalelas.com.ar\/sitio\/wp-json\/wp\/v2\/users\/3"}],"replies":[{"embeddable":true,"href":"https:\/\/vocesparalelas.com.ar\/sitio\/wp-json\/wp\/v2\/comments?post=8948"}],"version-history":[{"count":0,"href":"https:\/\/vocesparalelas.com.ar\/sitio\/wp-json\/wp\/v2\/posts\/8948\/revisions"}],"wp:featuredmedia":[{"embeddable":true,"href":"https:\/\/vocesparalelas.com.ar\/sitio\/wp-json\/wp\/v2\/media\/8949"}],"wp:attachment":[{"href":"https:\/\/vocesparalelas.com.ar\/sitio\/wp-json\/wp\/v2\/media?parent=8948"}],"wp:term":[{"taxonomy":"category","embeddable":true,"href":"https:\/\/vocesparalelas.com.ar\/sitio\/wp-json\/wp\/v2\/categories?post=8948"},{"taxonomy":"post_tag","embeddable":true,"href":"https:\/\/vocesparalelas.com.ar\/sitio\/wp-json\/wp\/v2\/tags?post=8948"}],"curies":[{"name":"wp","href":"https:\/\/api.w.org\/{rel}","templated":true}]}}